{"id":550328,"date":"2026-06-22T04:25:23","date_gmt":"2026-06-22T04:25:23","guid":{"rendered":"https:\/\/www.europesays.com\/it\/550328\/"},"modified":"2026-06-22T04:25:23","modified_gmt":"2026-06-22T04:25:23","slug":"risiko-bancario-mps-tra-intesa-e-bpm-spunta-un-patto-lovaglio-castagna","status":"publish","type":"post","link":"https:\/\/www.europesays.com\/it\/550328\/","title":{"rendered":"Risiko bancario, Mps tra Intesa e Bpm. Spunta un patto Lovaglio-Castagna"},"content":{"rendered":"<p>Non sar\u00e0 il giorno delle scelte definitive ma gi\u00e0 domani, al termine del cda di <strong>Montepaschi<\/strong>, si capir\u00e0 qualcosa in pi\u00f9 sul nuovo round del <strong>risiko bancario<\/strong>. Sul tavolo i consiglieri dell\u2019istituto senese si troveranno non solo il dossier dell\u2019integrazione con Mediobanca ma, soprattutto, quelli dell\u2019offerta pubblica di acquisto e di scambio di <strong>Intesa Sanpaolo<\/strong>, formalizzata lo scorso 8 giugno di prima mattina, e la proposta di nozze alla pari contenuta in una lettera inviata il giorno prima da <strong>Banco Bpm<\/strong>. Una &#8220;lettera d\u2019amore&#8221;, come l\u2019ha definita l\u2019amministratore delegato di Intesa Sanpaolo, Carlo Messina. Ma anche la traccia sulla quale starebbero lavorando, in gran segreto, l\u2019ad di Mps, Luigi Lovaglio, e il suo pari grado in Bpm, Giuseppe Castagna.<\/p>\n<p>Ieri, fonti finanziarie hanno addirittura fatto rimbalzare la voce di un &#8220;accordo di riservatezza&#8221; fra i due banchieri per un vero e proprio negoziato a carte scoperte (due diligence) per valutare, cos\u00ec, le possibili nozze. Un passaggio obbligato per sterilizzare la cosiddetta &#8220;regola della passivit\u00e0&#8221; (passivity rule), che impone di sottoporre preventivamente all\u2019assemblea straordinaria degli azionisti qualsiasi azione difensiva nei confronti di un\u2019offerta pubblica. Ma la strada \u00e8 decisamente in salita.<\/p>\n<p>Sarebbe davvero difficile far passare un\u2019operazione straordinaria come la <strong>fusione<\/strong> senza chiedere il parere degli azionisti con un\u2019offerta pendente. Senza considerare, poi, la maggioranza risicata su cui Lovaglio pu\u00f2 contare all\u2019interno del cda.<\/p>\n<p>Perde quota, sempre secondo le voci circolate ieri in ambienti finanziari, l\u2019ipotesi di una possibile iniziativa congiunta tra Cr\u00e9dit Agricole e Banco Bpm finalizzata a contrastare l\u2019offerta lanciata da Intesa Sanpaolo su Banca Monte dei Paschi di Siena. L\u2019istituto francese starebbe mantenendo un atteggiamento particolarmente prudente rispetto agli sviluppi del risiko bancario italiano: atteggiamento, spiegano le fonti, che rientra un po\u2019 nelle tradizioni dell\u2019istituto anche al netto di un possibile incremento della quota di partecipazione in Banco Bpm fino alla soglia gi\u00e0 autorizzata dalle autorit\u00e0 competenti, cio\u00e8 il 29,9%. Sullo sfondo restano poi le mosse di Unicredit, impegnata sul versante tedesco nella scalata a Commerzbank ma pronta, secondo gli osservatori, a scendere in campo, puntando su Generali.<\/p>\n","protected":false},"excerpt":{"rendered":"Non sar\u00e0 il giorno delle scelte definitive ma gi\u00e0 domani, al termine del cda di Montepaschi, si capir\u00e0&hellip;\n","protected":false},"author":3,"featured_media":550329,"comment_status":"","ping_status":"","sticky":false,"template":"","format":"standard","meta":{"footnotes":"","_share_on_mastodon":"0"},"categories":[172],"tags":[178,42836,1408,177,5944,1537,90,89,303322,15129,7987,124628,29677],"class_list":["post-550328","post","type-post","status-publish","format-standard","has-post-thumbnail","category-affari","tag-affari","tag-bancario","tag-bpm","tag-business","tag-intesa","tag-it","tag-italia","tag-italy","tag-lovagliocastagna","tag-mps","tag-patto","tag-risiko","tag-spunta"],"share_on_mastodon":{"url":"https:\/\/pubeurope.com\/@it\/116791864700711633","error":""},"_links":{"self":[{"href":"https:\/\/www.europesays.com\/it\/wp-json\/wp\/v2\/posts\/550328","targetHints":{"allow":["GET"]}}],"collection":[{"href":"https:\/\/www.europesays.com\/it\/wp-json\/wp\/v2\/posts"}],"about":[{"href":"https:\/\/www.europesays.com\/it\/wp-json\/wp\/v2\/types\/post"}],"author":[{"embeddable":true,"href":"https:\/\/www.europesays.com\/it\/wp-json\/wp\/v2\/users\/3"}],"replies":[{"embeddable":true,"href":"https:\/\/www.europesays.com\/it\/wp-json\/wp\/v2\/comments?post=550328"}],"version-history":[{"count":0,"href":"https:\/\/www.europesays.com\/it\/wp-json\/wp\/v2\/posts\/550328\/revisions"}],"wp:featuredmedia":[{"embeddable":true,"href":"https:\/\/www.europesays.com\/it\/wp-json\/wp\/v2\/media\/550329"}],"wp:attachment":[{"href":"https:\/\/www.europesays.com\/it\/wp-json\/wp\/v2\/media?parent=550328"}],"wp:term":[{"taxonomy":"category","embeddable":true,"href":"https:\/\/www.europesays.com\/it\/wp-json\/wp\/v2\/categories?post=550328"},{"taxonomy":"post_tag","embeddable":true,"href":"https:\/\/www.europesays.com\/it\/wp-json\/wp\/v2\/tags?post=550328"}],"curies":[{"name":"wp","href":"https:\/\/api.w.org\/{rel}","templated":true}]}}