{"id":550485,"date":"2026-06-22T07:23:13","date_gmt":"2026-06-22T07:23:13","guid":{"rendered":"https:\/\/www.europesays.com\/it\/550485\/"},"modified":"2026-06-22T07:23:13","modified_gmt":"2026-06-22T07:23:13","slug":"portogallo-cresce-il-partito-anti-ronaldo-le-pressioni-sul-ct-martinez","status":"publish","type":"post","link":"https:\/\/www.europesays.com\/it\/550485\/","title":{"rendered":"Portogallo, cresce il partito anti Ronaldo. Le pressioni sul ct Martinez"},"content":{"rendered":"<p>                                Dopo il deludente pareggio contro il Congo DR, i lusitani cambieranno qualcosa nella formazione che affronter\u00e0 l&#8217;Uzbekistan di Cannavaro. E in molti vorrebbero l&#8217;esclusione del 41enne ex Juve e Real<\/p>\n<p>                    22 giugno &#8211; 08:33  &#8211; MIAMI (STATI UNITI)<\/p>\n<p class=\"paragraph\" spellcheck=\"true\">S\u00e9rgio Krithinas nella vita fa il direttore di Record, quotidiano portoghese che sposta le opinioni insieme a A Bola e O Jogo. Nelle ultime ore, Krithinas ha invitato Roberto Martinez a \u201csmetterla di fare il bravo ragazzo e prendere una decisione che coster\u00e0 cara a qualcuno di grande prestigio\u201d. Roberto Martinez \u00e8 il commissario tecnico del <a href=\"https:\/\/www.gazzetta.it\/Calcio\/Serie-A\/Milan\/storie\/21-06-2026\/milan-mondiali-flop-rossoneri\/\" title=\"Panchine, errori e infortuni: il Milan non funziona nemmeno al Mondiale\" target=\"_blank\" rel=\"nofollow noopener\">Portogallo <\/a>e, se non si fosse capito, uno dei primi giornali del Paese lo sta invitando a lasciare fuori dalla formazione un pezzo grosso. Chi rischia? Non quello che pensate voi\u2026\u00a0<\/p>\n<p>        le critiche a ronaldo\u2014 \u00a0<\/p>\n<p class=\"paragraph\" spellcheck=\"true\">A Lisbona c\u2019\u00e8 voglia di cambiamento nell\u2019aria. Il Portogallo ha pareggiato la prima partita con il Congo e l\u2019ha presa come una sconfitta. Il dubbio \u00e8 che le tante opinioni sul potenziale da grande outsider della nazionale l\u2019abbiano trasformata inconsciamente in una favorita\u2026 e no, questo non ha mai fatto bene a nessuno. La gente vuole cambiamento, il problema \u00e8 che a questo gioco non si pu\u00f2 giocare in dodici e qualcuno deve stare fuori. Cristiano Ronaldo? Calma. CR7 da giorni viene criticato e difeso a targhe alterne e una frase di Thierry Henry a commento della partita con il Congo \u00e8 rimasta nelle orecchie di tutti: \u201cPer favore, la squadra deve segnare, non tu!\u201d. Kevin Prince Boateng \u00e8 stato ancora pi\u00f9 diretto: &#8220;Per il bene del Portogallo, CR7 dovrebbe farsi da parte&#8221;.\u00a0<\/p>\n<p>        la frase di concei\u00e7ao\u2014 \u00a0<\/p>\n<p class=\"paragraph\" spellcheck=\"true\">Quando \u00e8 cos\u00ec, tutto diventa polemica. Ieri Francisco Concei\u00e7ao ha detto una frase tutto sommato innocua (\u201cCristiano \u00e8 qui per aiutare, come qualsiasi altro compagno di squadra in nazionale&#8221;) e i tifosi di Ronaldo l\u2019hanno presa male, attaccandolo come sempre via social. Che ambiente\u2026 Le ultime dal ritiro di Palm Beach per\u00f2 dicono che no, CR7 non si far\u00e0 da parte e Martinez non far\u00e0 cadere la statua.\u00a0<\/p>\n<p><a class=\"is-partner-link\" href=\"https:\/\/abbonamenti.gazzetta.it\/de-promo-mondiali\/?pwcmp=cta&amp;forceBrowser=true\" rel=\"nofollow noopener\" target=\"_blank\">Gazzetta Mondiale: ogni notte un\u2019edizione straordinaria esclusiva. Non perdertela, abbonati a 1\u20ac\/mese!<\/a><\/p>\n<p>        fuori bruno o bernardo\u2014 \u00a0<\/p>\n<p class=\"paragraph\" spellcheck=\"true\">E allora, bisogna capire come giocher\u00e0 il Portogallo contro l&#8217;Uzbekistan. Alla prima, ha messo assieme i quattro centrocampisti grande stile: Vitinha, Jo\u00e3o Neves, Bruno Fernandes e Bernardo Silva. Sulla carta, il quadrilatero da cui dipende la squadra: due titolari del Psg campione d\u2019Europa e due leggende del calcio portoghese. A sinistra c\u2019era Pedro Neto, davanti Cristiano. Chico Concei\u00e7ao, Joao Felix e Francisco Trinc\u00e3o per\u00f2 spingono forte: vorrebbero giocare tutti ma al massimo ci sar\u00e0 spazio per due dei tre. Al massimo. Pedro Neto \u00e8 il sacrificio pi\u00f9 semplice ma in stagione ha segnato 10 gol per il Chelsea e alla prima non \u00e8 stato certo il peggiore, anzi\u2026 E allora, \u00e8 evidente che Martinez, quando non prende sonno, pensi alla possibilit\u00e0 di far saltare il quadrilatero e scomporre il Portogallo. Tutto per proteggere Ronaldo, pensa qualcuno. Ah, per il Correio da Manh\u00e3, il 14,6% dei portoghesi crede che la squadra, in un modo o nell\u2019altro, finir\u00e0 per vincere il Mondiale. Popolo di malinconici sognatori, i portoghesi.<\/p>\n<p class=\"is-copyright\">\u00a9 RIPRODUZIONE RISERVATA<\/p>\n","protected":false},"excerpt":{"rendered":"Dopo il deludente pareggio contro il Congo DR, i lusitani cambieranno qualcosa nella formazione che affronter\u00e0 l&#8217;Uzbekistan di&hellip;\n","protected":false},"author":3,"featured_media":550486,"comment_status":"","ping_status":"","sticky":false,"template":"","format":"standard","meta":{"footnotes":"","_share_on_mastodon":"0"},"categories":[1452],"tags":[7918,36829,10100,721,4913,7801,16220,6101,1740,1974,31807,10408,1889,1537,90,89,303463,35788,1285,27249,688,1290,303464,4695,225125,17294,13201,63689,78672,9638,303465,1956,1739,245,244,1857,907,19745,218353],"class_list":["post-550485","post","type-post","status-publish","format-standard","has-post-thumbnail","category-calcio","tag-affrontera","tag-bernardo","tag-bruno","tag-calcio","tag-cambiamento","tag-conceicao","tag-congo","tag-cristiano","tag-football","tag-formazione","tag-francisco","tag-frase","tag-giocare","tag-it","tag-italia","tag-italy","tag-krithinas","tag-martinez","tag-massimo","tag-neto","tag-opinioni","tag-partita","tag-partita-congo","tag-pedro","tag-pedro-neto","tag-portogallo","tag-portoghese","tag-portoghesi","tag-quadrilatero","tag-roberto","tag-roberto-martinez","tag-ronaldo","tag-soccer","tag-sport","tag-sports","tag-squadra","tag-ultime","tag-uzbekistan","tag-vorrebbero"],"share_on_mastodon":{"url":"https:\/\/pubeurope.com\/@it\/116792564559703292","error":""},"_links":{"self":[{"href":"https:\/\/www.europesays.com\/it\/wp-json\/wp\/v2\/posts\/550485","targetHints":{"allow":["GET"]}}],"collection":[{"href":"https:\/\/www.europesays.com\/it\/wp-json\/wp\/v2\/posts"}],"about":[{"href":"https:\/\/www.europesays.com\/it\/wp-json\/wp\/v2\/types\/post"}],"author":[{"embeddable":true,"href":"https:\/\/www.europesays.com\/it\/wp-json\/wp\/v2\/users\/3"}],"replies":[{"embeddable":true,"href":"https:\/\/www.europesays.com\/it\/wp-json\/wp\/v2\/comments?post=550485"}],"version-history":[{"count":0,"href":"https:\/\/www.europesays.com\/it\/wp-json\/wp\/v2\/posts\/550485\/revisions"}],"wp:featuredmedia":[{"embeddable":true,"href":"https:\/\/www.europesays.com\/it\/wp-json\/wp\/v2\/media\/550486"}],"wp:attachment":[{"href":"https:\/\/www.europesays.com\/it\/wp-json\/wp\/v2\/media?parent=550485"}],"wp:term":[{"taxonomy":"category","embeddable":true,"href":"https:\/\/www.europesays.com\/it\/wp-json\/wp\/v2\/categories?post=550485"},{"taxonomy":"post_tag","embeddable":true,"href":"https:\/\/www.europesays.com\/it\/wp-json\/wp\/v2\/tags?post=550485"}],"curies":[{"name":"wp","href":"https:\/\/api.w.org\/{rel}","templated":true}]}}