{"id":550514,"date":"2026-06-22T07:51:15","date_gmt":"2026-06-22T07:51:15","guid":{"rendered":"https:\/\/www.europesays.com\/it\/550514\/"},"modified":"2026-06-22T07:51:15","modified_gmt":"2026-06-22T07:51:15","slug":"il-post-confuso-di-trump-figlia-eccezionale-ma-non-si-tratta-ne-di-ivanka-ne-dellaltra-erede-tiffany-corriere-della-sera","status":"publish","type":"post","link":"https:\/\/www.europesays.com\/it\/550514\/","title":{"rendered":"Il post confuso di Trump: \u00abFiglia eccezionale\u00bb, ma non si tratta n\u00e9 di Ivanka n\u00e9 dell&#039;altra erede Tiffany &#8211; Corriere della Sera"},"content":{"rendered":"<ol>\n<li><a href=\"https:\/\/news.google.com\/rss\/articles\/CBMi3gFBVV95cUxPRWVReWNqZnE4aXJMYzdrVmNNelk0NldLX3NwaVdWbXZCaVBLdmpIMzJ0ZEo3ZmRXMVlxanRwYnFMbGhJdnN3a05XZnltT0lELXB5VTQ5RU5fVTBpUHpfLVJ0MEpFOVNfSlpQZDNndUtESUsySTNTZURZVmdkbXBLWnNkX3VGQ2RqVjI0Nkh4SmZXNEJHYk1jRGVpanNJenNtRFNxV2c2UFQxV2RqVmh2MWxIOXpBblZQeFlfZUZCLUIwd0tDUFE3ZTJHdDdMWktqTW5UMDFSRmhHY1k5SVHSAeMBQVVfeXFMUFlrTXBSaFI1dTJTMWgyelByeFlxQVU5Vy1ISFFXQ1V4b2JsaGNya243UlI5QzZVRFJOOVFyellrMUhvWE5lUm5saEtXcnFIM1B2ZUdteVItcEZIVG1fQUJral9VeW9qLTQ1NnZjOHYxRW5ZWTI0NUdZdTlHN0JaZVEzd0Q0M3NnZVFmME05VmdJR1FJcDhlRFNFTG5NYWJjV0xScFdNTHVDejRxX0Jwb3B2YXBJTEN5czlodnRmZnJydk9BTFBoNEdqclh2V1pNS2ZFSmMyWmU0UDBleEF1QWFFTHM?oc=5\" target=\"_blank\" rel=\"nofollow noopener\">Il post confuso di Trump: \u00abFiglia eccezionale\u00bb, ma non si tratta n\u00e9 di Ivanka n\u00e9 dell&#8217;altra erede Tiffany<\/a>&nbsp;&nbsp;Corriere della Sera<\/li>\n<li><a href=\"https:\/\/news.google.com\/rss\/articles\/CBMikgFBVV95cUxOVlFBcW5aTGlZT1lZdURhemlNc0lSRC1tRURqdWhzQmJzbEVMOUY5djZKRDNJS2lrNWVONkV5dHlYQTBNdXhfY0YzejhPNjFvUml2cHZXUkRNWWFCRkhhNURMNWw4eW1rMG1NWURkWWdDOUJyb0hjR1VZS2lIYWMzbXJlWEtkS3hxOEpFQWotSmpHZw?oc=5\" target=\"_blank\" rel=\"nofollow noopener\">Trump posta una foto con la scritta \u00abfiglia eccezionale\u00bb, ma la donna nello scatto non \u00e8 n\u00e9 Ivanka n\u00e9 Tiffany: la gaffe del tycoon per la Festa del Pap\u00e0<\/a>&nbsp;&nbsp;Il Messaggero<\/li>\n<li><a href=\"https:\/\/news.google.com\/rss\/articles\/CBMiwAFBVV95cUxNT0xMZnRBaVd4Rkk0TVpZYnhSdUdzY09HbEpzQnpveEZOQ0l5OVhEWlczYV84NTd6OWNQdUQ1N19kd2RHRDl6eld1TU5KSndMbXpqS1VOSE9ldUtkMFZRN196NFlyRTVJeFRfUGczc3ZRMGtyUzBYM0liZEZwYUw0d24tSUIwczQ3MWZHcXBRU2NEeDY1TFU1MjBPal83U3lCSVBBTmVJVE9oZVVNR01oUEtaRG5OYmZ6dzRIczNQZHQ?oc=5\" target=\"_blank\" rel=\"nofollow noopener\">&#8220;Figlia eccezionale&#8221;, ma quella nella foto postata da Trump non \u00e8 Ivanka n\u00e9 Tiffany: la gaffe del presidente Usa<\/a>&nbsp;&nbsp;il Giornale<\/li>\n<\/ol>\n","protected":false},"excerpt":{"rendered":"Il post confuso di Trump: \u00abFiglia eccezionale\u00bb, ma non si tratta n\u00e9 di Ivanka n\u00e9 dell&#8217;altra erede Tiffany&nbsp;&nbsp;Corriere&hellip;\n","protected":false},"author":3,"featured_media":550515,"comment_status":"","ping_status":"","sticky":false,"template":"","format":"standard","meta":{"footnotes":"","_share_on_mastodon":"0"},"categories":[1451],"tags":[2700,63620,303492,303494,1621,1620,6800,12418,1731,203,3384,204,1537,90,89,1602,303493,303495,38422,135,379],"class_list":["post-550514","post","type-post","status-publish","format-standard","has-post-thumbnail","category-celebrita","tag-andrea","tag-camp","tag-camp-david","tag-catsimatidis","tag-celebrita","tag-celebrities","tag-clinton","tag-david","tag-donna","tag-entertainment","tag-figlia","tag-intrattenimento","tag-it","tag-italia","tag-italy","tag-john","tag-margo","tag-margo-catsimatidis","tag-miliardario","tag-presidente","tag-trump"],"share_on_mastodon":{"url":"https:\/\/pubeurope.com\/@it\/116792674709516286","error":""},"_links":{"self":[{"href":"https:\/\/www.europesays.com\/it\/wp-json\/wp\/v2\/posts\/550514","targetHints":{"allow":["GET"]}}],"collection":[{"href":"https:\/\/www.europesays.com\/it\/wp-json\/wp\/v2\/posts"}],"about":[{"href":"https:\/\/www.europesays.com\/it\/wp-json\/wp\/v2\/types\/post"}],"author":[{"embeddable":true,"href":"https:\/\/www.europesays.com\/it\/wp-json\/wp\/v2\/users\/3"}],"replies":[{"embeddable":true,"href":"https:\/\/www.europesays.com\/it\/wp-json\/wp\/v2\/comments?post=550514"}],"version-history":[{"count":0,"href":"https:\/\/www.europesays.com\/it\/wp-json\/wp\/v2\/posts\/550514\/revisions"}],"wp:featuredmedia":[{"embeddable":true,"href":"https:\/\/www.europesays.com\/it\/wp-json\/wp\/v2\/media\/550515"}],"wp:attachment":[{"href":"https:\/\/www.europesays.com\/it\/wp-json\/wp\/v2\/media?parent=550514"}],"wp:term":[{"taxonomy":"category","embeddable":true,"href":"https:\/\/www.europesays.com\/it\/wp-json\/wp\/v2\/categories?post=550514"},{"taxonomy":"post_tag","embeddable":true,"href":"https:\/\/www.europesays.com\/it\/wp-json\/wp\/v2\/tags?post=550514"}],"curies":[{"name":"wp","href":"https:\/\/api.w.org\/{rel}","templated":true}]}}