{"id":550750,"date":"2026-06-22T11:08:16","date_gmt":"2026-06-22T11:08:16","guid":{"rendered":"https:\/\/www.europesays.com\/it\/550750\/"},"modified":"2026-06-22T11:08:16","modified_gmt":"2026-06-22T11:08:16","slug":"il-dolore-al-polpaccio-mi-avevano-prescritto-una-pomata-ma-era-trombosi-mi-sono-salvato-andando-al-pronto-soccorso","status":"publish","type":"post","link":"https:\/\/www.europesays.com\/it\/550750\/","title":{"rendered":"\u201cIl dolore al polpaccio? Mi avevano prescritto una pomata, ma era trombosi:\u00a0mi sono salvato andando\u00a0al Pronto soccorso\u201d"},"content":{"rendered":"<p>Un forte<strong> <\/strong><strong>dolore al polpaccio<\/strong> sinistro, una visita al <strong>Cau di Cattolica<\/strong> e una semplice pomata antinfiammatoria prescritta al momento delle dimissioni. Ma dietro quei <strong>sintomi <\/strong>si nascondeva qualcosa di ben pi\u00f9 grave, una <strong>trombosi venosa profonda<\/strong>, patologia potenzialmente letale se non riconosciuta e trattata in tempo.<\/p>\n<p>\u00c8 la vicenda raccontata da <strong>Marco Parisi<\/strong>, 59 anni, che dopo essere stato dimesso dal Cau cattolichino con una diagnosi generica di dolore al polpaccio e la prescrizione di <strong>Voltaren<\/strong>, ha deciso di non fermarsi a quel primo parere medico e di andare a fondo.\u00a0Una scelta che \u201c<strong>mi ha salvato la vita<\/strong>\u201d.<\/p>\n<p>Sentivo la vena durissima e ho subito pensato a una trombosi o a una flebite<\/p>\n<p>Approfondisci:<\/p>\n<p><a href=\"https:\/\/www.ilrestodelcarlino.it\/rimini\/cronaca\/louis-dassilva-nuova-vita-assoluzione-gvmiytje\" class=\"ArticleEmbed_article__embed__content__Jzqnz\" rel=\"nofollow noopener\" target=\"_blank\">La nuova vita di Louis Dassilva dopo l\u2019assoluzione: \u201cCambia stanza ogni sera. E non \u00e8 mai a casa con Valeria\u201d<img alt=\"La nuova vita di Louis Dassilva dopo l\u2019assoluzione: \u201cCambia stanza ogni sera. E non \u00e8 mai a casa con Valeria\u201d\" loading=\"lazy\" width=\"140\" height=\"78\" decoding=\"async\" data-nimg=\"1\" style=\"color:transparent\"  src=\"https:\/\/www.europesays.com\/it\/wp-content\/uploads\/2026\/06\/louis-dassilva-tra-i-suoi-avvocati-andrea-guidi-e-riario-fabbri.webp\"\/><\/a><br \/>\nIl dolore che peggiora, la pelle arrossata, la sensazione di calore <\/p>\n<p>Tutto inizia nella mattinata di luned\u00ec scorso. Da due giorni Parisi avverte un dolore sempre pi\u00f9 intenso al polpaccio sinistro e la situazione peggiora progressivamente: la vena appare dura al tatto, il gonfiore aumenta, la pelle si arrossa e la zona resta costantemente calda. La notte precedente, racconta, non \u00e8 riuscito nemmeno a dormire. Per questo intorno alle 7 del mattino di luned\u00ec si presenta cos\u00ec al Cau di Cattolica con un sospetto preciso.<\/p>\n<p>\u201cSentivo<strong> <\/strong>la<strong> vena durissima <\/strong>e ho subito pensato a una <strong>trombosi <\/strong>o a una <strong>flebite<\/strong>\u201d, spiega. Un\u2019ipotesi che riferisce immediatamente al personale sanitario, chiedendo che venisse valutata.<\/p>\n<p>Approfondisci:<\/p>\n<p><a href=\"https:\/\/www.ilrestodelcarlino.it\/ascoli\/cronaca\/nonna-coraggio-nipote-incidente-fc6fyza1\" class=\"ArticleEmbed_article__embed__content__Jzqnz\" rel=\"nofollow noopener\" target=\"_blank\">L\u2019amore di nonna Nicolina: il nipote si schianta con la moto, lei cade e muore mentre corre da lui per vedere come sta<img alt=\"L\u2019amore di nonna Nicolina: il nipote si schianta con la moto, lei cade e muore mentre corre da lui per vedere come sta\" loading=\"lazy\" width=\"140\" height=\"78\" decoding=\"async\" data-nimg=\"1\" style=\"color:transparent\"  src=\"https:\/\/www.europesays.com\/it\/wp-content\/uploads\/2026\/06\/la-polizia-sul-luogo-della-tragedia.webp\"\/><\/a><img alt=\"I Cau nella provincia di Rimini sono in tutto sette: Bellaria, Cattolica, Morciano, Novafeltria, Riccione, Rimini e Santarcangelo\" loading=\"lazy\" width=\"2199\" height=\"1466\" decoding=\"async\" data-nimg=\"1\" style=\"color:transparent;max-width:100%;height:auto\"   src=\"https:\/\/www.europesays.com\/it\/wp-content\/uploads\/2026\/06\/i-cau-nella-provincia-di-rimini-sono-in-tutto-sette-bellaria-cattolica-morciano-novafeltria-riccione.webp\"\/><\/p>\n<p>I Cau nella provincia di Rimini sono in tutto sette: Bellaria, Cattolica, Morciano, Novafeltria, Riccione, Rimini e Santarcangelo<\/p>\n<p>Dal Cau al pronto soccorso ascoltando i segnali del corpo <\/p>\n<p>Secondo il suo racconto per\u00f2, il sospetto non viene approfondito e al termine della visita, Parisi viene dimesso con una diagnosi generica di <strong>dolore al polpaccio sinistro<\/strong> e con la prescrizione di una <strong>crema antinfiammatoria. <\/strong>\u201cMi \u00e8 stato detto che, se il dolore era localizzato al polpaccio, probabilmente non si trattava di nulla di grave\u201d.<\/p>\n<p>Approfondisci:<\/p>\n<p><a href=\"https:\/\/www.ilrestodelcarlino.it\/ascoli\/cronaca\/nonna-coraggio-nipote-incidente-fc6fyza1\" class=\"ArticleEmbed_article__embed__content__Jzqnz\" rel=\"nofollow noopener\" target=\"_blank\">L\u2019amore di nonna Nicolina: il nipote si schianta con la moto, lei cade e muore mentre corre da lui per vedere come sta<img alt=\"L\u2019amore di nonna Nicolina: il nipote si schianta con la moto, lei cade e muore mentre corre da lui per vedere come sta\" loading=\"lazy\" width=\"140\" height=\"78\" decoding=\"async\" data-nimg=\"1\" style=\"color:transparent\"  src=\"https:\/\/www.europesays.com\/it\/wp-content\/uploads\/2026\/06\/la-polizia-sul-luogo-della-tragedia.webp\"\/><\/a> <\/p>\n<p>Ma<strong> Parisi<\/strong>, che lavora in palestra e segue persone nei percorsi di recupero post-operatorio e post-trombosi, decide di <strong>non ignorare quei segnali<\/strong>. \u201cLa mia esperienza e le mie conoscenze di base mi hanno spinto a insistere per fortuna\u201d, spiega. Chiede quindi di essere indirizzato verso una struttura in grado di eseguire un <strong>eco doppler<\/strong>, l\u2019esame diagnostico fondamentale per accertare la presenza di una trombosi venosa profonda, ma dal Cau, riferisce, gli viene spiegato che l\u2019esame non pu\u00f2 essere effettuato in sede. Solo dopo ulteriori insistenze ottiene una prescrizione per l\u2019esame, ma senza carattere d\u2019urgenza.\u00a0Non convinto e preoccupato dalla persistenza dei <strong>sintomi,<\/strong> decide allora di recarsi autonomamente al pronto soccorso di Riccione.<\/p>\n<p>Approfondisci:<\/p>\n<p><a href=\"https:\/\/www.ilrestodelcarlino.it\/bologna\/cronaca\/colpo-di-calore-cosa-fare-intervista-medico-t48uts0j\" class=\"ArticleEmbed_article__embed__content__Jzqnz\" rel=\"nofollow noopener\" target=\"_blank\">Colpo di calore, il medico spiega come riconoscerlo: \u201cDue cose da fare subito\u201d<img alt=\"Colpo di calore, il medico spiega come riconoscerlo: \u201cDue cose da fare subito\u201d\" loading=\"lazy\" width=\"140\" height=\"78\" decoding=\"async\" data-nimg=\"1\" style=\"color:transparent\"  src=\"https:\/\/www.europesays.com\/it\/wp-content\/uploads\/2026\/06\/a-sinistra-il-direttore-del-dipartimento-di-sanita-pubblica-dell-ausl-bologna-paolo-pandolfi.webp\"\/><\/a><br \/>\nLa trombosi \u201cpresa in tempo\u201d <\/p>\n<p>Qui il percorso cambia immediatamente direzione. Nel giro di pochi minuti viene preso in carico, sottoposto ad accertamenti ematici e successivamente a un eco doppler venoso. L\u2019esame conferma i suoi timori: una vena del polpaccio \u00e8 <strong>trombizzata <\/strong>e i medici avviano subito una <strong>terapia anticoagulante<\/strong> con <strong>Eliquis.<\/strong> \u201cAlla fine era davvero una trombosi che per fortuna \u00e8 stata presa in tempo. Il giorno dopo ho pensato che, se mi fossi fermato al primo parere ricevuto, avrei potuto rischiare seriamente la vita\u201d.<\/p>\n<p> <img alt=\"Marco Parisi, 59 anni\" loading=\"lazy\" width=\"1280\" height=\"956\" decoding=\"async\" data-nimg=\"1\" style=\"color:transparent;max-width:100%;height:auto\"   src=\"https:\/\/www.europesays.com\/it\/wp-content\/uploads\/2026\/06\/marco-parisi-59-anni.webp\"\/><\/p>\n<p>Marco Parisi, 59 anni<\/p>\n<p>Per questo Parisi non ha perso tempo e resosi conto di quello che avrebbe rischiato, ha deciso di segnalare l\u2019accaduto all\u2019Ausl, alla direzione sanitaria e ai Nas. \u201cNon intendo presentare una denuncia, ma voglio delle risposte. Vorrei capire cosa sia successo: se si sia trattato di superficialit\u00e0 o di una mancanza di strumenti adeguati. Soprattutto per scongiurare una situazione del genere in futuro. Da chi si occupa della salute delle persone mi aspetto chiarezza e spiegazioni\u201d.<\/p>\n<p>Resta ora da chiarire se vi siano state criticit\u00e0 nella valutazione iniziale del caso o se il problema sia legato ai limiti operativi della struttura.<\/p>\n","protected":false},"excerpt":{"rendered":"Un forte dolore al polpaccio sinistro, una visita al Cau di Cattolica e una semplice pomata antinfiammatoria prescritta&hellip;\n","protected":false},"author":3,"featured_media":550751,"comment_status":"","ping_status":"","sticky":false,"template":"","format":"standard","meta":{"footnotes":"","_share_on_mastodon":"0"},"categories":[175],"tags":[3486,1905,239,1537,90,89,16225,303629,285765,1917,240,40538,11115,303630],"class_list":["post-550750","post","type-post","status-publish","format-standard","has-post-thumbnail","category-salute","tag-andando","tag-dolore","tag-health","tag-it","tag-italia","tag-italy","tag-polpaccio","tag-pomata","tag-prescritto","tag-pronto","tag-salute","tag-salvato","tag-soccorso","tag-trombosi"],"share_on_mastodon":{"url":"https:\/\/pubeurope.com\/@it\/116793450339904519","error":""},"_links":{"self":[{"href":"https:\/\/www.europesays.com\/it\/wp-json\/wp\/v2\/posts\/550750","targetHints":{"allow":["GET"]}}],"collection":[{"href":"https:\/\/www.europesays.com\/it\/wp-json\/wp\/v2\/posts"}],"about":[{"href":"https:\/\/www.europesays.com\/it\/wp-json\/wp\/v2\/types\/post"}],"author":[{"embeddable":true,"href":"https:\/\/www.europesays.com\/it\/wp-json\/wp\/v2\/users\/3"}],"replies":[{"embeddable":true,"href":"https:\/\/www.europesays.com\/it\/wp-json\/wp\/v2\/comments?post=550750"}],"version-history":[{"count":0,"href":"https:\/\/www.europesays.com\/it\/wp-json\/wp\/v2\/posts\/550750\/revisions"}],"wp:featuredmedia":[{"embeddable":true,"href":"https:\/\/www.europesays.com\/it\/wp-json\/wp\/v2\/media\/550751"}],"wp:attachment":[{"href":"https:\/\/www.europesays.com\/it\/wp-json\/wp\/v2\/media?parent=550750"}],"wp:term":[{"taxonomy":"category","embeddable":true,"href":"https:\/\/www.europesays.com\/it\/wp-json\/wp\/v2\/categories?post=550750"},{"taxonomy":"post_tag","embeddable":true,"href":"https:\/\/www.europesays.com\/it\/wp-json\/wp\/v2\/tags?post=550750"}],"curies":[{"name":"wp","href":"https:\/\/api.w.org\/{rel}","templated":true}]}}