{"id":550792,"date":"2026-06-22T11:39:17","date_gmt":"2026-06-22T11:39:17","guid":{"rendered":"https:\/\/www.europesays.com\/it\/550792\/"},"modified":"2026-06-22T11:39:17","modified_gmt":"2026-06-22T11:39:17","slug":"keir-starmer-dimissioni-da-premier-inglese-e-da-leader-del-partito-laburista","status":"publish","type":"post","link":"https:\/\/www.europesays.com\/it\/550792\/","title":{"rendered":"Keir Starmer, dimissioni da premier inglese e da leader del Partito laburista"},"content":{"rendered":"<p>L\u2019ormai ex premier ha annunciato le sue dimissioni da leader del Partito laburista britannico e da primo ministro in un atteso discorso alla nazione davanti al numero 10 di Downing Street. E il neo deputato Andy Burnham ha comunicato la propria candidatura alla leadership del Labour poco dopo: \u00e8 lui il favorito a succedere a Starmer alla guida del Paese<\/p>\n<p>Keir Starmer ha annunciato le sue dimissioni da leader del Partito laburista britannico e da primo ministro. L&#8217;uscita di scena Starmer, travolto dall&#8217;impopolarit\u00e0 e dal crollo di consensi anche all&#8217;interno del Labour, spiana la strada alla sua sostituzione con l&#8217;ex sindaco di Manchester, Andy Burnham.\u00a0Il neo deputato ha infatti annunciato la propria candidatura alla leadership del Labour: &#8220;Keir ha reso un enorme servizio al nostro Paese e voglio ringraziarlo per la sua guida e dedizione in un periodo cos\u00ec difficile&#8221;, ha dichiarato l&#8217;esponente progressista.<\/p>\n<p>\t\t \tIl discorso d\u2019addio di Keir Starmer<\/p>\n<p>Un discorso alla nazione intessuto di rivendicazioni dei successi auto-attribuiti alla sua leadership e al suo governo, ma chiuso dal riconoscimento della perdita di consenso nel suo partito e nel Paese, dall&#8217;annuncio delle dimissioni e da un commosso riferimento a sua moglie Victoria, ai suoi figli e all&#8217;orgoglio per l&#8217;onore di essere stato primo ministro britannico per due anni.\u00a0\u00a0\u00c8 quello con cui Keir Starmer, 63 anni, ha gettato oggi la spugna dinanzi al portoncino al numero 10 di Downing Street: presenti il suo team, i suo familiari, ma solo pochi ministri di spicco come Darren Jones o il vicepremier uscente David Lammy. Starmer non ha fatto alcun riferimento alle critiche rivolte alla sua azione politica, a scandali come quello della nomina di lord Peter Mandelson (amico del faccendiere pedofilo americano Jeffrey Epstein) ad ambasciatore negli Usa o alla batosta elettorale subita dal Labour alle elezioni amministrative del 7 maggio scorso. Ha invece esaltato quelli che ha presentato come i risultati positivi dei suoi 6 anni da leader e 2 da primo ministro, sostenendo d&#8217;aver ereditato nel 2020 (da Jeremy Corbyn, esponente della sinistra radicale) un partito &#8220;in bancarotta di consensi, politica e morale&#8221; e di avergli restituito credibilit\u00e0 sul piano &#8220;dell&#8217;economia, della difesa, della sicurezza nazionale&#8221; e del contrasto &#8220;dell&#8217;antisemitismo&#8221;. Ha quindi ricordato la vittoria alle elezioni politiche del 4 luglio 2024 e il ritorno al potere dei laburisti &#8220;dopo 14 anni&#8221; di esecutivi conservatori e di &#8220;caos&#8221;: un approdo che &#8220;nessuno nel 2020 riteneva possibile&#8221;.\u00a0 \u00a0<\/p>\n<p>La candidatura di Andy Burnham<\/p>\n<p>In un messaggio diffuso sui social, il 56enne Burnham esponente della &#8216;soft left&#8217; progressista del Labour, ha reso l&#8217;onore delle armi di rito al premer dimissionario: &#8220;La sua decisione segna l&#8217;inizio di una transizione ed \u00e8 importante che questo processo sia condotto in modo ordinato\u00a0 e responsabile. Io far\u00f2 la mia parte&#8221;. Poi ha aggiunto: &#8220;Il Paese si attende stabilit\u00e0, seriet\u00e0 e il mantenimento del focus sulle questioni pi\u00f9 importanti, ed \u00e8 quello che avr\u00e0&#8221;, evocando peraltro anche la necessit\u00e0 di &#8220;spingersi in avanti&#8221; sulle &#8220;priorit\u00e0&#8221; da conseguire &#8220;lavorando insieme per riportare&#8221; il\u00a0 Regno &#8220;laddove deve essere&#8221;. La gente, ha sottolineato, &#8220;vuole vedere progressi nella crescita dell&#8217;economia, sulla riduzione del costo della vita, sui servizi pubblici, sulla crisi abitativa e sulle opportunit\u00e0 per le future generazioni&#8221;. &#8220;Il cambiamento politico non dovr\u00e0 mai distaccarsi dalla responsabilit\u00e0 di migliorare la vita delle persone&#8221;, ha concluso, rivendicando al Labour la capacit\u00e0 di dare il meglio di s\u00e9 quando &#8220;guarda avanti con fiducia e obiettivi&#8221; ambiziosi e promettendo di voler trasformare questa &#8220;transizione in un un processo positivo di rinnovamento del nostro partito e del nostro Paese&#8221;.<\/p>\n<p>\t\t\t<a class=\"c-inline-card j-inline-card c-inline-card--with-image\" href=\"https:\/\/tg24.sky.it\/mondo\/approfondimenti\/andy-burnham-chi-e\" rel=\"follow nofollow noopener\" data-intcmp=\"skytg24_articolo_approfondimenti_inline\" target=\"_blank\"><\/p>\n<p>\t\t\t         <img decoding=\"async\" crossorigin=\"anonymous\" alt=\"\" src=\"https:\/\/www.europesays.com\/it\/wp-content\/uploads\/2026\/06\/burnham_getty.jpg\"  loading=\"lazy\"  bad-src=\"https:\/\/www.europesays.com\/it\/wp-content\/uploads\/2026\/06\/burnham_getty.jpg\"\/><\/p>\n<p>\n\t\t\t         Approfondimento<br \/>\n\t\t\t         Andy Burnham, aspirante leader laburista che vuole sostituire Starmer\n\t\t\t      <\/p>\n<p>\t\t\t<\/a><\/p>\n<p>\t\t \tLa crisi di Starmer<\/p>\n<p>A segnare la crisi del 63enne Keir Starmer sono state la sua impopolarit\u00e0 record, le critiche raccolte alla testa del governo nei due anni scarsi trascorsi dalla vittoria alle elezioni politiche del luglio 2024 su temi chiave &#8211; come l&#8217;economia, il welfare, la difesa o l&#8217;immigrazione -, lo scandalo della nomina ad ambasciatore negli Usa di lord Peter Mandelson (amico di Jeffrey Epstein), la debacle storica subita dai laburisti alle amministrative del 7 maggio, ma soprattutto il ritorno in Parlamento di un concorrente in grado di dar vita a un&#8217;alternativa all&#8217;apparenza credibile e unificante come il popolare ex sindaco 56enne di Manchester, Andy Burnham.\u00a0<\/p>\n<p>Chi \u00e8 Andy Burnham<\/p>\n<p>Andy Burnham \u00e8 un compagno di partito di Starmer, schierato su posizioni pi\u00f9 progressiste delle sue, reduce dalla conquista del seggio di deputato alla Camera dei Comuni nel voto suppletivo della settimana scorsa di Makerfield e dal trionfo tutto personale con cui ha rovesciato &#8211; almeno nel collegio in questione &#8211; l&#8217;ascesa della destra trumpiana anti-migranti del Reform Uk di Nigel Farage. Sulla carta il dopo Starmer dovrebbe essere determinato da una competizione aperta a pi\u00f9 candidati nel Labour. Burnham, che gi\u00e0 gode dei favori della base degli iscritti, potrebbe tuttavia puntare su un&#8217;incoronazione solitaria. Disponendo ormai &#8211; secondo conteggi aggiornati &#8211; anche del sostegno di oltre 300 dei 403 deputati laburisti. Un numero tale da bloccare potenzialmente l&#8217;entrata in lizza di altri pretendenti come Wes Streeting, ambizioso ex ministro orfano di quella che fu la corrente blairiana, tentato a questo punto di accodarsi ad &#8220;Andy&#8221;, paladino della &#8220;soft left&#8221;, in cambio di una nuova poltrona ministeriale di peso: magari quella di cancelliere dello Scacchiere.<\/p>\n<p>\t\t\t<a class=\"c-inline-card j-inline-card c-inline-card--with-image\" href=\"https:\/\/tg24.sky.it\/mondo\/2026\/04\/20\/starmer-mandelson-comuni-uk\" rel=\"follow nofollow noopener\" data-intcmp=\"skytg24_articolo_approfondimenti_inline\" target=\"_blank\"><\/p>\n<p>\t\t\t         <img decoding=\"async\" crossorigin=\"anonymous\" alt=\"\" src=\"https:\/\/www.europesays.com\/it\/wp-content\/uploads\/2026\/06\/1782128356_397_starmer_ansa.JPG\"  loading=\"lazy\"  bad-src=\"https:\/\/www.europesays.com\/it\/wp-content\/uploads\/2026\/06\/1782128356_397_starmer_ansa.JPG\"\/><\/p>\n<p>\n\t\t\t         Leggi anche<br \/>\n\t\t\t         Caso Epstein, Starmer a Comuni: &#8220;Non avrei dovuto nominare Mandelson&#8221;\n\t\t\t      <\/p>\n<p>\t\t\t<\/a><\/p>\n<p>\t\t \tI tempi del passaggio di consegne<\/p>\n<p>Starmer ha dichiarato di aver chiesto al Comitato esecutivo nazionale del Labour di fissare un calendario per la corsa alla leadership del partito, con apertura delle candidature il 9 luglio e chiusura il 16 luglio, prima della pausa estiva del Parlamento. In caso di sfida, il nuovo leader e premier sarebbe in carica entro la ripresa dei lavori di Westminster a settembre. Se invece il rivale Andy Burnham si presenter\u00e0 come unico candidato &#8211; ipotesi che nelle ultime ore ha preso sempre pi\u00f9 piede sotto forma della cosiddetta &#8220;incoronazione&#8221; &#8211; il passaggio di consegne al nuovo primo ministro avverr\u00e0 gi\u00e0 a met\u00e0 luglio.<\/p>\n<p>Nigel Farage invoca le elezioni politiche<\/p>\n<p>Dall\u2019altro lato dello spettro politico, invece, il leader del trumpiano Reform UK Nigel Farage ha chiesto di indire elezioni politiche nel Regno Unito dopo l&#8217;annuncio delle dimissioni del premier laburista Keir Starmer. &#8220;Reform invoca le elezioni e siamo pronti a portare un cambiamento radicale&#8221;, ha scritto Farage su X. E ancora: &#8220;Se il Labour pensa di poter piazzare un altro politico di professione al numero 10, si sbaglia di grosso.&#8221;<\/p>\n<p>\t\t\t<a class=\"c-inline-card j-inline-card c-inline-card--with-image\" href=\"https:\/\/tg24.sky.it\/mondo\/2026\/05\/19\/irvine-welsh-men-in-love-starmer-farage\" rel=\"follow nofollow noopener\" data-intcmp=\"skytg24_articolo_approfondimenti_inline\" target=\"_blank\"><\/p>\n<p>\t\t\t         <img decoding=\"async\" crossorigin=\"anonymous\" alt=\"\" src=\"https:\/\/www.europesays.com\/it\/wp-content\/uploads\/2026\/06\/GettyImages-2276428374.jpg\"  loading=\"lazy\"  bad-src=\"https:\/\/www.europesays.com\/it\/wp-content\/uploads\/2026\/06\/GettyImages-2276428374.jpg\"\/><\/p>\n<p>\n\t\t\t         Leggi anche<br \/>\n\t\t\t         Irvine Welsh: &#8220;Ci meritiamo Farage se non riformiamo la societ\u00e0\u201d\n\t\t\t      <\/p>\n<p>\t\t\t<\/a><\/p>\n<p>\t            TAG:<\/p>\n","protected":false},"excerpt":{"rendered":"L\u2019ormai ex premier ha annunciato le sue dimissioni da leader del Partito laburista britannico e da primo ministro&hellip;\n","protected":false},"author":3,"featured_media":550793,"comment_status":"","ping_status":"","sticky":false,"template":"","format":"standard","meta":{"footnotes":"","_share_on_mastodon":"0"},"categories":[160],"tags":[14,164,165,369,166,7,15,365,17939,11,167,12,168,161,162,163],"class_list":["post-550792","post","type-post","status-publish","format-standard","has-post-thumbnail","category-mondo","tag-cronaca","tag-dal-mondo","tag-dalmondo","tag-digitall","tag-mondo","tag-news","tag-notizie","tag-regno-unito","tag-uk","tag-ultime-notizie","tag-ultime-notizie-di-mondo","tag-ultimenotizie","tag-ultimenotiziedimondo","tag-world","tag-world-news","tag-worldnews"],"share_on_mastodon":{"url":"https:\/\/pubeurope.com\/@it\/116793571387175274","error":""},"_links":{"self":[{"href":"https:\/\/www.europesays.com\/it\/wp-json\/wp\/v2\/posts\/550792","targetHints":{"allow":["GET"]}}],"collection":[{"href":"https:\/\/www.europesays.com\/it\/wp-json\/wp\/v2\/posts"}],"about":[{"href":"https:\/\/www.europesays.com\/it\/wp-json\/wp\/v2\/types\/post"}],"author":[{"embeddable":true,"href":"https:\/\/www.europesays.com\/it\/wp-json\/wp\/v2\/users\/3"}],"replies":[{"embeddable":true,"href":"https:\/\/www.europesays.com\/it\/wp-json\/wp\/v2\/comments?post=550792"}],"version-history":[{"count":0,"href":"https:\/\/www.europesays.com\/it\/wp-json\/wp\/v2\/posts\/550792\/revisions"}],"wp:featuredmedia":[{"embeddable":true,"href":"https:\/\/www.europesays.com\/it\/wp-json\/wp\/v2\/media\/550793"}],"wp:attachment":[{"href":"https:\/\/www.europesays.com\/it\/wp-json\/wp\/v2\/media?parent=550792"}],"wp:term":[{"taxonomy":"category","embeddable":true,"href":"https:\/\/www.europesays.com\/it\/wp-json\/wp\/v2\/categories?post=550792"},{"taxonomy":"post_tag","embeddable":true,"href":"https:\/\/www.europesays.com\/it\/wp-json\/wp\/v2\/tags?post=550792"}],"curies":[{"name":"wp","href":"https:\/\/api.w.org\/{rel}","templated":true}]}}