{"id":550814,"date":"2026-06-22T12:01:11","date_gmt":"2026-06-22T12:01:11","guid":{"rendered":"https:\/\/www.europesays.com\/it\/550814\/"},"modified":"2026-06-22T12:01:11","modified_gmt":"2026-06-22T12:01:11","slug":"alex-schwazer-positivo-al-doping-oggi-la-conferenza-stampa-la-nada-lo-ha-sospeso-dopo-il-risultato-sullepo","status":"publish","type":"post","link":"https:\/\/www.europesays.com\/it\/550814\/","title":{"rendered":"Alex Schwazer positivo al doping: oggi la conferenza stampa. La Nada lo ha sospeso dopo il risultato sull&#8217;Epo"},"content":{"rendered":"<p>    di<br \/>\n    Marco Bonarrigo<\/p>\n<p class=\"summary-art is-line-h-12\">Schwazer e il doping: oggi il annuncer\u00e0 di essere stato trovato positivo a un controllo antidoping in Germania, dove correndo in poco pi\u00f9 di tre ore, aveva fatto di gran lunga il miglior tempo italiano di sempre<\/p>\n<p class=\"chapter-paragraph\">Per la terza volta nella sua carriera, a 41 anni, <b>Alex Schwazer<\/b> \u00e8 risultato positivo a un <b>controllo antidoping<\/b>. L\u2019ufficializzazione di una notizia scioccante, nell\u2019aria da 24 ore, \u00e8 arrivata nella tarda mattinata di luned\u00ec tramite un comunicato di Nada, l\u2019Agenzia Nazionale Antidoping della Germania, che ha reso noto di aver iniziato un procedimento contro il bolzanino, risultato positivo all\u2019Epo (come nel 2012 prima del Giochi di Londra) nei controlli post gara ai campionati tedeschi sulla distanza di maratona dove, <a href=\"https:\/\/www.corriere.it\/sport\/26_aprile_26\/alex-schwazer-record-maratona-marcia-germania-21bce315-12f0-4ff2-af8e-226694a3dxlk.shtml\" title=\"Alex Schwazer da sogno: a 41 anni trionfa nella maratona di marcia in Germania con il nuovo record italiano\" target=\"_blank\" rel=\"nofollow noopener\">lo scorso 27 aprile, aveva sbriciolato gli avversari<\/a>\u00a0correndo in poco pi\u00f9 di tre ore, di gran lunga il miglior tempo italiano di sempre.<\/p>\n<p class=\"chapter-paragraph\">Nada ha comunicato di aver trasmesso la documentazione anche alla magistratura ordinaria perch\u00e9 in Germania, come in Italia, il doping \u00e8 reato e prevede pene pesanti.    &#13;<br \/>\n&#13;<br \/>\n&#13;<br \/>\n&#13;<br \/>\n&#13;<br \/>\n&#13;<br \/>\n&#13;<br \/>\n&#13;<br \/>\n&#13;<br \/>\n&#13;<br \/>\n&#13;<br \/>\n&#13;<br \/>\n&#13;<br \/>\n&#13;<br \/>\n&#13;<br \/>\n&#13;<br \/>\n&#13;<br \/>\n&#13;<br \/>\n&#13;<br \/>\n&#13;<br \/>\n&#13;<br \/>\n&#13;<br \/>\n&#13;<br \/>\n&#13;<br \/>\n&#13;<br \/>\n&#13;<br \/>\n&#13;<br \/>\n&#13;<br \/>\n&#13;<br \/>\n&#13;<br \/>\n&#13;<br \/>\n&#13;<br \/>\n&#13;<br \/>\n&#13;<br \/>\n&#13;<br \/>\n&#13;<br \/>\n&#13;<br \/>\n&#13;<br \/>\n&#13;<br \/>\n&#13;<br \/>\n&#13;<br \/>\n&#13;<br \/>\n&#13;<br \/>\n&#13;<br \/>\n&#13;<br \/>\n&#13;<br \/>\n&#13;<br \/>\n&#13;<br \/>\n&#13;<br \/>\n&#13;<br \/>\n&#13;<br \/>\n&#13;<br \/>\n&#13;\n<\/p>\n<p class=\"chapter-paragraph\">Una conferenza stampa online, non programmata, e dal carattere \u00abimportante\u00bb \u00e8 stata convocata, prima ancora che la notizia fosse resa nota, per le 16 di luned\u00ec su Zoom da Giulia Mancini, la storica manager di Alex Schwazer, che aveva mantenuto totale riserbo sui contenuti. Il marciatore altoatesino, oro olimpico nella 50 chilometri a Pechino 2008 e poi due volte squalificato per Epo (2012) e steroidi (2016, un caso super controverso) \u00e8 tornato in attivit\u00e0 nel 2025. Una <b>tripla positivit\u00e0<\/b> \u00e8 rarissima, in caso di condanna la radiazione \u00e8 certa.\u00a0<\/p>\n<p class=\"is-last-update\" datetime=\"2026-06-22T13:57:48+02:00\">22 giugno 2026 ( modifica il 22 giugno 2026 | 13:57)<\/p>\n<p class=\"is-copyright\">\n            \u00a9 RIPRODUZIONE RISERVATA\n        <\/p>\n","protected":false},"excerpt":{"rendered":"di Marco Bonarrigo Schwazer e il doping: oggi il annuncer\u00e0 di essere stato trovato positivo a un controllo&hellip;\n","protected":false},"author":3,"featured_media":550815,"comment_status":"","ping_status":"","sticky":false,"template":"","format":"standard","meta":{"footnotes":"","_share_on_mastodon":"0"},"categories":[176],"tags":[3658,66926,3149,303701,2275,877,932,2575,33789,5572,160024,3044,1537,90,89,45462,2123,6811,66925,245,244],"class_list":["post-550814","post","type-post","status-publish","format-standard","has-post-thumbnail","category-sport","tag-alex","tag-alex-schwazer","tag-antidoping","tag-antidoping-germania","tag-comunicato","tag-conferenza","tag-conferenza-stampa","tag-controllo","tag-controllo-antidoping","tag-doping","tag-epo","tag-germania","tag-it","tag-italia","tag-italy","tag-nada","tag-positivo","tag-risultato","tag-schwazer","tag-sport","tag-sports"],"share_on_mastodon":{"url":"https:\/\/pubeurope.com\/@it\/116793657848671010","error":""},"_links":{"self":[{"href":"https:\/\/www.europesays.com\/it\/wp-json\/wp\/v2\/posts\/550814","targetHints":{"allow":["GET"]}}],"collection":[{"href":"https:\/\/www.europesays.com\/it\/wp-json\/wp\/v2\/posts"}],"about":[{"href":"https:\/\/www.europesays.com\/it\/wp-json\/wp\/v2\/types\/post"}],"author":[{"embeddable":true,"href":"https:\/\/www.europesays.com\/it\/wp-json\/wp\/v2\/users\/3"}],"replies":[{"embeddable":true,"href":"https:\/\/www.europesays.com\/it\/wp-json\/wp\/v2\/comments?post=550814"}],"version-history":[{"count":0,"href":"https:\/\/www.europesays.com\/it\/wp-json\/wp\/v2\/posts\/550814\/revisions"}],"wp:featuredmedia":[{"embeddable":true,"href":"https:\/\/www.europesays.com\/it\/wp-json\/wp\/v2\/media\/550815"}],"wp:attachment":[{"href":"https:\/\/www.europesays.com\/it\/wp-json\/wp\/v2\/media?parent=550814"}],"wp:term":[{"taxonomy":"category","embeddable":true,"href":"https:\/\/www.europesays.com\/it\/wp-json\/wp\/v2\/categories?post=550814"},{"taxonomy":"post_tag","embeddable":true,"href":"https:\/\/www.europesays.com\/it\/wp-json\/wp\/v2\/tags?post=550814"}],"curies":[{"name":"wp","href":"https:\/\/api.w.org\/{rel}","templated":true}]}}