{"id":550936,"date":"2026-06-22T13:50:14","date_gmt":"2026-06-22T13:50:14","guid":{"rendered":"https:\/\/www.europesays.com\/it\/550936\/"},"modified":"2026-06-22T13:50:14","modified_gmt":"2026-06-22T13:50:14","slug":"i-migliori-sport-da-fare-dopo-i-50-anni-in-estate-secondo-gli-esperti","status":"publish","type":"post","link":"https:\/\/www.europesays.com\/it\/550936\/","title":{"rendered":"I migliori sport da fare dopo i 50 anni in estate secondo gli esperti"},"content":{"rendered":"<p class=\"paragraph\" spellcheck=\"true\">L\u2019estate pu\u00f2 rappresentare il momento ideale per iniziare o riprendere <b>l\u2019attivit\u00e0 fisica dopo i 50 anni<\/b>. Le giornate pi\u00f9 lunghe e il maggior tempo trascorso all\u2019aria aperta offrono numerose opportunit\u00e0 per muoversi, ma la scelta dello sport giusto pu\u00f2 fare la differenza in termini di benefici e continuit\u00e0.  <b>Le principali organizzazioni sanitarie internazionali<\/b> raccomandano agli adulti e agli over 65 di svolgere regolarmente attivit\u00e0 aerobica, esercizi di rafforzamento muscolare e attivit\u00e0 utili a mantenere equilibrio e coordinazione. L\u2019obiettivo minimo \u00e8 raggiungere <a href=\"https:\/\/www.gazzetta.it\/running\/27-02-2022\/correre-stare-bene-teorema-150-minuti-settimana.shtml?intcmp=hyperlink-articolo-gazit\" title=\"Correre per stare bene: il teorema dei 150 minuti a settimana\" target=\"_blank\" rel=\"nofollow noopener\">almeno 150 minuti settimanali di attivit\u00e0 moderata<\/a>, associando esercizi di forza almeno due volte alla settimana.<\/p>\n","protected":false},"excerpt":{"rendered":"L\u2019estate pu\u00f2 rappresentare il momento ideale per iniziare o riprendere l\u2019attivit\u00e0 fisica dopo i 50 anni. Le giornate&hellip;\n","protected":false},"author":3,"featured_media":550937,"comment_status":"","ping_status":"","sticky":false,"template":"","format":"standard","meta":{"footnotes":"","_share_on_mastodon":"0"},"categories":[175],"tags":[5781,303803,303804,25642,47704,8162,839,1498,19050,4415,6391,9606,14429,5056,1533,1713,239,644,1537,90,89,4046,6114,17232,20666,303802,14412,240,245],"class_list":["post-550936","post","type-post","status-publish","format-standard","has-post-thumbnail","category-salute","tag-accanto","tag-accanto-sport","tag-accanto-sport-aerobici","tag-accessibile","tag-aerobica","tag-allenare","tag-almeno","tag-attivita","tag-consente","tag-continuita","tag-efficace","tag-equilibrio","tag-esercizi","tag-esperti","tag-estate","tag-fisica","tag-health","tag-internazionali","tag-it","tag-italia","tag-italy","tag-mantenere","tag-migliorare","tag-particolarmente","tag-permette","tag-permette-migliorare","tag-resistenza","tag-salute","tag-sport"],"share_on_mastodon":{"url":"https:\/\/pubeurope.com\/@it\/116794086446638150","error":""},"_links":{"self":[{"href":"https:\/\/www.europesays.com\/it\/wp-json\/wp\/v2\/posts\/550936","targetHints":{"allow":["GET"]}}],"collection":[{"href":"https:\/\/www.europesays.com\/it\/wp-json\/wp\/v2\/posts"}],"about":[{"href":"https:\/\/www.europesays.com\/it\/wp-json\/wp\/v2\/types\/post"}],"author":[{"embeddable":true,"href":"https:\/\/www.europesays.com\/it\/wp-json\/wp\/v2\/users\/3"}],"replies":[{"embeddable":true,"href":"https:\/\/www.europesays.com\/it\/wp-json\/wp\/v2\/comments?post=550936"}],"version-history":[{"count":0,"href":"https:\/\/www.europesays.com\/it\/wp-json\/wp\/v2\/posts\/550936\/revisions"}],"wp:featuredmedia":[{"embeddable":true,"href":"https:\/\/www.europesays.com\/it\/wp-json\/wp\/v2\/media\/550937"}],"wp:attachment":[{"href":"https:\/\/www.europesays.com\/it\/wp-json\/wp\/v2\/media?parent=550936"}],"wp:term":[{"taxonomy":"category","embeddable":true,"href":"https:\/\/www.europesays.com\/it\/wp-json\/wp\/v2\/categories?post=550936"},{"taxonomy":"post_tag","embeddable":true,"href":"https:\/\/www.europesays.com\/it\/wp-json\/wp\/v2\/tags?post=550936"}],"curies":[{"name":"wp","href":"https:\/\/api.w.org\/{rel}","templated":true}]}}