{"id":551082,"date":"2026-06-22T15:45:14","date_gmt":"2026-06-22T15:45:14","guid":{"rendered":"https:\/\/www.europesays.com\/it\/551082\/"},"modified":"2026-06-22T15:45:14","modified_gmt":"2026-06-22T15:45:14","slug":"francia-due-bambini-morti-dopo-essere-rimasti-chiusi-in-auto-nel-pieno-dellondata-di-calore","status":"publish","type":"post","link":"https:\/\/www.europesays.com\/it\/551082\/","title":{"rendered":"Francia, due bambini morti dopo essere rimasti chiusi in auto nel pieno dell&#8217;ondata di calore"},"content":{"rendered":"<p>    di<br \/>\n    Redazione Online<\/p>\n<p class=\"summary-art is-line-h-12\">I bambini, di 2 e 4 anni, erano stati lasciati in auto dalla madre di rientro dalla spesa. \u00c8 successo a Carpentras, nel sud della Francia<\/p>\n<p class=\"chapter-paragraph\">Due bambini, di 2 e 4 anni, sono stati trovati morti nell\u2019auto della loro famiglia, parcheggiata nel garage, a <b>Carpentras<\/b>, citt\u00e0 del sud della Francia che si trova a circa 30 km da Avignone.\u00a0<br \/>\u00abLe cause della morte\u00bb &#8211;\u00a0ha dichiarato all\u2019Afp\u00a0la procuratrice di Carpentras, H\u00e9l\u00e8ne Mourges &#8211;\u00a0\u00absono ancora da accertare, ma si sta privilegiando l\u2019ipotesi del caldo\u00bb. La Francia &#8211; proprio come l&#8217;Italia &#8211; \u00e8 interessata in questi giorni da un&#8217;ondata di calore estesa e molto intensa.\u00a0<\/p>\n<p class=\"chapter-paragraph\">Secondo quanto ricostruito dai media francesi, i bambini sarebbero rimasti <b>chiusi nell\u2019auto nel garage quando la madre \u00e8 rientrata dalla spesa<\/b>. Sul posto sarebbero ancora in corso le operazioni di intervento.\u00a0    &#13;<br \/>\n&#13;<br \/>\n&#13;<br \/>\n&#13;<br \/>\n&#13;<br \/>\n&#13;<br \/>\n&#13;<br \/>\n&#13;<br \/>\n&#13;<br \/>\n&#13;<br \/>\n&#13;<br \/>\n&#13;<br \/>\n&#13;<br \/>\n&#13;<br \/>\n&#13;<br \/>\n&#13;<br \/>\n&#13;<br \/>\n&#13;<br \/>\n&#13;<br \/>\n&#13;<br \/>\n&#13;<br \/>\n&#13;<br \/>\n&#13;<br \/>\n&#13;<br \/>\n&#13;<br \/>\n&#13;<br \/>\n&#13;<br \/>\n&#13;<br \/>\n&#13;<br \/>\n&#13;<br \/>\n&#13;<br \/>\n&#13;<br \/>\n&#13;<br \/>\n&#13;<br \/>\n&#13;<br \/>\n&#13;<br \/>\n&#13;<br \/>\n&#13;<br \/>\n&#13;<br \/>\n&#13;<br \/>\n&#13;<br \/>\n&#13;<br \/>\n&#13;<br \/>\n&#13;<br \/>\n&#13;<br \/>\n&#13;<br \/>\n&#13;<br \/>\n&#13;<br \/>\n&#13;<br \/>\n&#13;<br \/>\n&#13;<br \/>\n&#13;<br \/>\n&#13;\n<\/p>\n<p class=\"chapter-paragraph\">La madre \u00e8 stata soccorsa dai servizi di emergenza e non \u00e8 ancora stata interrogata, ha precisato la procuratrice. I vigili del fuoco hanno riferito all\u2019Afp di aver ricevuto l&#8217;allarme alle 13:20 e di aver trovato i due bambini \u00abin arresto cardiovascolare\u00bb.\u00a0<\/p>\n<p class=\"chapter-paragraph\">Oggi, 49 dipartimenti francesi &#8211; corrispondenti a circa la met\u00e0 del Paese &#8211; sono in allerta rossa per il caldo e l&#8217;istituto M\u00e9t\u00e9o-France prevede, per la giornata odierna,<b> \u00abla giornata pi\u00f9 calda mai registrata in Francia\u00bb<\/b>. Per gli esperti dell&#8217;istituto, l&#8217;ondata di calore ha una intensit\u00e0 \u00abeccezionale\u00bb, e in questo ricorda quella dell\u2019agosto 2003, che nel Paese aveva causato quasi 15.000 morti.\u00a0<\/p>\n<p class=\"chapter-paragraph\">Articolo in aggiornamento&#8230;<\/p>\n<p class=\"is-last-update\" datetime=\"2026-06-22T16:03:31+02:00\">22 giugno 2026 ( modifica il 22 giugno 2026 | 16:03)<\/p>\n<p class=\"is-copyright\">\n            \u00a9 RIPRODUZIONE RISERVATA\n        <\/p>\n","protected":false},"excerpt":{"rendered":"di Redazione Online I bambini, di 2 e 4 anni, erano stati lasciati in auto dalla madre di&hellip;\n","protected":false},"author":3,"featured_media":551083,"comment_status":"","ping_status":"","sticky":false,"template":"","format":"standard","meta":{"footnotes":"","_share_on_mastodon":"0"},"categories":[6],"tags":[910,2765,788,1534,15085,303891,303892,303893,40360,303894,14,15413,4300,8,1537,90,89,4045,770,7,15,82,9,83,10,15081,36993,13,11,80,84,12,81,85],"class_list":["post-551082","post","type-post","status-publish","format-standard","has-post-thumbnail","category-ultime-notizie","tag-afp","tag-auto","tag-bambini","tag-caldo","tag-calore","tag-carpentras","tag-carpentras-sud","tag-carpentras-sud-francia","tag-chiusi","tag-chiusi-auto","tag-cronaca","tag-francesi","tag-francia","tag-headlines","tag-it","tag-italia","tag-italy","tag-madre","tag-morti","tag-news","tag-notizie","tag-notizie-di-cronaca","tag-notizie-principali","tag-notiziedicronaca","tag-notizieprincipali","tag-ondata","tag-ondata-calore","tag-titoli","tag-ultime-notizie","tag-ultime-notizie-di-cronaca","tag-ultime-notizie-e-news-di-oggi","tag-ultimenotizie","tag-ultimenotiziedicronaca","tag-ultimenotizieenewsdioggi"],"share_on_mastodon":{"url":"","error":"Validation failed: Text character limit of 500 exceeded"},"_links":{"self":[{"href":"https:\/\/www.europesays.com\/it\/wp-json\/wp\/v2\/posts\/551082","targetHints":{"allow":["GET"]}}],"collection":[{"href":"https:\/\/www.europesays.com\/it\/wp-json\/wp\/v2\/posts"}],"about":[{"href":"https:\/\/www.europesays.com\/it\/wp-json\/wp\/v2\/types\/post"}],"author":[{"embeddable":true,"href":"https:\/\/www.europesays.com\/it\/wp-json\/wp\/v2\/users\/3"}],"replies":[{"embeddable":true,"href":"https:\/\/www.europesays.com\/it\/wp-json\/wp\/v2\/comments?post=551082"}],"version-history":[{"count":0,"href":"https:\/\/www.europesays.com\/it\/wp-json\/wp\/v2\/posts\/551082\/revisions"}],"wp:featuredmedia":[{"embeddable":true,"href":"https:\/\/www.europesays.com\/it\/wp-json\/wp\/v2\/media\/551083"}],"wp:attachment":[{"href":"https:\/\/www.europesays.com\/it\/wp-json\/wp\/v2\/media?parent=551082"}],"wp:term":[{"taxonomy":"category","embeddable":true,"href":"https:\/\/www.europesays.com\/it\/wp-json\/wp\/v2\/categories?post=551082"},{"taxonomy":"post_tag","embeddable":true,"href":"https:\/\/www.europesays.com\/it\/wp-json\/wp\/v2\/tags?post=551082"}],"curies":[{"name":"wp","href":"https:\/\/api.w.org\/{rel}","templated":true}]}}