{"id":551145,"date":"2026-06-22T16:36:15","date_gmt":"2026-06-22T16:36:15","guid":{"rendered":"https:\/\/www.europesays.com\/it\/551145\/"},"modified":"2026-06-22T16:36:15","modified_gmt":"2026-06-22T16:36:15","slug":"morto-alan-greenspan-lex-presidente-della-fed-aveva-100-anni","status":"publish","type":"post","link":"https:\/\/www.europesays.com\/it\/551145\/","title":{"rendered":"Morto Alan Greenspan: l&#8217;ex presidente della Fed aveva 100 anni"},"content":{"rendered":"<p>Alan Greenspan, ex presidente della Federal Reserve, \u00e8 morto all\u2019et\u00e0 di 100 anni. Alla guida della banca centrale americana dal 1987 al 2006, attravers\u00f2 quasi due decenni di storia economica Usa sotto quattro presidenti: Ronald Reagan, George H.W. Bush, Bill Clinton e George W. Bush. Il suo linguaggio tecnico e spesso criptico, noto come &#8216;Fedspeak&#8217;, contribu\u00ec a renderlo una delle figure pi\u00f9 riconoscibili della finanza globale. Ecco le frasi che hanno segnato la sua eredit\u00e0 pubblica<\/p>\n","protected":false},"excerpt":{"rendered":"Alan Greenspan, ex presidente della Federal Reserve, \u00e8 morto all\u2019et\u00e0 di 100 anni. Alla guida della banca centrale&hellip;\n","protected":false},"author":3,"featured_media":551146,"comment_status":"","ping_status":"","sticky":false,"template":"","format":"standard","meta":{"footnotes":"","_share_on_mastodon":"0"},"categories":[172],"tags":[178,177,3723,1537,90,89,410],"class_list":["post-551145","post","type-post","status-publish","format-standard","has-post-thumbnail","category-affari","tag-affari","tag-business","tag-fed","tag-it","tag-italia","tag-italy","tag-usa"],"share_on_mastodon":{"url":"https:\/\/pubeurope.com\/@it\/116794739222923976","error":""},"_links":{"self":[{"href":"https:\/\/www.europesays.com\/it\/wp-json\/wp\/v2\/posts\/551145","targetHints":{"allow":["GET"]}}],"collection":[{"href":"https:\/\/www.europesays.com\/it\/wp-json\/wp\/v2\/posts"}],"about":[{"href":"https:\/\/www.europesays.com\/it\/wp-json\/wp\/v2\/types\/post"}],"author":[{"embeddable":true,"href":"https:\/\/www.europesays.com\/it\/wp-json\/wp\/v2\/users\/3"}],"replies":[{"embeddable":true,"href":"https:\/\/www.europesays.com\/it\/wp-json\/wp\/v2\/comments?post=551145"}],"version-history":[{"count":0,"href":"https:\/\/www.europesays.com\/it\/wp-json\/wp\/v2\/posts\/551145\/revisions"}],"wp:featuredmedia":[{"embeddable":true,"href":"https:\/\/www.europesays.com\/it\/wp-json\/wp\/v2\/media\/551146"}],"wp:attachment":[{"href":"https:\/\/www.europesays.com\/it\/wp-json\/wp\/v2\/media?parent=551145"}],"wp:term":[{"taxonomy":"category","embeddable":true,"href":"https:\/\/www.europesays.com\/it\/wp-json\/wp\/v2\/categories?post=551145"},{"taxonomy":"post_tag","embeddable":true,"href":"https:\/\/www.europesays.com\/it\/wp-json\/wp\/v2\/tags?post=551145"}],"curies":[{"name":"wp","href":"https:\/\/api.w.org\/{rel}","templated":true}]}}