{"id":551227,"date":"2026-06-22T17:46:30","date_gmt":"2026-06-22T17:46:30","guid":{"rendered":"https:\/\/www.europesays.com\/it\/551227\/"},"modified":"2026-06-22T17:46:30","modified_gmt":"2026-06-22T17:46:30","slug":"solet-allinter-vacanza-con-adriano-e-la-trattativa","status":"publish","type":"post","link":"https:\/\/www.europesays.com\/it\/551227\/","title":{"rendered":"Solet all&#8217;Inter? Vacanza con Adriano, e la trattativa"},"content":{"rendered":"<p>                                Il difensore dell&#8217;Udinese ha trascorso le vacanze in Brasile e ha incontrato l&#8217;ex Imperatore. Cosa manca per chiudere anche con l&#8217;Udinese<\/p>\n<p class=\"paragraph\" spellcheck=\"true\">Un viaggio in Brasile che si \u00e8 rapidamente trasformato in un&#8217;occasione bella e buona per studiare un po&#8217; di storia passata dell&#8217;Inter, in attesa di capire se, come e quando poter iscrivere il proprio nome in quella futura. Oumar Solet si sta godendo le vacanze dopo l&#8217;ottima stagione vissuta in maglia Udinese, ha trascorso alcuni giorni a Rio de Janeiro in compagnia di un gruppetto di amici (tra cui pure il fratello Isaac, calciatore professionista del CSKA Sofia) e, come in campo, ha colto la palla al balzo per incontrare Adriano. I due hanno trascorso una serata insieme e di sicuro il tema Inter \u00e8 emerso eccome. <a href=\"https:\/\/www.gazzetta.it\/Calcio\/Serie-A\/Udinese\/21-05-2026\/intervista-solet-inter.shtml\" rel=\"nofollow noopener\" target=\"_blank\">Proprio alla Gazzetta, Solet<\/a> aveva confidato la sua passione per Milano: una citt\u00e0 che gli piace e in cui verrebbe a vivere volentieri, di cui ha discusso pure con l&#8217;Imperatore. Adriano era stato re della citt\u00e0 tra serate e festini anche parecchio sopra le righe, ma da bambino il difensore francese si limitava ad osservare ammaliato le giocate del brasiliano in campo. E tra qualche settimana potrebbe diventare lui il protagonista di San Siro.\u00a0\u00a0<\/p>\n<p>        i tempi per chiudere\u2014 \u00a0<\/p>\n<p class=\"paragraph\" spellcheck=\"true\">Una prima offerta l&#8217;Inter all&#8217;Udinese l&#8217;ha spedita, ma le tempistiche potrebbero dilatarsi leggermente. &#8220;Colpa&#8221; di Marco Palestra, acquisto attorno a cui al momento sono concentrate tutte le attenzioni della dirigenza nerazzurra. Per\u00f2 la distanza con il club friulano \u00e8 gi\u00e0 stata ridotta nelle ultime settimane e all&#8217;inizio della prossima, ovvero quella che accompagner\u00e0 l&#8217;Inter verso il raduno prima e al ritiro poi, \u00e8 previsto l&#8217;affondo decisivo. Del resto i nerazzurri possono contare sulla piena volont\u00e0 di Solet di unirsi al gruppo guidato da Chivu, oltre che su un accordo con il giocatore che risulta gi\u00e0 pi\u00f9 che imbastito. Insomma, a questo punto vedere il difensore francese indossare la maglia dell&#8217;Inter pare solo una questione di tempo. E magari, chiacchierando con Adriano, Oumar si \u00e8 gi\u00e0 immaginato tutto quello che sar\u00e0.\u00a0<\/p>\n","protected":false},"excerpt":{"rendered":"Il difensore dell&#8217;Udinese ha trascorso le vacanze in Brasile e ha incontrato l&#8217;ex Imperatore. Cosa manca per chiudere&hellip;\n","protected":false},"author":3,"featured_media":551228,"comment_status":"","ping_status":"","sticky":false,"template":"","format":"standard","meta":{"footnotes":"","_share_on_mastodon":"0"},"categories":[1452],"tags":[46395,11563,3734,721,921,5682,4053,139944,1740,3368,13263,350,1537,90,89,2219,4964,45190,30255,9065,1739,43820,245,244,53787,2817,303959,2644],"class_list":["post-551227","post","type-post","status-publish","format-standard","has-post-thumbnail","category-calcio","tag-accompagnera","tag-adriano","tag-brasile","tag-calcio","tag-campo","tag-chiudere","tag-difensore","tag-difensore-francese","tag-football","tag-francese","tag-imperatore","tag-inter","tag-it","tag-italia","tag-italy","tag-maglia","tag-manca","tag-oumar","tag-rio","tag-serata","tag-soccer","tag-solet","tag-sport","tag-sports","tag-trascorso","tag-udinese","tag-udinese-trascorso","tag-vacanze"],"share_on_mastodon":{"url":"https:\/\/pubeurope.com\/@it\/116795014415725078","error":""},"_links":{"self":[{"href":"https:\/\/www.europesays.com\/it\/wp-json\/wp\/v2\/posts\/551227","targetHints":{"allow":["GET"]}}],"collection":[{"href":"https:\/\/www.europesays.com\/it\/wp-json\/wp\/v2\/posts"}],"about":[{"href":"https:\/\/www.europesays.com\/it\/wp-json\/wp\/v2\/types\/post"}],"author":[{"embeddable":true,"href":"https:\/\/www.europesays.com\/it\/wp-json\/wp\/v2\/users\/3"}],"replies":[{"embeddable":true,"href":"https:\/\/www.europesays.com\/it\/wp-json\/wp\/v2\/comments?post=551227"}],"version-history":[{"count":0,"href":"https:\/\/www.europesays.com\/it\/wp-json\/wp\/v2\/posts\/551227\/revisions"}],"wp:featuredmedia":[{"embeddable":true,"href":"https:\/\/www.europesays.com\/it\/wp-json\/wp\/v2\/media\/551228"}],"wp:attachment":[{"href":"https:\/\/www.europesays.com\/it\/wp-json\/wp\/v2\/media?parent=551227"}],"wp:term":[{"taxonomy":"category","embeddable":true,"href":"https:\/\/www.europesays.com\/it\/wp-json\/wp\/v2\/categories?post=551227"},{"taxonomy":"post_tag","embeddable":true,"href":"https:\/\/www.europesays.com\/it\/wp-json\/wp\/v2\/tags?post=551227"}],"curies":[{"name":"wp","href":"https:\/\/api.w.org\/{rel}","templated":true}]}}