{"id":551343,"date":"2026-06-22T19:21:19","date_gmt":"2026-06-22T19:21:19","guid":{"rendered":"https:\/\/www.europesays.com\/it\/551343\/"},"modified":"2026-06-22T19:21:19","modified_gmt":"2026-06-22T19:21:19","slug":"silea-approvato-il-bilancio-2025","status":"publish","type":"post","link":"https:\/\/www.europesays.com\/it\/551343\/","title":{"rendered":"Silea, approvato il bilancio 2025"},"content":{"rendered":"<p>Confermata la capacit\u00e0 della societ\u00e0 di generare valore per i Comuni Soci<br \/>\nAttenzione alla qualit\u00e0 dei servizi, alla raccolta differenziata e alla transizione verso modelli sempre pi\u00f9 efficienti e sostenibili<\/p>\n<p>VALMADRERA \u2013 <strong>L\u2019Assemblea dei 91 Comuni Soci di Silea ha approvato all\u2019unanimit\u00e0 il bilancio d\u2019esercizio 2025<\/strong>, confermando il ruolo della societ\u00e0 quale riferimento pubblico per la gestione integrata dei rifiuti, la valorizzazione delle raccolte differenziate e la produzione di energia da recupero.<\/p>\n<p>Il bilancio restituisce l\u2019immagine di <strong>un\u2019azienda solida, caratterizzata da una struttura patrimoniale ben equilibrata e con totale assenza di debiti finanziari, nonch\u00e9 da una gestione orientata a reinvestire risorse a favore dei territori serviti<\/strong>.<\/p>\n<p>Il valore della produzione consolidato del 2025 ammonta a <strong>76 milioni di euro<\/strong>, con 5,2 milioni di euro di investimenti effettuati nel corso dell\u2019anno. Gli indicatori economico-finanziari confermano un profilo di redditivit\u00e0 positivo, con un utile netto di 4,4 milioni di euro ed Ebitda pari al 18,7%, superiore alla media nazionale di settore.<\/p>\n<p>Nel corso dell\u2019esercizio sono proseguite le attivit\u00e0 di consolidamento industriale, innovazione dei servizi e rafforzamento del modello in house, in un contesto regolatorio e di mercato particolarmente complesso.<\/p>\n<p><img loading=\"lazy\" decoding=\"async\" class=\"aligncenter size-full wp-image-1046895\" src=\"https:\/\/www.europesays.com\/it\/wp-content\/uploads\/2026\/06\/I-numeri-del-2025-scaled.jpg\" alt=\"\" width=\"2560\" height=\"1961\"  \/><\/p>\n<p>\u201cIl bilancio 2025 conferma la capacit\u00e0 di Silea di generare valore, pur in uno scenario segnato da variabili esterne rilevanti: andamento dei mercati energetici, dinamiche dei prezzi delle materie riciclate, nuovi adempimenti regolatori e trasformazioni del sistema dei servizi ambientali\u201d,<strong> sottolinea la presidente del Cda di Silea, Francesca Rota.<\/strong> \u201cPer noi l\u2019impegno pi\u00f9 importante resta quello di confermarci come punto di riferimento per i Comuni Soci: servizi, strumenti innovativi e sostegno concreto alle politiche ambientali locali. \u00c8 anche in questa prospettiva che dal 2026 Silea \u00e8 diventata \u201csociet\u00e0 benefit\u201d, rafforzando formalmente il proprio impegno a generare valore non solo economico, ma anche ambientale e sociale per il territorio\u201d.<\/p>\n<p>L\u2019Assemblea ha deliberato la distribuzione di dividendi per 1,1 milioni di euro, accantonando la restante parte al rafforzamento del patrimonio aziendale.<\/p>\n<p><img decoding=\"async\" loading=\"lazy\" class=\"aligncenter size-full wp-image-1046893\" src=\"https:\/\/www.europesays.com\/it\/wp-content\/uploads\/2026\/06\/Silea-servizi-al-territorio-2.png\" alt=\"\" width=\"1672\" height=\"941\"  \/>Servizi ai Comuni, innovazione e sviluppo territoriale<\/p>\n<p>Il 2025 \u00e8 stato un anno di intensa attivit\u00e0 a supporto dei Comuni Soci. Silea ha accompagnato il rinnovo degli affidamenti in house fino al 2033, predisponendo i nuovi contratti di servizio, i Piani economico-finanziari di affidamento e gli schemi deliberativi necessari alle amministrazioni comunali.<\/p>\n<p>La societ\u00e0 ha inoltre finalizzato la gestione dei 62 progetti finanziati dal PNRR, sia nella fase di completamento degli interventi sia nelle attivit\u00e0 di monitoraggio e rendicontazione.<\/p>\n<p>\u00c8 proseguita inoltre la riorganizzazione dei servizi per il periodo 2027-2033 che prevede la progressiva internalizzazione di parte delle attivit\u00e0 svolte in appalto.<\/p>\n<p>\u201cIntendiamo rafforzare ulteriormente la gestione diretta dei servizi di igiene urbana oggi affidati all\u2019esterno\u201d, spiega <strong>il direttore generale di Silea, Pietro Antonio D\u2019Alema.<\/strong> \u201cAccorciando la filiera, puntiamo ad aumentare il controllo sui servizi, rendere pi\u00f9 tempestivi gli interventi e assicurare ai Comuni standard pi\u00f9 omogenei e misurabili\u201d. Parallelamente la societ\u00e0 ha proseguito il proprio percorso di sviluppo geografico con l\u2019ingresso di quattro nuovi Comuni Soci della provincia di Bergamo e l\u2019avvio dei relativi servizi dal 1\u00b0 gennaio 2026.<\/p>\n<p><img decoding=\"async\" loading=\"lazy\" class=\"aligncenter size-full wp-image-1046900\" src=\"https:\/\/www.europesays.com\/it\/wp-content\/uploads\/2026\/06\/Silea-servizi-al-territorio-1.png\" alt=\"\" width=\"1672\" height=\"941\"  \/>Economia circolare e transizione energetica<\/p>\n<p><strong>La raccolta differenziata ha raggiunto il 78,5%<\/strong>: il bacino Silea si conferma cos\u00ec tra i pi\u00f9 virtuosi a livello nazionale. Sono aumentati in particolare i quantitativi derivanti dalle raccolte porta a porta, grazie sia al modello di misurazione puntuale \u2013 arrivato a coinvolgere il 95% degli abitanti serviti \u2013 sia alle attivit\u00e0 di sensibilizzazione al fianco delle Amministrazioni Comunali.<\/p>\n<p>\u201cOltre a consolidare la crescita della raccolta differenziata in termini quantitativi, il nostro impegno deve ora concentrarsi sul miglioramento della qualit\u00e0 del materiale e del suo effettivo riciclo\u201d prosegue il direttore generale di Silea, Pietro Antonio D\u2019Alema. \u201cLa misurazione puntuale, i maggiori controlli nei centri di raccolta, le nuove piattaforme digitali e la costante informazione ai cittadini sono le azioni fondamentali attraverso le quali stiamo puntando a valorizzare al meglio le materie prime seconde\u201d.<\/p>\n<p><strong><img decoding=\"async\" loading=\"lazy\" class=\"aligncenter size-full wp-image-1046897\" src=\"https:\/\/www.europesays.com\/it\/wp-content\/uploads\/2026\/06\/Produzione-di-energia-da-rifiuti.png\" alt=\"\" width=\"1672\" height=\"941\"  \/>Dai rifiuti non riciclabili gestiti dal termovalorizzatore sono stati generati 83 milioni di kWh di energia elettrica<\/strong>, ai quali si aggiunge la produzione di 1,7 milioni di metri cubi di biometano derivanti dal trattamento della frazione organica dei rifiuti urbani, raddoppiata rispetto al 2024.<br \/>Sono proseguiti i lavori di espansione delle reti di teleriscaldamento nelle aree di Lecco, Valmadrera e Malgrate, parallelamente alla fornitura di energia termica alle prime utenze gi\u00e0 allacciate.<\/p>\n<p>I proventi dalla vendita di energia e dalla valorizzazione dei materiali derivanti dalla raccolta differenziata vengono portati in abbattimento dei corrispettivi tariffari, secondo quanto prevede Arera.<\/p>\n<p>Seruso e la filiera del riciclo delle plastiche<\/p>\n<p>Nel perimetro del gruppo, <strong>la controllata Seruso ha confermato il proprio ruolo nella selezione e valorizzazione dei materiali, trattando quasi 50.000 tonnellate di rifiuti nel corso del 2025<\/strong>. L\u2019impianto \u00e8 in grado di riconoscere e separare 16 tipologie di plastiche per polimero e per colore, rappresentando dunque un presidio industriale strategico per il comparto lombardo del settore.<\/p>\n<p>\u201cLa filiera del riciclo attraversa una fase complessa caratterizzata da forti pressioni sui mercati, e proprio per questo \u00e8 necessario continuare a investire in qualit\u00e0, efficienza e capacit\u00e0 industriale\u00bb, conclude Francesca Rota. \u00abIl percorso intrapreso da Silea e dalle societ\u00e0 del gruppo va in questa direzione: rafforzare gli impianti, migliorare i servizi e accompagnare i territori verso un modello sempre pi\u00f9 circolare e sostenibile\u201d.<\/p>\n","protected":false},"excerpt":{"rendered":"Confermata la capacit\u00e0 della societ\u00e0 di generare valore per i Comuni Soci Attenzione alla qualit\u00e0 dei servizi, alla&hellip;\n","protected":false},"author":3,"featured_media":551344,"comment_status":"","ping_status":"","sticky":false,"template":"","format":"standard","meta":{"footnotes":"","_share_on_mastodon":"0"},"categories":[172],"tags":[3004,178,1033,177,1537,90,89,103416],"class_list":["post-551343","post","type-post","status-publish","format-standard","has-post-thumbnail","category-affari","tag-3004","tag-affari","tag-bilancio","tag-business","tag-it","tag-italia","tag-italy","tag-silea"],"share_on_mastodon":{"url":"https:\/\/pubeurope.com\/@it\/116795388605664991","error":""},"_links":{"self":[{"href":"https:\/\/www.europesays.com\/it\/wp-json\/wp\/v2\/posts\/551343","targetHints":{"allow":["GET"]}}],"collection":[{"href":"https:\/\/www.europesays.com\/it\/wp-json\/wp\/v2\/posts"}],"about":[{"href":"https:\/\/www.europesays.com\/it\/wp-json\/wp\/v2\/types\/post"}],"author":[{"embeddable":true,"href":"https:\/\/www.europesays.com\/it\/wp-json\/wp\/v2\/users\/3"}],"replies":[{"embeddable":true,"href":"https:\/\/www.europesays.com\/it\/wp-json\/wp\/v2\/comments?post=551343"}],"version-history":[{"count":0,"href":"https:\/\/www.europesays.com\/it\/wp-json\/wp\/v2\/posts\/551343\/revisions"}],"wp:featuredmedia":[{"embeddable":true,"href":"https:\/\/www.europesays.com\/it\/wp-json\/wp\/v2\/media\/551344"}],"wp:attachment":[{"href":"https:\/\/www.europesays.com\/it\/wp-json\/wp\/v2\/media?parent=551343"}],"wp:term":[{"taxonomy":"category","embeddable":true,"href":"https:\/\/www.europesays.com\/it\/wp-json\/wp\/v2\/categories?post=551343"},{"taxonomy":"post_tag","embeddable":true,"href":"https:\/\/www.europesays.com\/it\/wp-json\/wp\/v2\/tags?post=551343"}],"curies":[{"name":"wp","href":"https:\/\/api.w.org\/{rel}","templated":true}]}}