{"id":551351,"date":"2026-06-22T19:30:16","date_gmt":"2026-06-22T19:30:16","guid":{"rendered":"https:\/\/www.europesays.com\/it\/551351\/"},"modified":"2026-06-22T19:30:16","modified_gmt":"2026-06-22T19:30:16","slug":"lise-van-hecke-torna-in-italia-lopposta-belga-e-una-nuova-giocatrice-della-savino-del-bene-volley","status":"publish","type":"post","link":"https:\/\/www.europesays.com\/it\/551351\/","title":{"rendered":"Lise Van Hecke torna in Italia: l&#8217;opposta belga \u00e8 una nuova giocatrice della Savino Del Bene Volley"},"content":{"rendered":"<p align=\"JUSTIFY\">La Savino Del Bene Volley \u00e8 lieta di annunciare l\u2019ingaggio dell\u2019opposta belga Lise Van Hecke per la stagione sportiva 2026-2027.<\/p>\n<p align=\"JUSTIFY\">Dopo quattro stagioni nel massimo campionato giapponese, Van Hecke torna in Italia, Paese nel quale ha costruito gran parte della propria carriera. L\u2019opposta classe 1992 approda a Scandicci dopo aver vestito, nel corso degli anni, le maglie di Urbino, Piacenza, Pesaro, Cuneo e Monza, squadra con cui ha disputato la sua ultima stagione italiana nel campionato 2021-2022.<\/p>\n<p align=\"JUSTIFY\">Nell\u2019ultima annata sportiva, la 2025-2026, Lise Van Hecke ha militato nell\u2019Osaka Marvelous, formazione con la quale ha raggiunto il secondo posto nel campionato giapponese. La giocatrice belga ha chiuso la regular season con 743 punti realizzati in 44 partite, impreziositi da 59 muri vincenti e 20 ace. Nei play-off ha poi fatto registrare 93 punti, 11 muri e 3 ace, confermandosi tra le opposte pi\u00f9 prolifiche del torneo.<\/p>\n<p align=\"JUSTIFY\">Queste le prime parole di Lise Van Hecke da giocatrice della Savino Del Bene Volley:<\/p>\n<p align=\"JUSTIFY\">\u201cSono innanzitutto molto contenta di tornare in Italia, perch\u00e9 per me \u00e8 sempre stata una seconda casa, ed \u00e8 anche per questo che ho scelto di rientrare. L\u2019esperienza in Giappone \u00e8 stata bellissima; \u00e8 stata lunga e impegnativa, ma mi sono trovata molto bene. La Savino Del Bene Volley \u00e8 sempre stata una societ\u00e0 seria che, negli anni, \u00e8 cresciuta tantissimo. Lo si \u00e8 visto anche con la vittoria del Mondiale per Club. Questo mi ha spinto a venire qui, perch\u00e9 desideravo tornare in una squadra forte come la Savino Del Bene Volley.\u201d<\/p>\n<p><b>LA CARRIERA DI LISE VAN HECKE<\/b><\/p>\n<p align=\"JUSTIFY\">Nata a Sint-Niklaas il 1\u00b0 luglio 1992, Lise Van Hecke ha iniziato la propria carriera professionistica nel 2008 con l\u2019Asterix Kieldrecht, nel massimo campionato belga. In tre stagioni ha conquistato due titoli nazionali, due Coppe del Belgio e una Supercoppa belga, affermandosi come uno dei migliori talenti della pallavolo del suo Paese.<\/p>\n<p align=\"JUSTIFY\">Parallelamente al percorso nei club, Van Hecke si \u00e8 messa in evidenza anche con le selezioni nazionali giovanili del Belgio. Nel 2009 ha conquistato la medaglia d\u2019oro al Campionato Europeo Under 18, ricevendo anche il premio di MVP della manifestazione, mentre nello stesso anno ha ottenuto la medaglia di bronzo al Campionato Mondiale Under 18. Gi\u00e0 dal 2007 \u00e8 entrata inoltre nel giro della nazionale maggiore, con la quale ha vinto la medaglia d\u2019argento all\u2019European League 2013 e la medaglia di bronzo al Campionato Europeo 2013.<\/p>\n<p align=\"JUSTIFY\">Nella stagione 2011-2012 \u00e8 approdata in Italia, ingaggiata dalla Chateau D\u2019Ax Urbino Volley in Serie A1. L\u2019esperienza marchigiana \u00e8 durata due annate e ha rappresentato il primo capitolo di un lungo rapporto con il campionato italiano.<\/p>\n<p align=\"JUSTIFY\">Nel 2013 si \u00e8 trasferita al Rebecchi Nordmeccanica Piacenza, club con il quale ha vissuto alcune delle stagioni pi\u00f9 vincenti della propria carriera: conquistando lo Scudetto 2013-2014, la Coppa Italia 2013-2014 e due Supercoppe Italiane.<\/p>\n<p align=\"JUSTIFY\">Per la stagione 2015-2016 ha scelto di misurarsi con la Superliga brasiliana, vestendo la maglia dell\u2019Osasco e aggiudicandosi il Campionato Paulista.<\/p>\n<p align=\"JUSTIFY\">L\u2019annata successiva l\u2019ha vista protagonista in Turchia con il Be\u015fikta\u015f, formazione con cui ha disputato la Sultanlar Ligi.<\/p>\n<p align=\"JUSTIFY\">Nel 2017 \u00e8 tornata in Italia per difendere i colori della myCicero Pesaro, mentre nella stagione successiva \u00e8 passata al Cuneo Granda Volley. L\u2019esperienza piemontese si \u00e8 protratta per due campionati, consolidando ulteriormente il suo status di attaccante di riferimento della Serie A1.<\/p>\n<p align=\"JUSTIFY\">Nel 2020 si \u00e8 trasferita al Vero Volley Monza, dove \u00e8 rimasta per due stagioni. Con la formazione brianzola ha conquistato la Coppa CEV, aggiungendo un nuovo trofeo internazionale al proprio palmar\u00e8s.<\/p>\n<p align=\"JUSTIFY\">A partire dalla stagione 2022-2023 ha intrapreso una nuova esperienza all\u2019estero trasferendosi in Giappone. Ha difeso inizialmente i colori del Saga Hisamitsu Springs, per poi vestire la maglia delle Toyota Auto Body Queenseis nella stagione successiva.<\/p>\n<p align=\"JUSTIFY\">Dal 2024 \u00e8 entrata a far parte dell\u2019Osaka Marvelous, club con il quale ha disputato due stagioni. Nel campionato 2024-2025 ha conquistato il titolo nazionale giapponese, mentre nell\u2019annata 2025-2026 ha guidato la squadra fino al secondo posto finale.<\/p>\n<p align=\"JUSTIFY\">Dopo una carriera ricca di successi in Belgio, Italia, Brasile, Turchia e Giappone, Lise Van Hecke \u00e8 ora pronta a iniziare una nuova avventura con la maglia della Savino Del Bene Volley.<\/p>\n","protected":false},"excerpt":{"rendered":"La Savino Del Bene Volley \u00e8 lieta di annunciare l\u2019ingaggio dell\u2019opposta belga Lise Van Hecke per la stagione&hellip;\n","protected":false},"author":3,"featured_media":551352,"comment_status":"","ping_status":"","sticky":false,"template":"","format":"standard","meta":{"footnotes":"","_share_on_mastodon":"0"},"categories":[1474],"tags":[1537,90,89,304015,304016,112757,2347,31172,79592,31176,14447,18406,245,244,304017,1869],"class_list":["post-551351","post","type-post","status-publish","format-standard","has-post-thumbnail","category-volley","tag-it","tag-italia","tag-italy","tag-lise","tag-lise-van-hecke","tag-opposta","tag-pallavolo","tag-savino-del-bene","tag-savino-del-bene-scandicci","tag-savino-del-bene-volley","tag-scandicci","tag-serie-a1","tag-sport","tag-sports","tag-van-hecke","tag-volley"],"share_on_mastodon":{"url":"https:\/\/pubeurope.com\/@it\/116795423177530902","error":""},"_links":{"self":[{"href":"https:\/\/www.europesays.com\/it\/wp-json\/wp\/v2\/posts\/551351","targetHints":{"allow":["GET"]}}],"collection":[{"href":"https:\/\/www.europesays.com\/it\/wp-json\/wp\/v2\/posts"}],"about":[{"href":"https:\/\/www.europesays.com\/it\/wp-json\/wp\/v2\/types\/post"}],"author":[{"embeddable":true,"href":"https:\/\/www.europesays.com\/it\/wp-json\/wp\/v2\/users\/3"}],"replies":[{"embeddable":true,"href":"https:\/\/www.europesays.com\/it\/wp-json\/wp\/v2\/comments?post=551351"}],"version-history":[{"count":0,"href":"https:\/\/www.europesays.com\/it\/wp-json\/wp\/v2\/posts\/551351\/revisions"}],"wp:featuredmedia":[{"embeddable":true,"href":"https:\/\/www.europesays.com\/it\/wp-json\/wp\/v2\/media\/551352"}],"wp:attachment":[{"href":"https:\/\/www.europesays.com\/it\/wp-json\/wp\/v2\/media?parent=551351"}],"wp:term":[{"taxonomy":"category","embeddable":true,"href":"https:\/\/www.europesays.com\/it\/wp-json\/wp\/v2\/categories?post=551351"},{"taxonomy":"post_tag","embeddable":true,"href":"https:\/\/www.europesays.com\/it\/wp-json\/wp\/v2\/tags?post=551351"}],"curies":[{"name":"wp","href":"https:\/\/api.w.org\/{rel}","templated":true}]}}