{"id":551459,"date":"2026-06-22T21:05:18","date_gmt":"2026-06-22T21:05:18","guid":{"rendered":"https:\/\/www.europesays.com\/it\/551459\/"},"modified":"2026-06-22T21:05:18","modified_gmt":"2026-06-22T21:05:18","slug":"il-test-pirelli-a-brno-si-conclude-con-aprilia-in-testa-e-una-lieve-caduta-di-marquez","status":"publish","type":"post","link":"https:\/\/www.europesays.com\/it\/551459\/","title":{"rendered":"Il test Pirelli a Brno si conclude con Aprilia in testa e una lieve caduta di Marquez"},"content":{"rendered":"<p>La prossima stagione il produttore italiano Pirelli, lo stesso che rifornisce la Formula 1, diventer\u00e0 il fornitore unico di pneumatici della MotoGP, iniziando una nuova era nel campionato del mondo, in cui oltre alle nuove gomme, la classe regina disporr\u00e0 di un motore da 850cc, invece delle attuali mille, oltre ad una riduzione dell&#8217;aerodinamica ed al bando degli abbassatori, che inizieranno gi\u00e0 a essere eliminati ad Assen questo prossimo fine settimana, almeno per quanto riguarda quelli utilizzati in partenza nella parte anteriore della moto.<\/p>\n<p>Poco \u00e8 trapelato dal test, che si \u00e8 tenuto oggi a Brno, lo stesso tracciato che questo fine settimana ha ospitato il GP di Repubblica Ceca. Questo che significa che la pista era gommata, e anche se la temperatura ambiente era leggermente inferiore rispetto a domenica, il caldo era soffocante.<\/p>\n<p>La giornata di test era assolutamente a porte chiuse, ma Motorsport.com ha potuto sapere che <a href=\"https:\/\/it.motorsport.com\/driver\/marc-marquez\/159980\/\" target=\"_blank\" rel=\"noopener nofollow\">Marc Marquez<\/a> \u00e8 caduto senza che, fortunatamente, riportasse danni. Uno dei grandi obiettivi di tutti i piloti convocati.<\/p>\n<p>Aprilia la pi\u00f9 veloce<\/p>\n<p>Anche se non \u00e8 stato fornito alcun tipo di informazione sui tempi, \u00e8 trapelato che il produttore di pneumatici ha concluso molto soddisfatto del risultato delle prove e che i piloti dell&#8217;Aprilia hanno ottenuto i migliori tempi, un 1&#8217;54&#8243;0, a nove decimi dal giro veloce (1&#8217;53&#8243;122) in gara di <a href=\"https:\/\/it.motorsport.com\/driver\/fabio-di-giannantonio\/177448\/\" target=\"_blank\" rel=\"noopener nofollow\">Fabio Di Giannantonio<\/a> domenica, e a poco meno di tre secondi dalla pole di <a href=\"https:\/\/it.motorsport.com\/driver\/ai-ogura\/471464\/\" target=\"_blank\" rel=\"noopener nofollow\">Ai Ogura<\/a> (1&#8217;51&#8243;139).<\/p>\n<p>   <img decoding=\"async\" draggable=\"false\" src=\"https:\/\/www.europesays.com\/it\/wp-content\/uploads\/2026\/06\/1782162316_642_marco-bezzecchi-aprilia-racing.jpg\" alt=\"Marco Bezzecchi, Aprilia Racing\" loading=\"lazy\" width=\"1200\" height=\"800\"\/> <\/p>\n<p class=\"title\">Marco Bezzecchi, Aprilia Racing<\/p>\n<p class=\"photographer\">Foto de: Pirelli<\/p>\n<p>Alcune informazioni non confermate abbassano quel tempo delle due Aprilia a 1&#8217;53&#8243;9, con Ducati in 1&#8217;54&#8221;, KTM in 1&#8217;54&#8243;3 e le Honda in 1&#8217;55&#8221;.<\/p>\n<p>La caratteristica principale del test \u00e8 che era il primo per piloti titolari e sotto contratto, anche se qualche costruttore ha schierato piloti che il prossimo anno gareggeranno con altre moto.<\/p>\n<p>Le soluzioni sviluppate da Pirelli sono state provate da Marc Marquez e <a href=\"https:\/\/it.motorsport.com\/driver\/fermin-aldeguer\/945238\/\" target=\"_blank\" rel=\"noopener nofollow\">Fermin Aldeguer<\/a> (<a href=\"https:\/\/it.motorsport.com\/team\/ducati\/2259\/\" target=\"_blank\" rel=\"noopener nofollow\">Ducati<\/a>), <a href=\"https:\/\/it.motorsport.com\/driver\/marco-bezzecchi\/177443\/\" target=\"_blank\" rel=\"noopener nofollow\">Marco Bezzecchi<\/a> e <a href=\"https:\/\/it.motorsport.com\/driver\/raul-fernandez\/443087\/\" target=\"_blank\" rel=\"noopener nofollow\">Raul Fern\u00e1ndez<\/a> (Aprilia), <a href=\"https:\/\/it.motorsport.com\/driver\/luca-marini\/314649\/\" target=\"_blank\" rel=\"noopener nofollow\">Luca Marini<\/a> e <a href=\"https:\/\/it.motorsport.com\/driver\/joan-mir\/289394\/\" target=\"_blank\" rel=\"noopener nofollow\">Joan Mir<\/a> (<a href=\"https:\/\/it.motorsport.com\/team\/honda-motogp\/2260\/\" target=\"_blank\" rel=\"noopener nofollow\">Honda<\/a>), Toprak Razgatl\u0131oglu (<a href=\"https:\/\/it.motorsport.com\/team\/yamaha-factory-racing\/2258\/\" target=\"_blank\" rel=\"noopener nofollow\">Yamaha<\/a>) e <a href=\"https:\/\/it.motorsport.com\/driver\/pedro-acosta\/458181\/\" target=\"_blank\" rel=\"noopener nofollow\">Pedro Acosta<\/a> (<a href=\"https:\/\/it.motorsport.com\/team\/red-bull-ktm-factory-racing-mxgp\/2011\/\" target=\"_blank\" rel=\"noopener nofollow\">KTM<\/a>), insieme ai collaudatori <a href=\"https:\/\/it.motorsport.com\/driver\/daniel-pedrosa\/159900\/\" target=\"_blank\" rel=\"noopener nofollow\">Daniel Pedrosa<\/a> e <a href=\"https:\/\/it.motorsport.com\/driver\/pol-espargaro\/161663\/\" target=\"_blank\" rel=\"noopener nofollow\">Pol Espargar\u00f3<\/a> (KTM) ed <a href=\"https:\/\/it.motorsport.com\/driver\/augusto-fernandez\/256415\/\" target=\"_blank\" rel=\"noopener nofollow\">Augusto Fern\u00e1ndez<\/a> (Yamaha). La giornata di prove si \u00e8 svolta per lo pi\u00f9 con sole al mattino e con cielo leggermente pi\u00f9 nuvoloso a partire da met\u00e0 pomeriggio, con temperature dell&#8217;aria e della pista simili a quelle registrate durante il fine settimana di gara.<\/p>\n<p>Oltre alle moto da 850cc che debutteranno il prossimo anno, alcuni costruttori hanno preparato moto attuali adattate per simulare la configurazione tecnica del 2027.<\/p>\n<p>&#8220;Vorrei ringraziare i piloti e i costruttori per la loro collaborazione e l&#8217;entusiasmo dimostrato in questo importante test, nel nostro cammino verso la MotoGP 2027&#8221;, spiega Giorgio Barbier, Direttore di Pirelli Motorcycle Racing.<\/p>\n<p>   <img decoding=\"async\" draggable=\"false\" src=\"https:\/\/www.europesays.com\/it\/wp-content\/uploads\/2026\/06\/1782162317_846_pedro-acosta-red-bull-ktm-fact.jpg\" alt=\"Pedro Acosta, Red Bull KTM Factory Racing\" loading=\"lazy\" width=\"1200\" height=\"800\"\/> <\/p>\n<p class=\"title\">Pedro Acosta, Red Bull KTM Factory Racing<\/p>\n<p class=\"photographer\">Foto de: Pirelli<\/p>\n<p>&#8220;I programmi di test erano impegnativi, con molte soluzioni da valutare, dopo un fine settimana di gare segnato da alte temperature e a pochi giorni dal prossimo Gran Premio. Dopo le sessioni private che finora si erano svolte solo con collaudatori, a Brno abbiamo finalmente potuto raccogliere informazioni utili sugli pneumatici del 2027 per le future moto da 850cc, anche da alcuni piloti sotto contratto&#8221;, continua il dirigente.<\/p>\n<p>&#8220;Tutti i costruttori hanno completato i programmi concordati, con piani di test differenziati per le due moto, per massimizzare la raccolta dei dati, e alcuni piloti hanno anche effettuato simulazioni di Sprint e stint sulla distanza di gara completa. La collaborazione con piloti e costruttori continua a essere molto costruttiva e gli sviluppi procedono come previsto&#8221;.<\/p>\n<p>A partire dai dati raccolti da Pirelli questo luned\u00ec, il produttore compir\u00e0 un nuovo passo nell&#8217;evoluzione del suo catalogo per il 2027.<\/p>\n<p>&#8220;I dati raccolti oggi, insieme a quelli dei prossimi test privati, a partire dal test di settembre dopo il GP d&#8217;Austria e la prova di fine stagione a Valencia, saranno fondamentali per definire le caratteristiche finali della gamma 2027&#8221;, ha detto Barbier.<\/p>\n<p>Il test di oggi \u00e8 stato il primo delle tre sessioni programmate durante la stagione con piloti titolari. Le successive si terranno il luned\u00ec successivo al Gran Premio d&#8217;Austria al Red Bull Ring di Spielberg e il marted\u00ec dopo l&#8217;ultimo Gran Premio della stagione, a Valencia.<\/p>\n<p>   <img decoding=\"async\" draggable=\"false\" src=\"https:\/\/www.europesays.com\/it\/wp-content\/uploads\/2026\/06\/toprak-razgatlioglu-pramac-rac.jpg\" alt=\"Toprak Razgatlioglu, Pramac Racing\" loading=\"lazy\" width=\"1200\" height=\"800\"\/> <\/p>\n<p class=\"title\">Toprak Razgatlioglu, Pramac Racing<\/p>\n<p class=\"photographer\">Foto di: Pirelli<\/p>\n<p>Leggi anche:<\/p>\n<p>            Vogliamo la vostra opinione!<\/p>\n<p class=\"mt-auto\">Cosa vorresti vedere su Motorsport.com?<\/p>\n<p>            <a href=\"#\" class=\"ms-link text-link font-bold\">Partecipate al nostro sondaggio di 5 minuti.<\/a><\/p>\n<p class=\"mt-1 text-body\">&#8211; Il team di Motorsport.com<\/p>\n","protected":false},"excerpt":{"rendered":"La prossima stagione il produttore italiano Pirelli, lo stesso che rifornisce la Formula 1, diventer\u00e0 il fornitore unico&hellip;\n","protected":false},"author":3,"featured_media":551460,"comment_status":"","ping_status":"","sticky":false,"template":"","format":"standard","meta":{"footnotes":"","_share_on_mastodon":"0"},"categories":[176],"tags":[8479,1787,2834,6152,1537,90,89,1785,304077,8478,245,244,304078,8480],"class_list":["post-551459","post","type-post","status-publish","format-standard","has-post-thumbnail","category-sport","tag-aprilia-racing-team","tag-brno-circuit","tag-ducati-team","tag-honda-hrc","tag-it","tag-italia","tag-italy","tag-motogp","tag-motogp-il-test-pirelli-a-brno-si-conclude-con-aprilia-in-testa-e-una-lieve-caduta-di-marquez","tag-red-bull-ktm-factory-racing","tag-sport","tag-sports","tag-test-gomme-2027-a-brno","tag-yamaha-factory-racing"],"share_on_mastodon":{"url":"https:\/\/pubeurope.com\/@it\/116795797229330315","error":""},"_links":{"self":[{"href":"https:\/\/www.europesays.com\/it\/wp-json\/wp\/v2\/posts\/551459","targetHints":{"allow":["GET"]}}],"collection":[{"href":"https:\/\/www.europesays.com\/it\/wp-json\/wp\/v2\/posts"}],"about":[{"href":"https:\/\/www.europesays.com\/it\/wp-json\/wp\/v2\/types\/post"}],"author":[{"embeddable":true,"href":"https:\/\/www.europesays.com\/it\/wp-json\/wp\/v2\/users\/3"}],"replies":[{"embeddable":true,"href":"https:\/\/www.europesays.com\/it\/wp-json\/wp\/v2\/comments?post=551459"}],"version-history":[{"count":0,"href":"https:\/\/www.europesays.com\/it\/wp-json\/wp\/v2\/posts\/551459\/revisions"}],"wp:featuredmedia":[{"embeddable":true,"href":"https:\/\/www.europesays.com\/it\/wp-json\/wp\/v2\/media\/551460"}],"wp:attachment":[{"href":"https:\/\/www.europesays.com\/it\/wp-json\/wp\/v2\/media?parent=551459"}],"wp:term":[{"taxonomy":"category","embeddable":true,"href":"https:\/\/www.europesays.com\/it\/wp-json\/wp\/v2\/categories?post=551459"},{"taxonomy":"post_tag","embeddable":true,"href":"https:\/\/www.europesays.com\/it\/wp-json\/wp\/v2\/tags?post=551459"}],"curies":[{"name":"wp","href":"https:\/\/api.w.org\/{rel}","templated":true}]}}