{"id":551482,"date":"2026-06-22T21:25:16","date_gmt":"2026-06-22T21:25:16","guid":{"rendered":"https:\/\/www.europesays.com\/it\/551482\/"},"modified":"2026-06-22T21:25:16","modified_gmt":"2026-06-22T21:25:16","slug":"ecco-perche-tanti-calciatori-ai-mondiali-hanno-i-calzettoni-bucati","status":"publish","type":"post","link":"https:\/\/www.europesays.com\/it\/551482\/","title":{"rendered":"Ecco perch\u00e9 tanti calciatori ai Mondiali hanno i calzettoni bucati"},"content":{"rendered":"<p>    di<br \/>\n    Cecilia Mussi<\/p>\n<p class=\"summary-art is-line-h-12\">Spieghiamolo subito: non \u00e8 una questione di bassa qualit\u00e0 del prodotto e  nemmeno un vezzo stilistico<\/p>\n<p class=\"chapter-paragraph\">Ai <a href=\"https:\/\/www.corriere.it\/sport\/calcio\/mondiali\/\" target=\"_blank\" rel=\"nofollow noopener\">mondiali di calcio<\/a> ogni dettaglio viene passato ai raggi X: prima ci sono state le magliette con gli <b>adesivi per debuttanti, poi <a href=\"https:\/\/www.corriere.it\/sport\/calcio\/mondiali\/26_giugno_16\/mondiali-colore-rosa-82a786c2-a76c-4e81-8d8a-c3ae8a3aaxlk.shtml\" target=\"_blank\" rel=\"nofollow noopener\">le scarpe rosa<\/a>, ora i calzettoni bucati<\/b>. Si sono visti durante Stati Uniti-Australia, ma anche in altre occasioni, come le partite dell\u2019Inghilterra. Il motivo? Non \u00e8 una questione di bassa qualit\u00e0 del prodotto, nemmeno un vezzo stilistico.\u00a0<\/p>\n<p class=\"chapter-paragraph\">Come <a href=\"https:\/\/urldefense.com\/v3\/__https:\/www.nytimes.com\/athletic\/7378485\/2026\/06\/20\/why-players-cut-holes-socks\/__;!!GgY6cLU_GgY!VYAUTM9Mm_7TBrfL67B-AIUEBsDb0eM4J-bapZ5E6wzkXY7TojWnNcxuX5qYbPRAymgGHRUVzINHpN2OBBzFxQ%24\" target=\"_blank\" rel=\"nofollow noopener\">spiega The Athletic<\/a>, secondo molti giocatori che hanno questa abitudine anche durante la stagione, <b>si tratta soprattutto di comodit\u00e0. <\/b>I calzettoni infatti sono molto aderenti ai polpacci e lo sono ancora di pi\u00f9 quando devono contenere i parastinchi (piccoli o grandi che siano). Alcuni marchi li producono cos\u00ec per rendere pi\u00f9 visibile il logo del brand una volta indossati, anche se i nuovi materiali come il polipropilene li hanno resi pi\u00f9 elastici e comodi. L\u2019aderenza al muscolo provoca forte pressione sulla parte inferiore della gamba e questa pu\u00f2 essere tale da <b>creare fastidio durante le lunghe partite<\/b>, soprattutto se si svolgono a temperature elevate, come nel caso della Coppa del mondo 2026. Per allentarla, i giocatori hanno ideato questo stratagemma con <b>uno, due o pi\u00f9 tagli, che consentono a tutta la gamba di respirare<\/b> meglio ed evitare cos\u00ec crampi o infortuni.    &#13;<br \/>\n&#13;<br \/>\n&#13;<br \/>\n&#13;<br \/>\n&#13;<br \/>\n&#13;<br \/>\n&#13;<br \/>\n&#13;<br \/>\n&#13;<br \/>\n&#13;<br \/>\n&#13;<br \/>\n&#13;<br \/>\n&#13;<br \/>\n&#13;<br \/>\n&#13;<br \/>\n&#13;<br \/>\n&#13;<br \/>\n&#13;<br \/>\n&#13;<br \/>\n&#13;<br \/>\n&#13;<br \/>\n&#13;<br \/>\n&#13;<br \/>\n&#13;<br \/>\n&#13;<br \/>\n&#13;<br \/>\n&#13;<br \/>\n&#13;<br \/>\n&#13;<br \/>\n&#13;<br \/>\n&#13;<br \/>\n&#13;<br \/>\n&#13;<br \/>\n&#13;<br \/>\n&#13;<br \/>\n&#13;<br \/>\n&#13;<br \/>\n&#13;<br \/>\n&#13;<br \/>\n&#13;<br \/>\n&#13;<br \/>\n&#13;<br \/>\n&#13;<br \/>\n&#13;<br \/>\n&#13;<br \/>\n&#13;<br \/>\n&#13;<br \/>\n&#13;<br \/>\n&#13;<br \/>\n&#13;<br \/>\n&#13;<br \/>\n&#13;<br \/>\n&#13;\n<\/p>\n<p class=\"chapter-paragraph\">La pratica di tagliare una parte di calze o di eventuali bende si \u00e8 gi\u00e0 vista anche in altri sport, come il cricket, dove i lanciatori a volte creano dei buchi nelle calze per lasciare pi\u00f9 libert\u00e0 alle dita mentre si muovono. \u00c8 stato il calcio, per\u00f2, a farla diventare una moda globale. E non da questi mondiali, perch\u00e9 gi\u00e0 da qualche anno si vedono sui campi di mezzo mondo questi particolari calzettoni. Parliamo di moda perch\u00e9 alcuni calciatori hanno motivato la scelta anche <b>per motivi psicologici e di scaramanzia:<\/b> da una parte si sentono pi\u00f9 liberi, dall\u2019altra se una partita \u00e8 andata bene, non c\u2019\u00e8 motivo di interrompere un rituale che potrebbe essere d\u2019aiuto anche in quella successiva.\u00a0<\/p>\n<p class=\"chapter-paragraph\">Bisogna specificare, invece, che fino ad oggi <b>non sono state trovate delle evidenze scientifiche<\/b> a supporto del trend: alcuni medici interpellati da The Athletic hanno spiegato che la pressione non cambia in modo cos\u00ec importante grazie ai tagli e soprattutto i giocatori si muovono cos\u00ec tanto che i possibili problemi di gonfiori non sono in cima alla lista delle preoccupazioni dei team durante le partite.<br \/>Che sia o meno una questione fisica, \u00e8 evidente che oggi i giocatori vogliono avere un buco nei calzettoni. Rimane per\u00f2 un altro quesito, cio\u00e8 come mai <b>non vengano prodotte delle calze gi\u00e0 dotate di tagli<\/b>, cos\u00ec da mettere tutti d\u2019accordo. I giocatori hanno decine di scarpe diverse per la stagione (e anche per i mondiali), kit di maglie di allenamento e da gara, ma sempre la stessa tipologia di calzettoni. In questo caso il motivo sembra essere legato ai costi di produzione, che sono pi\u00f9 elevati in percentuale rispetto a quelli di una maglietta o di un paio di scarpe.\u00a0<\/p>\n<p>APPROFONDISCI CON IL PODCAST<\/p>\n<p class=\"is-last-update\" datetime=\"2026-06-22T19:52:40+02:00\">22 giugno 2026 ( modifica il 22 giugno 2026 | 19:52)<\/p>\n<p class=\"is-copyright\">\n            \u00a9 RIPRODUZIONE RISERVATA\n        <\/p>\n","protected":false},"excerpt":{"rendered":"di Cecilia Mussi Spieghiamolo subito: non \u00e8 una questione di bassa qualit\u00e0 del prodotto e nemmeno un vezzo&hellip;\n","protected":false},"author":3,"featured_media":551483,"comment_status":"","ping_status":"","sticky":false,"template":"","format":"standard","meta":{"footnotes":"","_share_on_mastodon":"0"},"categories":[1452],"tags":[167129,21812,23880,304079,66363,1952,721,154846,102049,304080,1740,10010,3412,1537,90,89,3112,4422,10819,49185,4283,10360,12619,304081,304082,4963,304083,304084,860,14285,1739,337,245,244,4740],"class_list":["post-551482","post","type-post","status-publish","format-standard","has-post-thumbnail","category-calcio","tag-athletic","tag-bassa","tag-bassa-qualita","tag-bassa-qualita-prodotto","tag-bucati","tag-calciatori","tag-calcio","tag-calze","tag-calzettoni","tag-calzettoni-bucati","tag-football","tag-gamba","tag-giocatori","tag-it","tag-italia","tag-italy","tag-moda","tag-mondiali","tag-motivo","tag-muovono","tag-partite","tag-pressione","tag-prodotto","tag-prodotto-vezzo","tag-prodotto-vezzo-stilistico","tag-qualita","tag-qualita-prodotto","tag-qualita-prodotto-vezzo","tag-questione","tag-scarpe","tag-soccer","tag-soprattutto","tag-sport","tag-sports","tag-tagli"],"share_on_mastodon":{"url":"https:\/\/pubeurope.com\/@it\/116795875425909030","error":""},"_links":{"self":[{"href":"https:\/\/www.europesays.com\/it\/wp-json\/wp\/v2\/posts\/551482","targetHints":{"allow":["GET"]}}],"collection":[{"href":"https:\/\/www.europesays.com\/it\/wp-json\/wp\/v2\/posts"}],"about":[{"href":"https:\/\/www.europesays.com\/it\/wp-json\/wp\/v2\/types\/post"}],"author":[{"embeddable":true,"href":"https:\/\/www.europesays.com\/it\/wp-json\/wp\/v2\/users\/3"}],"replies":[{"embeddable":true,"href":"https:\/\/www.europesays.com\/it\/wp-json\/wp\/v2\/comments?post=551482"}],"version-history":[{"count":0,"href":"https:\/\/www.europesays.com\/it\/wp-json\/wp\/v2\/posts\/551482\/revisions"}],"wp:featuredmedia":[{"embeddable":true,"href":"https:\/\/www.europesays.com\/it\/wp-json\/wp\/v2\/media\/551483"}],"wp:attachment":[{"href":"https:\/\/www.europesays.com\/it\/wp-json\/wp\/v2\/media?parent=551482"}],"wp:term":[{"taxonomy":"category","embeddable":true,"href":"https:\/\/www.europesays.com\/it\/wp-json\/wp\/v2\/categories?post=551482"},{"taxonomy":"post_tag","embeddable":true,"href":"https:\/\/www.europesays.com\/it\/wp-json\/wp\/v2\/tags?post=551482"}],"curies":[{"name":"wp","href":"https:\/\/api.w.org\/{rel}","templated":true}]}}