{"id":551718,"date":"2026-06-23T01:08:27","date_gmt":"2026-06-23T01:08:27","guid":{"rendered":"https:\/\/www.europesays.com\/it\/551718\/"},"modified":"2026-06-23T01:08:27","modified_gmt":"2026-06-23T01:08:27","slug":"belen-rodriguez-ed-elisabetta-canalis-da-sanremo-a-tu-si-que-vales","status":"publish","type":"post","link":"https:\/\/www.europesays.com\/it\/551718\/","title":{"rendered":"Belen Rodriguez ed Elisabetta Canalis, da Sanremo a Tu s\u00ec que vales"},"content":{"rendered":"<p>                        <img loading=\"lazy\" decoding=\"async\" src=\"https:\/\/www.europesays.com\/it\/wp-content\/uploads\/2026\/06\/d59a8d4e72fdbab7ae1cef7709c91c0c.jpg\" alt=\"Belen Rodriguez ed Elisabetta Canalis all'epoca di Sanremo 2011\" class=\"articlePreview__img\"\/><\/p>\n<p class=\"article__imageInfoText\">\n                      Belen Rodriguez ed Elisabetta Canalis all&#8217;epoca di Sanremo 2011\n                    <\/p>\n<p>\n                          <strong>Belen Rodriguez<\/strong> \u00e8 tornata a Tu s\u00ec que vales. Sembrava una notizia destinata a non concretizzarsi mai, e invece la conferma \u00e8 arrivata direttamente dal talent show: la showgirl \u00e8 stata accolta nuovamente sulla nave madre, seppur in una veste completamente nuova.\n                        <\/p>\n<p>                        Belen Rodriguez: il ritorno a Tu s\u00ec que valesL\u2019annuncio del suo come back \u00e8 arrivato attraverso un video pubblicato sulla pagina Instagram ufficiale di Tu s\u00ec que vales. Un dietro le quinte che la mostra in attesa di fare il suo ingresso in studio. Per l\u2019occasione, Rodriguez ha scelto un mini abito molto aderente che valorizza il suo fisico da modella, con uno scollo alto e una fantasia sfumata nei toni del turchese, del marrone e del verde salvia. Un look deciso, che sembra incarnare perfettamente lo spirito con cui Belen <strong><a style=\"color: #ff0000;\" href=\"https:\/\/www.oggi.it\/people\/celebs\/2026\/06\/11\/belen-rodriguez-rompe-il-silenzio-la-verita-sui-giorni-piu-difficili-e-sullisola-dei-famosi\/\" rel=\"nofollow noopener\" target=\"_blank\">torna in televisione dopo un periodo particolarmente difficile<\/a><\/strong>: combattivo, audace, determinato a non lasciarsi travolgere e a continuare a camminare a testa alta. Anche le parole con cui viene accolta sembrano andare nella stessa direzione: \u00abLadies and Gentlemen, ecco a voi la bellissima, strepitosa e, lasciatemelo dire, fighissima Belen Rodriguez!\u00bb, lasciando la showgirl visibilmente commossa oltre che felice.<\/p>\n<p>                            <img loading=\"lazy\" decoding=\"async\" src=\"https:\/\/www.europesays.com\/it\/wp-content\/uploads\/2026\/06\/9c1e2f6908b554c4d819926c77d688ca.jpg\" alt=\"Belen Rodriguez ed Elisabetta Canalis (Getty Images)\" width=\"1200\" height=\"1804\" class=\"aligncenter\"\/><\/p>\n<p class=\"article__imageInfoText\" style=\"width: 100%; padding-bottom: 20px\">\n                              Belen Rodriguez ed Elisabetta Canalis (Getty Images)\n                            <\/p>\n<p>                        Belen Rodriguez: il nuovo ruoloBelen Rodriguez ha ricoperto il ruolo di conduttrice fin dal debutto del talent show nel 2014, mantenendolo fino alla nona edizione, quando ha passato il testimone a <strong>Giulia Stabile<\/strong>. Un posto che oggi non torner\u00e0 a occupare, dal momento che <strong><a style=\"color: #ff0000;\" href=\"https:\/\/www.oggi.it\/spettacoli\/tv\/2026\/06\/15\/elisabetta-canalis-torna-in-tv-sara-la-nuova-conduttrice-di-tu-si-que-vales\/\" rel=\"nofollow noopener\" target=\"_blank\">la nuova conduttrice sar\u00e0 <\/a>Elisabetta Canalis<\/strong>. Belen Rodriguez ed Elisabetta Canalis hanno condiviso lo stesso palco nel 2011 nientemeno che a Sanremo al fianco di Gianni Morandi. Ora che si ritrovano nel programma di Canale 5, per Belen per\u00f2 il compito sar\u00e0 un altro: occuparsi della sezione lip sync karaoke, una dimensione che sembra perfettamente nelle sue corde, considerando la passione che ha sempre nutrito per la musica e il canto. Si tratta quindi di un ritorno a casa che, al tempo stesso, segna anche un nuovo inizio. Un modo per ricominciare ufficialmente e reimpossessarsi della luce, dopo un periodo di buio che l\u2019ha messa duramente alla prova. Intanto, alcune recenti indiscrezioni la vedrebbero anche tra le possibili candidate per il prossimo Festival di Sanremo 2027. Nulla di confermato, per ora: soltanto voci secondo cui l\u2019ex marito <strong>Stefano De Martino<\/strong>, che sar\u00e0 il nuovo conduttore e direttore artistico della kermesse, sarebbe interessato a renderla partecipe. Se la notizia trovasse conferma, rappresenterebbe un ulteriore tassello di un percorso professionale che sembra aver ritrovato una sua stabilit\u00e0.<\/p>\n<p>\n                          \u00a0\n                        <\/p>\n<p>\n                          \u00a0\n                        <\/p>\n","protected":false},"excerpt":{"rendered":"Belen Rodriguez ed Elisabetta Canalis all&#8217;epoca di Sanremo 2011 Belen Rodriguez \u00e8 tornata a Tu s\u00ec que vales.&hellip;\n","protected":false},"author":3,"featured_media":551719,"comment_status":"","ping_status":"","sticky":false,"template":"","format":"standard","meta":{"footnotes":"","_share_on_mastodon":"0"},"categories":[1444],"tags":[14359,17945,1764,304189,2773,44986,1396,4385,12062,16126,203,204,1537,90,89,4509,273,31567,1667,86428,86429,3675,58123,32898,304190,304191,9143,2936,23024,2434,86430,86431,20062,253,86435],"class_list":["post-551718","post","type-post","status-publish","format-standard","has-post-thumbnail","category-tv","tag-accolta","tag-belen","tag-belen-rodriguez","tag-belen-rodriguez-elisabetta","tag-canale","tag-canalis","tag-conduttrice","tag-conferma","tag-elisabetta","tag-elisabetta-canalis","tag-entertainment","tag-intrattenimento","tag-it","tag-italia","tag-italy","tag-notizia","tag-nuova","tag-perfettamente","tag-periodo","tag-que","tag-que-vales","tag-ritorno","tag-ritrovano","tag-rodriguez","tag-rodriguez-elisabetta","tag-rodriguez-elisabetta-canalis","tag-sanremo","tag-show","tag-showgirl","tag-si","tag-si-que","tag-si-que-vales","tag-talent","tag-tv","tag-vales"],"share_on_mastodon":{"url":"https:\/\/pubeurope.com\/@it\/116796752775942497","error":""},"_links":{"self":[{"href":"https:\/\/www.europesays.com\/it\/wp-json\/wp\/v2\/posts\/551718","targetHints":{"allow":["GET"]}}],"collection":[{"href":"https:\/\/www.europesays.com\/it\/wp-json\/wp\/v2\/posts"}],"about":[{"href":"https:\/\/www.europesays.com\/it\/wp-json\/wp\/v2\/types\/post"}],"author":[{"embeddable":true,"href":"https:\/\/www.europesays.com\/it\/wp-json\/wp\/v2\/users\/3"}],"replies":[{"embeddable":true,"href":"https:\/\/www.europesays.com\/it\/wp-json\/wp\/v2\/comments?post=551718"}],"version-history":[{"count":0,"href":"https:\/\/www.europesays.com\/it\/wp-json\/wp\/v2\/posts\/551718\/revisions"}],"wp:featuredmedia":[{"embeddable":true,"href":"https:\/\/www.europesays.com\/it\/wp-json\/wp\/v2\/media\/551719"}],"wp:attachment":[{"href":"https:\/\/www.europesays.com\/it\/wp-json\/wp\/v2\/media?parent=551718"}],"wp:term":[{"taxonomy":"category","embeddable":true,"href":"https:\/\/www.europesays.com\/it\/wp-json\/wp\/v2\/categories?post=551718"},{"taxonomy":"post_tag","embeddable":true,"href":"https:\/\/www.europesays.com\/it\/wp-json\/wp\/v2\/tags?post=551718"}],"curies":[{"name":"wp","href":"https:\/\/api.w.org\/{rel}","templated":true}]}}