{"id":551770,"date":"2026-06-23T02:08:18","date_gmt":"2026-06-23T02:08:18","guid":{"rendered":"https:\/\/www.europesays.com\/it\/551770\/"},"modified":"2026-06-23T02:08:18","modified_gmt":"2026-06-23T02:08:18","slug":"motogp-mercato-da-acosta-in-ducati-a-bagnaia-in-aprilia-in-arrivo-i-comunicati","status":"publish","type":"post","link":"https:\/\/www.europesays.com\/it\/551770\/","title":{"rendered":"MotoGP mercato: da Acosta in Ducati a Bagnaia in Aprilia, in arrivo i comunicati"},"content":{"rendered":"<p>                                Mentre a Brno si provano a porte chiuse le gomme 2027, dopo l&#8217;accordo tra Case e Circus si attendono le varie conferme sugli spostamenti dei piloti. E pure i rinnovi, tra cui quello imminente di Marc Marquez con la rossa<\/p>\n<p>                    22 giugno &#8211; 18:24  &#8211; BRNO (REP. CECA)<\/p>\n<p class=\"paragraph\" spellcheck=\"true\">Oggi si torna in pista, a Brno. In modo un po\u2019 carbonaro, per la verit\u00e0. Perch\u00e9 i test della Pirelli con le nuove moto da 850 cc, i prototipi che vedremo nella MotoGP del 2027, sono rigorosamente a porte chiuse. Gi\u00e0 ieri sera a Brno il paddock \u00e8 stato completamente smantellato. La giornata di oggi \u00e8 del tutto \u201ctecnica\u201d, una serie di prove volute dal nuovo gommista italiano che dalla prossima stagione sostituir\u00e0 la Michelin come fornitore unico. Quindi nessuna possibilit\u00e0 di vedere, niente immagini. Poi, chi lo sa, magari qualche tempo, passato di voce in voce dall\u2019amico dell\u2019amico, arriver\u00e0 anche. Per quel che potr\u00e0 valere.\u00a0<\/p>\n<p>    segreti svelati\u2014 \u00a0<\/p>\n<p class=\"paragraph is-inline\" spellcheck=\"true\">Molto di pi\u00f9 contano due cose. La prima: Marco Bezzecchi, risalendo in moto, potr\u00e0 cominciare a lasciarsi alle spalle gli incubi del GP della Repubblica Ceca 2026, le notti in bianco, i sensi di colpa, il rimorso, le incavolature per non aver potuto correre, il rammarico per i tanti punti persi in classifica. Conoscendolo, \u00e8 certo che sfrecciare via sulla sua nuova Aprilia sar\u00e0 il modo migliore per ricarburare.  L\u2019altro dato molto rilevante della giornata sono le esclusioni, che hanno fatto storcere pi\u00f9 di una bocca. I piloti che non saranno riconfermati nelle case per le quali corrono oggi non sono in pista. Col fischio che i team hanno concesso loro di sperimentare una moto che tra pochi mesi diventer\u00e0 loro avversaria. Quindi a Brno non girano Pecco Bagnaia con la Ducati, n\u00e9 Fabio Quartararo con la Yamaha, Jorge Martin con l\u2019Aprilia, Pedro Acosta con la KTM, n\u00e9 Fabio Di Giannantonio con la Ducati gialla di VR46.  In pratica non casca un asino, ne cadono una mezza dozzina. Tutti i segreti di Pulcinella che i team hanno finto di custodire in questi mesi sono svelati. Ecco perch\u00e9 gioved\u00ec scorso, in apertura del GP di Brno, \u00e8 stato ufficializzato l\u2019accordo tra l\u2019associazione dei costruttori e la MotoGP. Oggi si andava in pista con le moto del 2027: come sarebbe stato possibile sostenere che non ci fossero ancora i presupposti per ufficializzare la stagione 2027?\u00a0<\/p>\n<p>    via agli annunci\u2014 \u00a0<\/p>\n<p class=\"paragraph is-inline\" spellcheck=\"true\">E allora, una volta detto che l\u2019accordo c\u2019\u00e8, pur senza specificarne i termini, se non con una serie di formule piuttosto fumose, ecco che si innesca il mercato. Finalmente. Alla buon\u2019ora \u00e8 arrivato il \u201clibera tutti\u201d per i comunicati del domino senza precedenti che definir\u00e0 la griglia della prossima stagione. Perch\u00e9 \u00e8 vero che ormai sappiamo tutto da mesi, ma l\u2019entit\u00e0 di quello che sar\u00e0 messo nero su bianco nelle prossime ore ha del clamoroso.  C\u2019\u00e8 Pedro Acosta che arriver\u00e0 alla Ducati, destinata a diventare la nazionale delle Furie Rosse di Spagna. C\u2019\u00e8 Pecco Bagnaia che da Borgo Panigale passa a Noale: il prossimo anno si vestir\u00e0 di nero, forte di un contratto di quattro anni con l\u2019Aprilia. E ancora Jorge Martin che dalla medesima casa italiana finir\u00e0 in Yamaha. Da dove se ne va Quartararo, destinato alla Honda. E ancora Alex Marquez e Fabio Di Giannantonio alla KTM.\u00a0<\/p>\n<p><a class=\"is-partner-link\" href=\"https:\/\/ad.doubleclick.net\/ddm\/trackclk\/N1792338.340088CAIRORCSMEDIAS.P.\/B35025367.439955329;dc_trk_aid=633638278;dc_trk_cid=249314339;dc_dbm_token=%24%7bDC_DBM_TOKEN%7d;dc_lat=;dc_rdid=;tag_for_child_directed_treatment=;tfua=;gdpr=%24%7bGDPR%7d;gdpr_consent=%24%7bGDPR_CONSENT_755%7d;ltd=;dc_tdv=1\" rel=\"nofollow noopener\" target=\"_blank\">Non perderti tutti i Gran Premi di Formula 1\u00ae e MotoGP\u2122 in esclusiva streaming su NOW! Attiva il Pass Sport da 19,99\u20ac al mese.<\/a><\/p>\n<p>    marc rinnova\u2014 \u00a0<\/p>\n<p class=\"paragraph is-inline\" spellcheck=\"true\">Senza dimenticare i rinnovi, forse scontati, ma non di poco conto. Su tutti quello di Marc M\u00e1rquez, che molto probabilmente sar\u00e0 la prima tessera a essere sistemata nelle prossime ore. Forse, anzi probabilmente, gi\u00e0 domani, marted\u00ec 23.  E poi tutta una serie di altri arrivi, anche da altri campionati: particolarmente interessante e affascinante, anche come storia sportiva e umana, quello di Nicol\u00f2 Bulega, di ritorno nel paddock del Motomondiale, da lui lasciato in modo piuttosto mesto qualche anno fa. Ora Nico ritorna tra i fasti, forte di una strepitosa striscia di vittorie consecutive in Superbike, proprio nel team da cui era partito, quello di Valentino Rossi. Allora, nel 2016, con la livrea azzurra, bianca e blu di Sky in Moto3; ora con il giallo fluo della VR46.<\/p>\n<p class=\"is-copyright\">\u00a9 RIPRODUZIONE RISERVATA<\/p>\n","protected":false},"excerpt":{"rendered":"Mentre a Brno si provano a porte chiuse le gomme 2027, dopo l&#8217;accordo tra Case e Circus si&hellip;\n","protected":false},"author":3,"featured_media":551771,"comment_status":"","ping_status":"","sticky":false,"template":"","format":"standard","meta":{"footnotes":"","_share_on_mastodon":"0"},"categories":[176],"tags":[579,3656,4008,3437,4987,3654,6381,1833,727,7527,22948,3438,15504,15524,3440,15502,5183,3345,1537,90,89,3664,3109,1790,3657,3442,3443,1412,1783,1785,1354,304204,7244,27504,3660,5509,4695,1836,3335,696,7522,1821,245,244,577,3339],"class_list":["post-551770","post","type-post","status-publish","format-standard","has-post-thumbnail","category-sport","tag-accordo","tag-acosta","tag-amico","tag-aprilia","tag-arrivera","tag-bagnaia","tag-bianco","tag-brno","tag-case","tag-chiuse","tag-comunicati","tag-ducati","tag-fabio","tag-fabio-giannantonio","tag-forte","tag-giannantonio","tag-giornata","tag-gp","tag-it","tag-italia","tag-italy","tag-jorge","tag-jorge-martin","tag-ktm","tag-marc","tag-marquez","tag-martin","tag-mercato","tag-moto","tag-motogp","tag-ne","tag-ne-fabio","tag-nero","tag-paddock","tag-pecco","tag-pecco-bagnaia","tag-pedro","tag-pedro-acosta","tag-piloti","tag-pista","tag-porte","tag-serie","tag-sport","tag-sports","tag-stagione","tag-team"],"share_on_mastodon":{"url":"https:\/\/pubeurope.com\/@it\/116796988304671521","error":""},"_links":{"self":[{"href":"https:\/\/www.europesays.com\/it\/wp-json\/wp\/v2\/posts\/551770","targetHints":{"allow":["GET"]}}],"collection":[{"href":"https:\/\/www.europesays.com\/it\/wp-json\/wp\/v2\/posts"}],"about":[{"href":"https:\/\/www.europesays.com\/it\/wp-json\/wp\/v2\/types\/post"}],"author":[{"embeddable":true,"href":"https:\/\/www.europesays.com\/it\/wp-json\/wp\/v2\/users\/3"}],"replies":[{"embeddable":true,"href":"https:\/\/www.europesays.com\/it\/wp-json\/wp\/v2\/comments?post=551770"}],"version-history":[{"count":0,"href":"https:\/\/www.europesays.com\/it\/wp-json\/wp\/v2\/posts\/551770\/revisions"}],"wp:featuredmedia":[{"embeddable":true,"href":"https:\/\/www.europesays.com\/it\/wp-json\/wp\/v2\/media\/551771"}],"wp:attachment":[{"href":"https:\/\/www.europesays.com\/it\/wp-json\/wp\/v2\/media?parent=551770"}],"wp:term":[{"taxonomy":"category","embeddable":true,"href":"https:\/\/www.europesays.com\/it\/wp-json\/wp\/v2\/categories?post=551770"},{"taxonomy":"post_tag","embeddable":true,"href":"https:\/\/www.europesays.com\/it\/wp-json\/wp\/v2\/tags?post=551770"}],"curies":[{"name":"wp","href":"https:\/\/api.w.org\/{rel}","templated":true}]}}