{"id":551908,"date":"2026-06-23T04:50:14","date_gmt":"2026-06-23T04:50:14","guid":{"rendered":"https:\/\/www.europesays.com\/it\/551908\/"},"modified":"2026-06-23T04:50:14","modified_gmt":"2026-06-23T04:50:14","slug":"la-colonna-dello-sguardo-ora-domina-sulle-crete","status":"publish","type":"post","link":"https:\/\/www.europesays.com\/it\/551908\/","title":{"rendered":"La \u2019Colonna dello sguardo\u2019 ora domina sulle Crete"},"content":{"rendered":"<p>Si chiama \u201cColonna dello sguardo\u201d la nuova opera dell\u2019artista <strong>Jean-Paul Philippe<\/strong> inaugurata nei giorni scorsi su una collina delle <strong>Crete senesi<\/strong> nella campagna di <strong>Rapolano Terme<\/strong>. La scultura monumentale, alta 4,50 metri e realizzata interamente in <strong>travertino<\/strong>, si inserisce nel paesaggio come una presenza silenziosa e verticale e una sorta di vedetta affacciata su un mare di terra, capace di dialogare con l\u2019orizzonte, con la luce e con la materia pi\u00f9 rappresentativa del territorio rapolanese: il travertino. All\u2019inaugurazione hanno partecipato, fra gli altri, il sindaco Alessandro Starnini e l\u2019assessora Giulia Russo.<\/p>\n<p>&#8220;La \u2018Colonna dello sguardo\u2019 \u2013 affermano il sindaco Alessandro Starnini e l\u2019assessora Giulia Russo \u2013 \u00e8 un\u2019opera che parla profondamente di Rapolano Terme perch\u00e9 unisce arte contemporanea, paesaggio e travertino, una delle eccellenze pi\u00f9 riconoscibili della nostra comunit\u00e0. Questa scultura, inoltre, non \u00e8 soltanto un nuovo elemento artistico nel territorio, ma anche un invito a fermarsi, osservare e riscoprire la bellezza delle Crete e della nostra identit\u00e0, trasformando il paesaggio e il travertino in esperienza culturale&#8221;.<\/p>\n<p>L\u2019opera arricchisce il percorso artistico che Jean-Paul Philippe ha costruito nelle Crete senesi in stretta relazione con il celebre \u201cSite transitoire\u201d, luogo simbolico in cui arte, natura e contemplazione si incontrano.<\/p>\n","protected":false},"excerpt":{"rendered":"Si chiama \u201cColonna dello sguardo\u201d la nuova opera dell\u2019artista Jean-Paul Philippe inaugurata nei giorni scorsi su una collina&hellip;\n","protected":false},"author":3,"featured_media":551909,"comment_status":"","ping_status":"","sticky":false,"template":"","format":"standard","meta":{"footnotes":"","_share_on_mastodon":"0"},"categories":[1446],"tags":[1615,1613,1614,1611,1610,10811,304230,1612,3687,203,204,1537,90,89,13289],"class_list":["post-551908","post","type-post","status-publish","format-standard","has-post-thumbnail","category-arte-e-design","tag-arte","tag-arte-e-design","tag-arteedesign","tag-arts","tag-arts-and-design","tag-colonna","tag-crete","tag-design","tag-domina","tag-entertainment","tag-intrattenimento","tag-it","tag-italia","tag-italy","tag-sguardo"],"share_on_mastodon":{"url":"https:\/\/pubeurope.com\/@it\/116797625154606878","error":""},"_links":{"self":[{"href":"https:\/\/www.europesays.com\/it\/wp-json\/wp\/v2\/posts\/551908","targetHints":{"allow":["GET"]}}],"collection":[{"href":"https:\/\/www.europesays.com\/it\/wp-json\/wp\/v2\/posts"}],"about":[{"href":"https:\/\/www.europesays.com\/it\/wp-json\/wp\/v2\/types\/post"}],"author":[{"embeddable":true,"href":"https:\/\/www.europesays.com\/it\/wp-json\/wp\/v2\/users\/3"}],"replies":[{"embeddable":true,"href":"https:\/\/www.europesays.com\/it\/wp-json\/wp\/v2\/comments?post=551908"}],"version-history":[{"count":0,"href":"https:\/\/www.europesays.com\/it\/wp-json\/wp\/v2\/posts\/551908\/revisions"}],"wp:featuredmedia":[{"embeddable":true,"href":"https:\/\/www.europesays.com\/it\/wp-json\/wp\/v2\/media\/551909"}],"wp:attachment":[{"href":"https:\/\/www.europesays.com\/it\/wp-json\/wp\/v2\/media?parent=551908"}],"wp:term":[{"taxonomy":"category","embeddable":true,"href":"https:\/\/www.europesays.com\/it\/wp-json\/wp\/v2\/categories?post=551908"},{"taxonomy":"post_tag","embeddable":true,"href":"https:\/\/www.europesays.com\/it\/wp-json\/wp\/v2\/tags?post=551908"}],"curies":[{"name":"wp","href":"https:\/\/api.w.org\/{rel}","templated":true}]}}