{"id":552318,"date":"2026-06-23T11:10:31","date_gmt":"2026-06-23T11:10:31","guid":{"rendered":"https:\/\/www.europesays.com\/it\/552318\/"},"modified":"2026-06-23T11:10:31","modified_gmt":"2026-06-23T11:10:31","slug":"sir-paul-mc-cartney-a-palermo-scatta-la-caccia","status":"publish","type":"post","link":"https:\/\/www.europesays.com\/it\/552318\/","title":{"rendered":"Sir Paul Mc Cartney a Palermo, scatta la &#8216;caccia&#8217;"},"content":{"rendered":"\n<p class=\"wp-block-paragraph\"><strong>Ha cominciato il carissimo zio, beatlesiano di ferro<\/strong>. Telefonata domenicale e whatsapp. \u201cMa c\u2019\u00e8 Paul a Palermo? E dov\u2019\u00e8? Non lo sai? Coooomeeee non lo sai?\u201d. Hanno continuato tutti gli altri, sui social e ovunque.<\/p>\n<p class=\"wp-block-paragraph\"><strong>A Palermo, da quando l\u2019immenso artista \u00e8 atterrato<\/strong>, con tanto di foto, si vive la Mc Cartney-mania. Gi\u00e0, perch\u00e9 \u00e8 di lui che stiamo parlando, di Sir Paul McCartney. Dunque, tra una nota di politica e un aggiornamento di cronaca, ci tocca occuparcene. Trattandosi \u2013 la scusa \u00e8 buona \u2013 di fenomeno di costume.<a href=\"https:\/\/livesicilia.it\/paul-mccartney-a-palermo-mistero-sul-viaggio-del-cantante-dei-beatles\/\" target=\"_blank\" rel=\"noreferrer noopener nofollow\"> In realt\u00e0, la curiosit\u00e0 non risparmia nessuno.<\/a> Ovviamente nessuno ha certezze di alcun tipo su una eventuale permanenza in citt\u00e0.<\/p>\n<p>Gli \u2018avvistamenti\u2019<\/p>\n<p class=\"wp-block-paragraph\"><strong>All you need is Paul!, canta Palermo, magari sottovoce, <\/strong>mentre fantomatici avvistamenti si moltiplicano. Sul gruppo Facebook \u2018Insieme per Mondello\u2019 viene tenuto d\u2019occhio uno yacht che spicca nel golfo. Sar\u00e0 lui? Non sar\u00e0 lui? Si conclude che non \u00e8 lui, ma la ricerca continua. Battuta da incorniciare: \u201cPaul di solito viaggia a bordo di un yellow submarine\u2026\u201d.<\/p>\n<p class=\"wp-block-paragraph\"><strong>E c\u2019\u00e8 chi, privatamente, segnala Suv <\/strong>dai vetri oscurati, evidentemente mai visti prima. Chi si trova ad Aci Castello e, tornando a Palermo, ha il timore che Paul si trasferisca proprio ad Aci Castello, per un tuffo dagli scogli di Bagnaculo. C\u2019\u00e8 chi commenta: \u201cChe fortuna avete, io che vivo a Liverpool non l\u2019ho mai visto\u2026\u201d.<\/p>\n<p>I complottisti e le \u2018sciarre\u2019<\/p>\n<p class=\"wp-block-paragraph\"><strong>Non possono mancare \u2018i complottisti\u2019<\/strong>. Quelli che: non pu\u00f2 essere lui, sar\u00e0 un sosia, chiss\u00e0 cosa c\u2019\u00e8 sotto\u2026 Storia datata. Proliferano le sciarre. C\u2019\u00e8 chi paragona l\u2019atterraggio di Sir Paul <a href=\"https:\/\/livesicilia.it\/dua-lipa-pubblica-prime-foto-nozze-callum-turner\/\" target=\"_blank\" rel=\"noreferrer noopener nofollow\">alla recente festa nuziale di Dua Lipa.<\/a> Di converso, qualcuno si straccia le vesti per l\u2019accostamento. Torto non ha.<\/p>\n<p class=\"wp-block-paragraph\"><strong>Quando saremo tutti cenere di cenere il duo Lennon-McCartney<\/strong> (in coppia o presi uno per uno) continuer\u00e0 a risplendere in ogni memoria che si rispetti. Altro commento da buontempone. \u201cSi sposa pure lui?\u201d.<\/p>\n<p>S\u00ec, ma la munnizza\u2026<\/p>\n<p class=\"wp-block-paragraph\"><strong>C\u2019\u00e8 chi commenta, ponendo come contraltare<\/strong> la munnizza e il ciaffico, chiamando in causa tutti i sindaci di Palermo: Salesio Balsano e Mariano Stabile compresi. Esiste uno zio di Johnny Stecchino in ciascuno di noi. Al solito, ti specchi in un personaggio e guardi te stesso, raccontando il contesto.<\/p>\n<p>                            <a href=\"https:\/\/whatsapp.com\/channel\/0029VaCrqfx7IUYePKt0f30X\" target=\"_blank\" rel=\"noopener nofollow\" class=\"open-outside\" style=\"display: block; text-align: center; margin: 0px auto 15px;\"><br \/>\n                              <img decoding=\"async\" src=\"https:\/\/www.europesays.com\/it\/wp-content\/uploads\/2025\/07\/1701181539928_3941.png\" style=\"max-width: 100%; margin: 0 auto; position: relative;\"\/><br \/>\n                            <\/a><\/p>\n<p class=\"wp-block-paragraph\"><strong>In sintesi annotiamo qualcosa di bello che risiede nella capacit\u00e0 imperitura di sognare<\/strong>. Ma quando vuoi incontrare uno dei tuoi miti, in fondo, lo hai gi\u00e0 incontrato, anche se non lo vedrai mai. Adesso, andiamo a cercarlo: all you need is Paul. Mica possiamo deludere lo zio beatlesiano di ferro\u2026 E pazienza se, in giro, ci sar\u00e0 un po\u2019 di ciaffico.<\/p>\n<p><strong><a href=\"https:\/\/livesicilia.it\/palermo\/\" target=\"_blank\" rel=\"noreferrer noopener nofollow\">Leggi qui tutte le notizie di Palermo<\/a><\/strong><\/p>\n","protected":false},"excerpt":{"rendered":"Ha cominciato il carissimo zio, beatlesiano di ferro. Telefonata domenicale e whatsapp. \u201cMa c\u2019\u00e8 Paul a Palermo? E&hellip;\n","protected":false},"author":3,"featured_media":552319,"comment_status":"","ping_status":"","sticky":false,"template":"","format":"standard","meta":{"footnotes":"","_share_on_mastodon":"0"},"categories":[1451],"tags":[1621,1620,203,204,1537,90,89,49073],"class_list":["post-552318","post","type-post","status-publish","format-standard","has-post-thumbnail","category-celebrita","tag-celebrita","tag-celebrities","tag-entertainment","tag-intrattenimento","tag-it","tag-italia","tag-italy","tag-paul-mccartney"],"share_on_mastodon":{"url":"https:\/\/pubeurope.com\/@it\/116799120033906238","error":""},"_links":{"self":[{"href":"https:\/\/www.europesays.com\/it\/wp-json\/wp\/v2\/posts\/552318","targetHints":{"allow":["GET"]}}],"collection":[{"href":"https:\/\/www.europesays.com\/it\/wp-json\/wp\/v2\/posts"}],"about":[{"href":"https:\/\/www.europesays.com\/it\/wp-json\/wp\/v2\/types\/post"}],"author":[{"embeddable":true,"href":"https:\/\/www.europesays.com\/it\/wp-json\/wp\/v2\/users\/3"}],"replies":[{"embeddable":true,"href":"https:\/\/www.europesays.com\/it\/wp-json\/wp\/v2\/comments?post=552318"}],"version-history":[{"count":0,"href":"https:\/\/www.europesays.com\/it\/wp-json\/wp\/v2\/posts\/552318\/revisions"}],"wp:featuredmedia":[{"embeddable":true,"href":"https:\/\/www.europesays.com\/it\/wp-json\/wp\/v2\/media\/552319"}],"wp:attachment":[{"href":"https:\/\/www.europesays.com\/it\/wp-json\/wp\/v2\/media?parent=552318"}],"wp:term":[{"taxonomy":"category","embeddable":true,"href":"https:\/\/www.europesays.com\/it\/wp-json\/wp\/v2\/categories?post=552318"},{"taxonomy":"post_tag","embeddable":true,"href":"https:\/\/www.europesays.com\/it\/wp-json\/wp\/v2\/tags?post=552318"}],"curies":[{"name":"wp","href":"https:\/\/api.w.org\/{rel}","templated":true}]}}