{"id":552481,"date":"2026-06-23T13:25:16","date_gmt":"2026-06-23T13:25:16","guid":{"rendered":"https:\/\/www.europesays.com\/it\/552481\/"},"modified":"2026-06-23T13:25:16","modified_gmt":"2026-06-23T13:25:16","slug":"re-carlo-william-lo-sostituisce-e-resta-incantato-da-emma-watson","status":"publish","type":"post","link":"https:\/\/www.europesays.com\/it\/552481\/","title":{"rendered":"Re Carlo, William lo sostituisce e resta incantato da Emma Watson"},"content":{"rendered":"<p>Uno degli insegnamenti pi\u00f9 preziosi che <strong>Re Carlo<\/strong> ha dato a <strong>William<\/strong>, e anche a Harry, \u00e8 l\u2019attenzione per il pianeta. Il Principe del Galles\u00a0 \u00e8 promotore di importanti iniziative per la salvaguardia dell\u2019ambiente, portando avanti il lavoro iniziato dal padre. E proprio grazie a questo ruolo ha avuto un incontro magico con <strong>Emma Watson, Hermione di Harry Potter.<\/strong>\n<\/p>\n<p>Re Carlo, William lo sostituisce<\/p>\n<p>Mentre <a href=\"https:\/\/dilei.it\/star-e-vip\/carlo-dinghilterra\/\" rel=\"nofollow noopener\" target=\"_blank\">Re Carlo<\/a> prosegue negli sforzi per preservare la natura, spaziando dalle colture biologiche dei suoi possedimenti alle grandi iniziative internazionali, anche <a href=\"https:\/\/dilei.it\/star-e-vip\/william-d-inghilterra\/\" rel=\"nofollow noopener\" target=\"_blank\">William<\/a> si d\u00e0 da fare in tal senso. Basti pensare che ha istituito <strong>il prestigioso Earthshot Prize<\/strong>.<\/p>\n<p>Per questo motivo, abbiamo ritrovato il Principe del Galles, senza sua moglie Kate Middleton, impegnato nel forum United for Wildlife della Royal Foundation, nell\u2019ambito della London Climate Action Week. Ed \u00e8 qui che si realizzato l\u2019incontro magico.<\/p>\n<p>William, l\u2019incontro fatato<\/p>\n<p>Al convegno infatti era presente anche <a href=\"https:\/\/dilei.it\/star-e-vip\/emma-watson\/\" rel=\"nofollow noopener\" target=\"_blank\">Emma Watson<\/a>. Lei e l\u2019attore Benedict Cumberbatch erano impegnati in un dibattito insieme al Principe William \u201csul mondo naturale e sulla nostra comune responsabilit\u00e0 di proteggerlo\u201d, come riportato dagli organizzatori.<\/p>\n<p>Emma Watson, molto attenta ai temi ecologici, ha tenuto un discorso: \u201cRaccontare storie \u00e8 davvero potente, e la storia che un marchio racconta, la trasparenza che dimostra e il modo in cui affronta questi temi, contano davvero. <strong>\u00c8 importante per i giovani<\/strong>\u201c.<\/p>\n<p>L\u2019attrice \u00e8 una delle <strong>prime sostenitrici del premio Earthshot<\/strong>, istituito da William. E nel 2021 ha presentato la serata inaugurale.<\/p>\n<p>Emma ha raccontato anche <strong>un divertente episodio<\/strong> dei tempi in cui stava girando la saga di Harry Potter, quando pens\u00f2 che un gruppo di fotografi stesse cercando di scattarle una foto, mentre in realt\u00e0 stavano cercando di immortalare la natura. \u201cHo visto dal mio salotto tutti questi uomini fuori con teleobiettivi molto lunghi\u201d.<\/p>\n<p>E ha proseguito: \u201cSi \u00e8 scoperto che gli uomini con i teleobiettivi in \u200b\u200brealt\u00e0 non erano l\u00ec per me. Erano l\u00ec per un uccello molto raro, il nibbio reale. E in pratica stavano cercando di entrare nel mio giardino sul retro perch\u00e9 pensavano che uno di questi nibbi reali si trovasse l\u00ec\u201d.\u00a0Il racconto ha fatto sorridere il pubblico e anche William che <strong>era ammaliato<\/strong> dall\u2019attrice.<\/p>\n<p>William, Emma Watson incantevole<\/p>\n<p>Difficile resistere al fascino di Emma Watson. Al forum era <strong>semplicemente incantevole<\/strong> con un top nero <strong>molto scollato<\/strong> e una gonna vaporosa bianca, da ballerina. Mentre <strong>un ciondolo a forma di cuore<\/strong> esaltava il d\u00e9collet\u00e9. A impreziosire ulteriormente il suo look un bracciale di perle e l\u2019anello con diamante.\u00a0Il make up delicato era sui toni del rosa e il lunghi capelli ondulati le ricadevano sulle spalle.<\/p>\n<p>Difficile resistere al suo fascino, anche per William che si \u00e8 intrattenuto con lei a parlare in modo appassionato degli argomenti che li accomunano.<\/p>\n<p>\t\t\t\tScopri i personaggi in trend, le storie del momento e molto altro.<br \/>Dove? Sul <a href=\"https:\/\/whatsapp.com\/channel\/0029Vb68mVyHVvTWezDm7d0R\" target=\"_blank\" rel=\"noopener nofollow\">canale WhatsApp di DiLei!<\/a><\/p>\n<p>\t\t\t<a class=\"buttonCall\" href=\"https:\/\/whatsapp.com\/channel\/0029Vb68mVyHVvTWezDm7d0R\" target=\"_blank\" rel=\"noopener nofollow\" title=\"Seguici su WhatsApp\"><br \/>\n\t\t\t\tSeguici su WhatsApp<br \/>\n\t\t\t<\/a><\/p>\n<p>\u00a0<\/p>\n","protected":false},"excerpt":{"rendered":"Uno degli insegnamenti pi\u00f9 preziosi che Re Carlo ha dato a William, e anche a Harry, \u00e8 l\u2019attenzione&hellip;\n","protected":false},"author":3,"featured_media":552482,"comment_status":"","ping_status":"","sticky":false,"template":"","format":"standard","meta":{"footnotes":"","_share_on_mastodon":"0"},"categories":[1451],"tags":[1448,1621,1620,85857,203,204,1537,90,89,1447],"class_list":["post-552481","post","type-post","status-publish","format-standard","has-post-thumbnail","category-celebrita","tag-carlo-dinghilterra","tag-celebrita","tag-celebrities","tag-emma-watson","tag-entertainment","tag-intrattenimento","tag-it","tag-italia","tag-italy","tag-reali"],"share_on_mastodon":{"url":"https:\/\/pubeurope.com\/@it\/116799650408065729","error":""},"_links":{"self":[{"href":"https:\/\/www.europesays.com\/it\/wp-json\/wp\/v2\/posts\/552481","targetHints":{"allow":["GET"]}}],"collection":[{"href":"https:\/\/www.europesays.com\/it\/wp-json\/wp\/v2\/posts"}],"about":[{"href":"https:\/\/www.europesays.com\/it\/wp-json\/wp\/v2\/types\/post"}],"author":[{"embeddable":true,"href":"https:\/\/www.europesays.com\/it\/wp-json\/wp\/v2\/users\/3"}],"replies":[{"embeddable":true,"href":"https:\/\/www.europesays.com\/it\/wp-json\/wp\/v2\/comments?post=552481"}],"version-history":[{"count":0,"href":"https:\/\/www.europesays.com\/it\/wp-json\/wp\/v2\/posts\/552481\/revisions"}],"wp:featuredmedia":[{"embeddable":true,"href":"https:\/\/www.europesays.com\/it\/wp-json\/wp\/v2\/media\/552482"}],"wp:attachment":[{"href":"https:\/\/www.europesays.com\/it\/wp-json\/wp\/v2\/media?parent=552481"}],"wp:term":[{"taxonomy":"category","embeddable":true,"href":"https:\/\/www.europesays.com\/it\/wp-json\/wp\/v2\/categories?post=552481"},{"taxonomy":"post_tag","embeddable":true,"href":"https:\/\/www.europesays.com\/it\/wp-json\/wp\/v2\/tags?post=552481"}],"curies":[{"name":"wp","href":"https:\/\/api.w.org\/{rel}","templated":true}]}}