{"id":552487,"date":"2026-06-23T13:29:18","date_gmt":"2026-06-23T13:29:18","guid":{"rendered":"https:\/\/www.europesays.com\/it\/552487\/"},"modified":"2026-06-23T13:29:18","modified_gmt":"2026-06-23T13:29:18","slug":"gianni-morandi-e-alessandra-amoroso-e-uscito-il-videoclip-di-hit-parade-i-sky-tg24","status":"publish","type":"post","link":"https:\/\/www.europesays.com\/it\/552487\/","title":{"rendered":"Gianni Morandi e Alessandra Amoroso, \u00e8 uscito il videoclip di Hit Parade I Sky TG24"},"content":{"rendered":"<p><strong>Gianni Morandi <\/strong>e <strong>Alessandra Amoroso<\/strong> hanno pubblicato il videoclip ufficiale della collaborazione Hit Parade. Il 31 agosto il cantautore dar\u00e0 il via al nuovo tour, previsti appuntamenti in numerose citt\u00e0: da Mantova a Napoli passando per Riccione e Macerata.<\/p>\n<p>\t\t \tgianni morandi e alessandra amoroso, il duetto hit parade<\/p>\n<p><strong>Gianni<\/strong> <strong>Morandi<\/strong> e <strong>Alessandra<\/strong> <strong>Amoroso<\/strong> (<strong><a data-intcmp=\"skytg24_foglia articolo_interlink_text\" href=\"https:\/\/tg24.sky.it\/spettacolo\/musica\/2024\/02\/05\/alessandra-amoroso-sanremo\" rel=\"nofollow noopener\" target=\"_blank\">FOTO<\/a><\/strong>) hanno lanciato Hit Parade, brano destinato a conquistare le classifiche estive. Successivamente, i due artisti hanno pubblicato il videoclip ufficiale del singolo collezionando migliaia di visualizzazioni su YouTube. <strong>Lorenzo<\/strong> <strong>Jovanotti<\/strong> ha firmato la canzone raccontando sul suo profilo Instagram: \u201cAd aprile, in pieno tour di successo, una sera prima di andare in scena, mi ha chiamato Gianni Morandi, dal camerino, felice perch\u00e9 non solo la tourn\u00e9e era una successo, ma aveva appena aggiunto nuove date a settembre. La videochiamata per\u00f2 aveva lo scopo di dirmi \u2018trovami un pezzo per l\u2019estate e se ci piace lo proponiamo ad Alessandra Amoroso che \u00e8 mia amica e lo canto con lei\u2019. Quando Morandi chiama io scatto sull\u2019attenti, questo lo sapete\u201d.<\/p>\n<p>\u00a0<\/p>\n<p>Lorenzo Jovanotti ha proseguito: \u201cQuindi il giorno dopo ero in studio con <strong>Sixpm<\/strong> e gli ho detto &#8216;fammi sentire qualcosa che hai nell\u2019hard disc che potrebbe andare bene per un duetto Gianni e Alessandra&#8217;. \u00c8 spuntata questa canzone e io la sera ho lavorato al testo tenendo in mente certi riferimenti, tipo i Righeira o quelle belle canzoni di Giuni Russo, anni &#8217;80, grande scuola di pop leggerissimo, ma ben fatto. L\u2019ho fatta sentire ai cantanti la sera stessa\u201d.<\/p>\n<p>\t\t\t<a class=\"c-inline-card j-inline-card c-inline-card--with-image\" href=\"https:\/\/tg24.sky.it\/spettacolo\/musica\/2026\/06\/19\/gianni-morandi-alessandra-amoroso-testo-significato\" rel=\"follow nofollow noopener\" data-intcmp=\"skytg24_articolo_approfondimenti_inline\" target=\"_blank\"><\/p>\n<p>\t\t\t         <img decoding=\"async\" crossorigin=\"anonymous\" alt=\"\" src=\"https:\/\/www.europesays.com\/it\/wp-content\/uploads\/2026\/06\/1782221356_490_hit-parade.jpg\"  loading=\"lazy\"  bad-src=\"https:\/\/www.europesays.com\/it\/wp-content\/uploads\/2026\/06\/1782221356_490_hit-parade.jpg\"\/><\/p>\n<p>\n\t\t\t         Approfondimento<br \/>\n\t\t\t         Gianni Morandi e Alessandra Amoroso, testo e significato di Hit Parade\n\t\t\t      <\/p>\n<p>\t\t\t<\/a><\/p>\n<p>Dopo il successo della tourn\u00e9e nei palazzetti, il 31 agosto <a data-intcmp=\"skytg24_foglia articolo_interlink_text\" href=\"https:\/\/tg24.sky.it\/spettacolo\/musica\/2026\/06\/19\/gianni-morandi-alessandra-amoroso-testo-significato\" rel=\"nofollow noopener\" target=\"_blank\">Gianni Morandi<\/a> alzer\u00e0 il sipario sul tour \u201cC\u2019era un ragazzo &#8211; Estate 2026\u201d. Previsti appuntamenti live in numerose citt\u00e0: da Mantova a Napoli passando per Riccione, Palermo, Catania e Macerata. Questo il calendario con tutti i dettagli degli spettacoli:<\/p>\n<ul>\n<li>31 agosto &#8211; Este (Este Music Festival \u2013 Castello Carrarese)<\/li>\n<li>2 settembre &#8211; Vigevano (Castello Sforzesco)<\/li>\n<li>4 settembre &#8211; Mantova (Mantova Summer Festival)<\/li>\n<li>8 settembre &#8211; Campobasso (Area Eventi Nuovo Romagnoli)<\/li>\n<li>10 settembre &#8211; Riccione (Riccione Music City)<\/li>\n<li>12 settembre &#8211; Ostuni (Arena Bianca \u2013 Foro Boario)<\/li>\n<li>14 settembre &#8211; Barletta (Fossato del Castello)<\/li>\n<li>17 settembre &#8211; Palermo (Teatro di Verdura \u2013 Wave Summer Music 2026)<\/li>\n<li>19 settembre &#8211; Catania (Villa Bellini \u2013 Wave Summer Music 2026)<\/li>\n<li>22 settembre &#8211; Macerata (Sferisterio)<\/li>\n<li>24 settembre &#8211; Massa (Piazza Aranci)<\/li>\n<li>26 settembre &#8211; Torbole sul Garda (Spiaggia alle Foci del Sarca)<\/li>\n<li>28 settembre &#8211; Bergamo (ChorusLife Arena)<\/li>\n<li>1 ottobre &#8211; Napoli (Arena Flegrea)<\/li>\n<li>4 ottobre &#8211; Locarno (Palexpo Fevi)<\/li>\n<\/ul>\n<p>\t\t\t<a class=\"c-inline-card j-inline-card c-inline-card--with-image\" href=\"https:\/\/tg24.sky.it\/spettacolo\/2026\/04\/28\/tredici-pietro-gianni-morandi\" rel=\"follow nofollow noopener\" data-intcmp=\"skytg24_articolo_approfondimenti_inline\" target=\"_blank\"><\/p>\n<p>\t\t\t         <img decoding=\"async\" crossorigin=\"anonymous\" alt=\"\" src=\"https:\/\/www.europesays.com\/it\/wp-content\/uploads\/2026\/04\/1777551926_196_tredici-pietro-gianni-morandi-getty.jpg\"  loading=\"lazy\"  bad-src=\"https:\/\/www.europesays.com\/it\/wp-content\/uploads\/2026\/04\/1777551926_196_tredici-pietro-gianni-morandi-getty.jpg\"\/><\/p>\n<p>\n\t\t\t         Approfondimento<br \/>\n\t\t\t         Tredici Pietro su Gianni Morandi: &#8220;Mi lasciava Playstation solo 1 ora&#8221;\n\t\t\t      <\/p>\n<p>\t\t\t<\/a><\/p>\n","protected":false},"excerpt":{"rendered":"Gianni Morandi e Alessandra Amoroso hanno pubblicato il videoclip ufficiale della collaborazione Hit Parade. Il 31 agosto il&hellip;\n","protected":false},"author":3,"featured_media":552488,"comment_status":"","ping_status":"","sticky":false,"template":"","format":"standard","meta":{"footnotes":"","_share_on_mastodon":"0"},"categories":[1443],"tags":[1545,203,1646,204,1537,90,89,1538,1539,19133],"class_list":["post-552487","post","type-post","status-publish","format-standard","has-post-thumbnail","category-musica","tag-alessandra-amoroso","tag-entertainment","tag-gianni-morandi","tag-intrattenimento","tag-it","tag-italia","tag-italy","tag-music","tag-musica","tag-videoclip"],"share_on_mastodon":{"url":"https:\/\/pubeurope.com\/@it\/116799666932184490","error":""},"_links":{"self":[{"href":"https:\/\/www.europesays.com\/it\/wp-json\/wp\/v2\/posts\/552487","targetHints":{"allow":["GET"]}}],"collection":[{"href":"https:\/\/www.europesays.com\/it\/wp-json\/wp\/v2\/posts"}],"about":[{"href":"https:\/\/www.europesays.com\/it\/wp-json\/wp\/v2\/types\/post"}],"author":[{"embeddable":true,"href":"https:\/\/www.europesays.com\/it\/wp-json\/wp\/v2\/users\/3"}],"replies":[{"embeddable":true,"href":"https:\/\/www.europesays.com\/it\/wp-json\/wp\/v2\/comments?post=552487"}],"version-history":[{"count":0,"href":"https:\/\/www.europesays.com\/it\/wp-json\/wp\/v2\/posts\/552487\/revisions"}],"wp:featuredmedia":[{"embeddable":true,"href":"https:\/\/www.europesays.com\/it\/wp-json\/wp\/v2\/media\/552488"}],"wp:attachment":[{"href":"https:\/\/www.europesays.com\/it\/wp-json\/wp\/v2\/media?parent=552487"}],"wp:term":[{"taxonomy":"category","embeddable":true,"href":"https:\/\/www.europesays.com\/it\/wp-json\/wp\/v2\/categories?post=552487"},{"taxonomy":"post_tag","embeddable":true,"href":"https:\/\/www.europesays.com\/it\/wp-json\/wp\/v2\/tags?post=552487"}],"curies":[{"name":"wp","href":"https:\/\/api.w.org\/{rel}","templated":true}]}}