{"id":552552,"date":"2026-06-23T14:19:16","date_gmt":"2026-06-23T14:19:16","guid":{"rendered":"https:\/\/www.europesays.com\/it\/552552\/"},"modified":"2026-06-23T14:19:16","modified_gmt":"2026-06-23T14:19:16","slug":"marazzina-intervista-miami-i-vip-vieri-e","status":"publish","type":"post","link":"https:\/\/www.europesays.com\/it\/552552\/","title":{"rendered":"Marazzina intervista: &#8220;Miami, i vip, Vieri e&#8230;&#8221;"},"content":{"rendered":"<p>                                In Florida l&#8217;ex attaccante che col Chievo sbanc\u00f2 San Siro si \u00e8 inventato un lavoro ben remunerato: &#8220;Quanto viene un&#8217;ora di lezione? Costicchio. Tra i miei allievi anche i figli dell&#8217;ex numero 1 di tennis Wozniacki. Con Vieri parliamo sempre di quella partita&#8230;&#8221;<\/p>\n<p class=\"paragraph\" spellcheck=\"true\">Massimo Marazzina \u00e8 passato dal fare un lavoro che tutti gli italiani sognano \u2013 l\u2019attaccante in Serie A \u2013 a uno a cui nessuno ha mai pensato: l\u2019insegnante privato di calcio. Marazzina \u00e8 nato a Lodi nel 1974, ha cominciato a giocare in provincia di Cremona ed \u00e8 diventato un giocatore con l\u2019Inter. Tra A e B ha fatto gol per Foggia, Chievo, Reggina, Roma, Samp, Modena, Torino, Siena e Bologna. Quando ha smesso, ha fatto una scelta di rottura: Miami.\u00a0<\/p>\n<p>        DJ KHALED E WOZNIACKI\u2014 \u00a0<\/p>\n<p class=\"paragraph\" spellcheck=\"true\">Che fa Massimo Marazzina in Florida? Insegna calcio ma non da allenatore, da maestro privato. Spiega lui: \u201cUn giorno ho pensato, unisco l\u2019utile al dilettevole. Ho visto che, con Messi in citt\u00e0, l\u2019entusiasmo per il calcio era in grande crescita e ho notato che gli allenatori qui insegnavano male. Allora mi sono costruito il mio giro con il passaparola: lavoro abbastanza bene, non ho fatto fatica a trovare ragazzi contenti di stare con me\u201d. Se il lavoro sia esportabile in Italia non \u00e8 sicuro, di certo nell\u2019ecosistema di Miami una figura come la sua ha senso. Ci sono persone felici di mandare il figlio a ripetizione da un ex attaccante di Serie A e non hanno problemi a pagare di conseguenza. \u201cTra i miei clienti ci sono delle persone importanti, stra benestanti \u2013 dice Massimo -. Qualcuno \u00e8 famoso. Alleno il figlio di DJ Khaled a casa sua\u2026 e potete immaginare che casa sia. Poi il figlio e la figlia della ex tennista ex numero 1 Caroline Wozniacki e di David Lee, giocatore di basket. Ci sono persone che hanno il campo da calcio a casa, e oltre al campo da calcio anche il campo da basket, la piscina\u2026 Realt\u00e0 che non pensavo esistessero\u201d. Se gli chiedete quanto costi un\u2019ora con lui, Massimo dribbla: \u201cNon si dice per\u00f2\u2026 costicchio\u201d. A Miami, costicchia tutto.\u00a0<\/p>\n<p><a class=\"is-partner-link\" href=\"https:\/\/abbonamenti.gazzetta.it\/de-promo-mondiali\/?pwcmp=cta&amp;forceBrowser=true\" rel=\"nofollow noopener\" target=\"_blank\">Gazzetta Mondiale: ogni notte un\u2019edizione straordinaria esclusiva. Non perdertela, abbonati a 1\u20ac\/mese!<\/a><\/p>\n<p>        <img decoding=\"async\" loading=\"lazy\" alt=\"\" src=\"https:\/\/dimages2.gazzettaobjects.it\/files\/image_527_789_h\/uploads\/2026\/06\/23\/6a3a815016bb2.jpeg\" data-full-src=\"https:\/\/www.europesays.com\/it\/wp-content\/uploads\/2026\/06\/6a3a815016bb2.jpeg\"\/><\/p>\n<p>        VIERI, IL PADEL E IL TRAP\u2014 \u00a0<\/p>\n<p class=\"paragraph\" spellcheck=\"true\">Marazzina cos\u00ec vive tra lezioni, viaggi in auto per portare le figlie a scuola e molto padel: \u201cGioco con Amauri, Matteo Ferrari, Danilo Gallinari\u201d. Amauri in particolare \u00e8 diventato un compagno fisso, come fossero una coppia d\u2019attacco. Agli allievi che gli chiedono come sia andata la carriera in Italia, Marazzina racconta del gol segnato all\u2019Inter con il Chievo a dicembre 2001, uno dei suoi pi\u00f9 famosi: \u201cCi sono stati anni in cui Vieri viveva qui e parlavamo sempre di quella partita. Loro avevano Ronaldo e Vieri, che quel giorno trov\u00f2 l\u2019unico gol di tibia della sua vita\u2026 Io per\u00f2, che sono mancino, segnai con il destro e vincemmo 2-1 a San Siro\u201d. Oppure della volta in cui il Trap lo convoc\u00f2 in Nazionale: \u201cVenne a Piacenza-Chievo a vedere Perrotta, io in quella partita giocai benissimo e mi chiam\u00f2 per Italia-Stati Uniti a Catania. Me lo ricorder\u00f2 sempre. Io e Del Piero entrammo nel secondo tempo, ebbi la fortuna e la bravura di fare l\u2019assist ad Alessandro per l\u20191-0\u201d. E mentre lo dice, sorride. Marazzina un giorno torner\u00e0 in Italia, rivedr\u00e0 tutti e passer\u00e0 la vecchiaia a parlare del Trap e delle partite di padel con Amauri, ma non \u00e8 questo il momento. A Miami c\u2019\u00e8 un gran sole e Massimo vuole prenderlo tutto, ancora per un po\u2019.<\/p>\n<p class=\"is-copyright\">\u00a9 RIPRODUZIONE RISERVATA<\/p>\n","protected":false},"excerpt":{"rendered":"In Florida l&#8217;ex attaccante che col Chievo sbanc\u00f2 San Siro si \u00e8 inventato un lavoro ben remunerato: &#8220;Quanto&hellip;\n","protected":false},"author":3,"featured_media":552553,"comment_status":"","ping_status":"","sticky":false,"template":"","format":"standard","meta":{"footnotes":"","_share_on_mastodon":"0"},"categories":[1451],"tags":[9636,110197,562,304482,1756,721,304483,921,182616,304484,1621,1620,110200,304485,2215,304480,203,2731,2716,9275,564,1976,33116,304486,350,204,1537,90,89,92878,301554,1285,304487,9768,304488,304489,1312,20584,1290,29932,28925,304481],"class_list":["post-552552","post","type-post","status-publish","format-standard","has-post-thumbnail","category-celebrita","tag-allievi","tag-amauri","tag-attaccante","tag-attaccante-serie","tag-basket","tag-calcio","tag-calcio-campo","tag-campo","tag-campo-calcio","tag-campo-calcio-campo","tag-celebrita","tag-celebrities","tag-chievo","tag-costicchio","tag-dj","tag-dj-khaled","tag-entertainment","tag-figli","tag-figlio","tag-florida","tag-giocatore","tag-gol","tag-insegna","tag-insegna-calcio","tag-inter","tag-intrattenimento","tag-it","tag-italia","tag-italy","tag-khaled","tag-marazzina","tag-massimo","tag-massimo-marazzina","tag-miami","tag-miami-dj","tag-miami-dj-khaled","tag-numero","tag-padel","tag-partita","tag-trap","tag-vieri","tag-wozniacki"],"share_on_mastodon":{"url":"https:\/\/pubeurope.com\/@it\/116799863675707081","error":""},"_links":{"self":[{"href":"https:\/\/www.europesays.com\/it\/wp-json\/wp\/v2\/posts\/552552","targetHints":{"allow":["GET"]}}],"collection":[{"href":"https:\/\/www.europesays.com\/it\/wp-json\/wp\/v2\/posts"}],"about":[{"href":"https:\/\/www.europesays.com\/it\/wp-json\/wp\/v2\/types\/post"}],"author":[{"embeddable":true,"href":"https:\/\/www.europesays.com\/it\/wp-json\/wp\/v2\/users\/3"}],"replies":[{"embeddable":true,"href":"https:\/\/www.europesays.com\/it\/wp-json\/wp\/v2\/comments?post=552552"}],"version-history":[{"count":0,"href":"https:\/\/www.europesays.com\/it\/wp-json\/wp\/v2\/posts\/552552\/revisions"}],"wp:featuredmedia":[{"embeddable":true,"href":"https:\/\/www.europesays.com\/it\/wp-json\/wp\/v2\/media\/552553"}],"wp:attachment":[{"href":"https:\/\/www.europesays.com\/it\/wp-json\/wp\/v2\/media?parent=552552"}],"wp:term":[{"taxonomy":"category","embeddable":true,"href":"https:\/\/www.europesays.com\/it\/wp-json\/wp\/v2\/categories?post=552552"},{"taxonomy":"post_tag","embeddable":true,"href":"https:\/\/www.europesays.com\/it\/wp-json\/wp\/v2\/tags?post=552552"}],"curies":[{"name":"wp","href":"https:\/\/api.w.org\/{rel}","templated":true}]}}