{"id":552584,"date":"2026-06-23T14:46:12","date_gmt":"2026-06-23T14:46:12","guid":{"rendered":"https:\/\/www.europesays.com\/it\/552584\/"},"modified":"2026-06-23T14:46:12","modified_gmt":"2026-06-23T14:46:12","slug":"teresa-ciabatti-io-e-michele-mari-abbiamo-parlato-del-corpo-di-michela-murgia-ma-non-ce-stato-un-litigio-lui-si-e-scusato","status":"publish","type":"post","link":"https:\/\/www.europesays.com\/it\/552584\/","title":{"rendered":"Teresa Ciabatti: \u00abIo e Michele Mari abbiamo parlato del corpo di Michela Murgia, ma non c&#8217;\u00e8 stato un litigio. Lui si \u00e8 scusato\u00bb"},"content":{"rendered":"<p>Ciabatti rompe il silenzio sulle dichiarazioni di Michele Mari su Michela Murgia. La scrittrice, che come Mari \u00e8 in lizza per il Premio Strega, precisa: \u00abNon ho alcuna responsabilit\u00e0 circa la diffusione della notizia alla stampa n\u00e9 circa la correttezza di quanto \u00e8 stato riportato\u00bb<\/p>\n<p class=\"chapter-paragraph\">\u00abNelle scorse ore ho letto ricostruzioni congetturali, e dichiarazioni. Cosa \u00e8 lecito e cosa no, dove inizia e finisce la <a href=\"https:\/\/www.corriere.it\/lodicoalcorriere\/26_giugno_20\/le-parole-di-michele-marie-la-fine-della-privacy-rd-2b1e63e9-4ddf-42d3-80bc-5e0346c92xlk.shtml\" title=\"Le parole di Michele Mari e la fine della privacy\" rel=\"nofollow noopener\" target=\"_blank\">privacy<\/a>. Attenendomi ai fatti: alcuni giorni fa ho assistito e poi preso parte a una conversazione. L&#8217;oggetto della conversazione era <a href=\"https:\/\/www.corriere.it\/cultura\/26_giugno_22\/alessandro-giammei-figlio-anima-michela-murgia-lettera-mari-dc1478c7-9b41-448e-9d2b-d0ab0012exlk.shtml\" title=\"Alessandro Giammei, \u00abfiglio d&#039;anima\u00bb di Michela Murgia: \u00abGiudicano il suo aspetto e non i suoi romanzi, \u00e8 triste\u00bb\" rel=\"nofollow noopener\" target=\"_blank\">Michela Murgia<\/a>, il suo <a href=\"https:\/\/www.corriere.it\/cultura\/notizie\/26_giugno_21\/bianca-pitzorno-donne-e1a37335-00ce-4588-b772-92581d0cdxlk.shtml\" title=\"Bianca Pitzorno: \u00abNoi donne che scriviamo facciamo paura ai colleghi maschi. Voi che ci giudicate dalla bellezza, volete lasciarci in pace?\u00bb\" rel=\"nofollow noopener\" target=\"_blank\">corpo<\/a>. Non c&#8217;\u00e8 stato alcun litigio furioso tra me e <a href=\"https:\/\/www.corriere.it\/cultura\/notizie\/26_giugno_21\/offese-a-murgia-la-decisione-dello-strega-mari-resta-in-gara-b07c7ee7-3c0d-4c55-aab6-4d07c8a2cxlk.shtml\" title=\"Offese a Murgia, la decisione dello Strega: Mari resta in gara\" rel=\"nofollow noopener\" target=\"_blank\">Michele Mari<\/a>, ma un confronto diretto di idee profondamente diverse. In seguito, Mari si \u00e8 scusato dicendo che non era sua intenzione ferirmi\u00bb: lo dice all&#8217;Ansa <b>Teresa Ciabatti<\/b> rompendo il silenzio e mettendo fine alle congetture di questi giorni sulle<b> polemiche che hanno investito il Premio Strega<\/b>.<\/p>\n<p class=\"chapter-paragraph\">\u00abIo ho dato la risposta che volevo in quel preciso contesto, alle persone con cui ho parlato\u00bb, spiega ancora Ciabatti.\u00a0    &#13;<br \/>\n&#13;<br \/>\n&#13;<br \/>\n&#13;<br \/>\n&#13;<br \/>\n&#13;<br \/>\n&#13;<br \/>\n&#13;<br \/>\n&#13;<br \/>\n&#13;<br \/>\n&#13;<br \/>\n&#13;<br \/>\n&#13;<br \/>\n&#13;<br \/>\n&#13;<br \/>\n&#13;<br \/>\n&#13;<br \/>\n&#13;<br \/>\n&#13;<br \/>\n&#13;<br \/>\n&#13;<br \/>\n&#13;<br \/>\n&#13;<br \/>\n&#13;<br \/>\n&#13;<br \/>\n&#13;<br \/>\n&#13;<br \/>\n&#13;<br \/>\n&#13;<br \/>\n&#13;<br \/>\n&#13;<br \/>\n&#13;<br \/>\n&#13;<br \/>\n&#13;<br \/>\n&#13;<br \/>\n&#13;<br \/>\n&#13;<br \/>\n&#13;<br \/>\n&#13;<br \/>\n&#13;<br \/>\n&#13;<br \/>\n&#13;<br \/>\n&#13;<br \/>\n&#13;<br \/>\n&#13;<br \/>\n&#13;<br \/>\n&#13;<br \/>\n&#13;<br \/>\n&#13;<br \/>\n&#13;<br \/>\n&#13;<br \/>\n&#13;<br \/>\n&#13;\n<\/p>\n<p class=\"chapter-paragraph\">\u00abTutti i presenti possono avere raccontato ad altri l&#8217;accaduto, com&#8217;\u00e8 normale nella vita di ciascuno di noi. Anch&#8217;io l&#8217;ho raccontato, ma non ho alcuna responsabilit\u00e0 circa la diffusione della notizia alla stampa n\u00e9 circa la correttezza di quanto \u00e8 stato riportato\u00bb, sottolinea la scrittrice.<\/p>\n<p class=\"is-last-update\" datetime=\"2026-06-23T15:40:55+02:00\">23 giugno 2026 ( modifica il 23 giugno 2026 | 15:40)<\/p>\n<p class=\"is-copyright\">\n            \u00a9 RIPRODUZIONE RISERVATA\n        <\/p>\n","protected":false},"excerpt":{"rendered":"Ciabatti rompe il silenzio sulle dichiarazioni di Michele Mari su Michela Murgia. La scrittrice, che come Mari \u00e8&hellip;\n","protected":false},"author":3,"featured_media":552585,"comment_status":"","ping_status":"","sticky":false,"template":"","format":"standard","meta":{"footnotes":"","_share_on_mastodon":"0"},"categories":[1451],"tags":[1621,1620,288312,1244,3591,1366,304535,1102,17618,203,204,1537,90,89,4899,25576,33993,3602,288328,33992],"class_list":["post-552584","post","type-post","status-publish","format-standard","has-post-thumbnail","category-celebrita","tag-celebrita","tag-celebrities","tag-ciabatti","tag-conversazione","tag-corpo","tag-correttezza","tag-correttezza-riportato","tag-dichiarazioni","tag-diffusione","tag-entertainment","tag-intrattenimento","tag-it","tag-italia","tag-italy","tag-mari","tag-michela","tag-michela-murgia","tag-michele","tag-michele-mari","tag-murgia"],"share_on_mastodon":{"url":"https:\/\/pubeurope.com\/@it\/116799968956386210","error":""},"_links":{"self":[{"href":"https:\/\/www.europesays.com\/it\/wp-json\/wp\/v2\/posts\/552584","targetHints":{"allow":["GET"]}}],"collection":[{"href":"https:\/\/www.europesays.com\/it\/wp-json\/wp\/v2\/posts"}],"about":[{"href":"https:\/\/www.europesays.com\/it\/wp-json\/wp\/v2\/types\/post"}],"author":[{"embeddable":true,"href":"https:\/\/www.europesays.com\/it\/wp-json\/wp\/v2\/users\/3"}],"replies":[{"embeddable":true,"href":"https:\/\/www.europesays.com\/it\/wp-json\/wp\/v2\/comments?post=552584"}],"version-history":[{"count":0,"href":"https:\/\/www.europesays.com\/it\/wp-json\/wp\/v2\/posts\/552584\/revisions"}],"wp:featuredmedia":[{"embeddable":true,"href":"https:\/\/www.europesays.com\/it\/wp-json\/wp\/v2\/media\/552585"}],"wp:attachment":[{"href":"https:\/\/www.europesays.com\/it\/wp-json\/wp\/v2\/media?parent=552584"}],"wp:term":[{"taxonomy":"category","embeddable":true,"href":"https:\/\/www.europesays.com\/it\/wp-json\/wp\/v2\/categories?post=552584"},{"taxonomy":"post_tag","embeddable":true,"href":"https:\/\/www.europesays.com\/it\/wp-json\/wp\/v2\/tags?post=552584"}],"curies":[{"name":"wp","href":"https:\/\/api.w.org\/{rel}","templated":true}]}}