{"id":552627,"date":"2026-06-23T15:19:22","date_gmt":"2026-06-23T15:19:22","guid":{"rendered":"https:\/\/www.europesays.com\/it\/552627\/"},"modified":"2026-06-23T15:19:22","modified_gmt":"2026-06-23T15:19:22","slug":"nba-antetokounmpo-a-miami-la-trade-con-milwaukee","status":"publish","type":"post","link":"https:\/\/www.europesays.com\/it\/552627\/","title":{"rendered":"Nba, Antetokounmpo a Miami, la trade con Milwaukee"},"content":{"rendered":"<p>                                Gli Heat aggiungono una star assoluta insieme a Bobby Portis, a Milwaukee 4 giocatori e 5 future scelte al draft<\/p>\n<p>            <a class=\"image is-50x50\" href=\"https:\/\/www.gazzetta.it\/collaboratori\/riccardo-pratesi\/\" rel=\"nofollow noopener\" target=\"_blank\"><br \/>\n                <img decoding=\"async\" class=\"is-rounded\" src=\"https:\/\/www.europesays.com\/it\/wp-content\/uploads\/2025\/09\/1758844272_124_omino.png\" alt=\"Riccardo Pratesi\"\/><br \/>\n            <\/a><\/p>\n<p>Collaboratore<\/p>\n<p>                    23 giugno 2026 (modifica alle 11:10)  &#8211; MILANO<\/p>\n<p class=\"paragraph\" spellcheck=\"true\">Giannis Antetokounmpo \u00e8 un nuovo giocatore dei Miami Heat. Dopo tante voci, le ricorrenti indiscrezioni di mercato, la trade per il 31enne greco \u00e8 diventata realt\u00e0: i Milwaukee Bucks lo scambiano, con in aggiunta Bobby Portis, destinazione Florida, in cambio di Tyler Herro, Kel\u2019el Ware, Jaime Jaquez, Kasparas Jakucionis e cinque future scelte dei Draft. Nel dettaglio, la numero 13 di quello in programma stanotte al Barclays Center di Brooklyn, le scelte di primo giro non protette di Miami dei Draft 2031 e 2033, lo scambio (potenziale, se favorevole ai Bucks) di scelte di primo giro del Draft 2030 e una scelta di secondo giro del 2033. Miami mette le mani su un big e spera cos\u00ec di poter tornare da corsa, a maggior ragione in un Est non proprio irresistibile. Giannis giocher\u00e0 di fianco a Bam Adebayo e Andrew Wiggins formando un reparto lungo di qualit\u00e0 ed esperienza. I Bucks, con Antetokounmpo a soli 12 mesi dalla scadenza del contratto, riescono comunque a incassare una contropartita considerevole.\u00a0<\/p>\n<p>    no a boston\u2014 \u00a0<\/p>\n<p class=\"paragraph is-inline\" spellcheck=\"true\">Stupisce semmai che Milwaukee possa aver preferito l\u2019offerta di Miami a quella presunta dei Boston Celtics incentrata su Jaylen Brown, Mvp delle Finals due stagioni fa e secondo quintetto All Nba nell\u2019ultima stagione. Per\u00f2 i dettagli specifici della proposta dei verdi di Beantown sono soltanto ipotesi, non c\u2019\u00e8 controprova sostanziale che fosse tutto vero e soprattutto delle eventuali modalit\u00e0 di negoziazione realmente sul tavolo di trattativa. In ogni caso i Bucks hanno scelto un\u2019offerta flessibile che permette loro di tenere aperti parecchi scenari nel prossimo futuro senza andare all in su un altro campione, gioco forza.\u00a0<\/p>\n<p>    l&#8217;usura di giannis\u2014 \u00a0<\/p>\n<p class=\"paragraph is-inline\" spellcheck=\"true\">Antetokounmpo ha giocato 13 stagioni a Milwaukee, 10 volte All Star, due volte Mvp della lega, difensore dell\u2019anno. Ha conquistato per i Bucks il titolo Nba del 2021 da miglior giocatore di quelle Finals. Uomo franchigia e simbolo cittadino a Milwaukee. Giannis \u00e8 ancora uno dei primi 10 giocatori Nba per valore assoluto: 27.6 punti di media nell\u2019ultima stagione, con 9.8 rimbalzi e 5.4 assist di contorno. La domanda semmai \u00e8: quanta benzina ha ancora nel serbatoio? Ha sofferto ricorrenti problemi fisici di recente e giocato appena 36 partite nell\u2019ultima stagione. Milwaukee \u00e8 stata eliminata al primo turno dei playoff per tre anni di fila non giocando neppure la post season nel 2026, col suo campione indisponibile, acciaccato. A Miami per\u00f2 sono convinti che Giannis abbia comunque ancora molto da dare. E festeggiano il suo arrivo come una vittoria.<\/p>\n<p><a class=\"is-partner-link\" href=\"https:\/\/abbonamenti.gazzetta.it\/de-promo-mondiali\/?pwcmp=cta&amp;forceBrowser=true\" rel=\"nofollow noopener\" target=\"_blank\">Gazzetta Mondiale: ogni notte un\u2019edizione straordinaria esclusiva. Non perdertela, abbonati a 1\u20ac\/mese!<\/a><\/p>\n<p class=\"paragraph\" spellcheck=\"true\">a breve il servizio completo<\/p>\n<p class=\"is-copyright\">\u00a9 RIPRODUZIONE RISERVATA<\/p>\n","protected":false},"excerpt":{"rendered":"Gli Heat aggiungono una star assoluta insieme a Bobby Portis, a Milwaukee 4 giocatori e 5 future scelte&hellip;\n","protected":false},"author":3,"featured_media":552628,"comment_status":"","ping_status":"","sticky":false,"template":"","format":"standard","meta":{"footnotes":"","_share_on_mastodon":"0"},"categories":[176],"tags":[56300,105033,304563,18265,122330,1953,5114,109957,18576,4252,304564,304565,56297,198026,2267,564,3412,3369,94094,304566,1537,90,89,304567,9768,129459,18571,50410,245,244,577,2199,116171],"class_list":["post-552627","post","type-post","status-publish","format-standard","has-post-thumbnail","category-sport","tag-antetokounmpo","tag-bobby","tag-bobby-portis","tag-boston","tag-bucks","tag-campione","tag-dettagli","tag-draft","tag-finals","tag-future","tag-future-scelte","tag-future-scelte-draft","tag-giannis","tag-giannis-antetokounmpo","tag-giocato","tag-giocatore","tag-giocatori","tag-giro","tag-heat","tag-herro","tag-it","tag-italia","tag-italy","tag-jaquez","tag-miami","tag-milwaukee","tag-nba","tag-scelte","tag-sport","tag-sports","tag-stagione","tag-ultima","tag-ultima-stagione"],"share_on_mastodon":{"url":"https:\/\/pubeurope.com\/@it\/116800099407188817","error":""},"_links":{"self":[{"href":"https:\/\/www.europesays.com\/it\/wp-json\/wp\/v2\/posts\/552627","targetHints":{"allow":["GET"]}}],"collection":[{"href":"https:\/\/www.europesays.com\/it\/wp-json\/wp\/v2\/posts"}],"about":[{"href":"https:\/\/www.europesays.com\/it\/wp-json\/wp\/v2\/types\/post"}],"author":[{"embeddable":true,"href":"https:\/\/www.europesays.com\/it\/wp-json\/wp\/v2\/users\/3"}],"replies":[{"embeddable":true,"href":"https:\/\/www.europesays.com\/it\/wp-json\/wp\/v2\/comments?post=552627"}],"version-history":[{"count":0,"href":"https:\/\/www.europesays.com\/it\/wp-json\/wp\/v2\/posts\/552627\/revisions"}],"wp:featuredmedia":[{"embeddable":true,"href":"https:\/\/www.europesays.com\/it\/wp-json\/wp\/v2\/media\/552628"}],"wp:attachment":[{"href":"https:\/\/www.europesays.com\/it\/wp-json\/wp\/v2\/media?parent=552627"}],"wp:term":[{"taxonomy":"category","embeddable":true,"href":"https:\/\/www.europesays.com\/it\/wp-json\/wp\/v2\/categories?post=552627"},{"taxonomy":"post_tag","embeddable":true,"href":"https:\/\/www.europesays.com\/it\/wp-json\/wp\/v2\/tags?post=552627"}],"curies":[{"name":"wp","href":"https:\/\/api.w.org\/{rel}","templated":true}]}}