{"id":552672,"date":"2026-06-23T15:51:14","date_gmt":"2026-06-23T15:51:14","guid":{"rendered":"https:\/\/www.europesays.com\/it\/552672\/"},"modified":"2026-06-23T15:51:14","modified_gmt":"2026-06-23T15:51:14","slug":"crisi-dei-socialisti-europei-ma-bruxelles-resta-a-sinistra","status":"publish","type":"post","link":"https:\/\/www.europesays.com\/it\/552672\/","title":{"rendered":"Crisi dei socialisti europei, ma Bruxelles resta a sinistra"},"content":{"rendered":"<p>  E a Cipro, alle elezioni dello scorso maggio, il partito pi\u00f9 votato \u00e8 stato il Raggruppamento democratico che, a dispetto del nome non ha nulla a che spartire con il nostro Pd ma, anzi, si colloca sul fronte opposto: senza contare che l\u2019estrema destra ha raddoppiato i propri seggi. Certo, ci si pu\u00f2 consolare con la sconfitta di <strong>Viktor Orb\u00e1n<\/strong>, ma al trionfo di <strong>Peter Magyar<\/strong> (ha conquistato la maggioranza assoluta) si contrappone la scomparsa della sinistra dal Parlamento di Budapest.<\/p>\n<p>Per socialisti e compagni, dunque, il quadro non \u00e8 confortevole, ma se si aggiunge quanto accaduto ieri \u00e8, se possibile, addirittura drammatico. Cominciamo da <strong>Keir Starme<\/strong>r, premier di un Paese che da dieci anni non fa pi\u00f9 parte dell\u2019Unione, ma che ultimamente aspirerebbe a ritornarvi. Il leader laburista, dopo mesi di passione, si \u00e8 rassegnato a fare le valigie. Il suo consenso era ridotto al minimo: i sondaggi, infatti, lo davano da tempo in caduta libera, con percentuali che quasi facevano rimpiangere <strong>Boris Johnson<\/strong> e perfino <strong>Liz Truss<\/strong>. A fargli rapidamente perdere il gradimento pare siano state una serie di scelte sbagliate molto progressiste, tipo togliere i sussidi per il riscaldamento o prendersela con chi protestava contro gli effetti di una immigrazione senza controllo. Risultato, adesso il Labour si affida al sindaco di Manchester, altro socialista, il quale oscilla fra <strong>Tony Blair<\/strong> e <strong>Jeremy Corbyn<\/strong>, ovvero due che pi\u00f9 lontani non potrebbero essere. Le premesse per un nuovo fallimento dunque ci sono tutte, con grande soddisfazione di <strong>Nigel Farage<\/strong>, leader di Reform Uk, un tipo che, fino a poco tempo fa, era considerato una specie di guitto (ha partecipato anche alla versione inglese dell\u2019Isola dei famosi), ma che di recente spopola a ogni elezione.<\/p>\n<p>Tuttavia, se la sinistra inglese piange, quella spagnola di certo non ride. Delle difficolt\u00e0 in cui si dibatte <strong>Pedro S\u00e1nchez<\/strong>, leader del Psoe, si sa: la coalizione che lo ha portato al governo perde i pezzi e per mantenersi a galla il politico pi\u00f9 amato da <strong>Elly Schlein<\/strong> \u00e8 costretto a ogni genere di mediazione. Di recente, per\u00f2, le cose si sono fatte pi\u00f9 complicate, anche perch\u00e9 i guai non sono politici ma giudiziari. Prima le indagini a carico dei familiari, poi quelle sulla sua cerchia di collaboratori, quindi l\u2019irruzione della Guardia civil prima a casa e negli uffici di<strong> Luis Zapatero<\/strong>, nume tutelare dei compagni, e poi nella sede dello stesso partito operaio. Nella cassaforte dell\u2019ex premier gli agenti hanno trovato un tesoro, composto da orologi di lusso e gioielli oltre, naturalmente, ai contanti. Un colpo capace di tramortire chiunque, perch\u00e9 nel mirino della magistratura \u00e8 finita l\u2019icona del progressismo e della moralit\u00e0. <strong>S\u00e1nchez<\/strong> ha provato a fare finta di niente, anzi a gridare al complotto, ma \u00e8 difficile credergli, soprattutto dopo quanto successo negli ultimi due giorni. Prima il rinvio a giudizio della moglie <strong>Bego\u00f1a G\u00f3mez<\/strong>, accusata di traffico d\u2019influenze e contro cui \u00e8 stato deciso il ritiro del passaporto. Per uno che deve guidare un Paese, avere la moglie che non pu\u00f2 espatriare non \u00e8 proprio un bel biglietto da visita. Se poi a questo si aggiunge la condanna del suo ex braccio destro Jos\u00e9 Luis \u00c1balos a 24 anni e tre mesi di reclusione per i reati di criminalit\u00e0 organizzata, corruzione, traffico di influenze e appropriazione indebita, si capisce che il faro della sinistra italiana rischia di spegnersi a breve.<\/p>\n<p>A questo punto, visto che su 27 Paesi europei, 14 sono guidati da coalizioni di centrodestra, tre da destra, cinque da partiti liberali e solo quattro dalla sinistra (anche se sulla Slovacchia ci sarebbe da dire), viene spontanea una domanda: ma se l\u2019Europa \u00e8 sostanzialmente spostata a destra, perch\u00e9 la Ue continua a fare scelte di sinistra? In altre parole: fino a quando Bruxelles potr\u00e0 continuare a ignorare il fallimento dei socialisti? <\/p>\n","protected":false},"excerpt":{"rendered":"E a Cipro, alle elezioni dello scorso maggio, il partito pi\u00f9 votato \u00e8 stato il Raggruppamento democratico che,&hellip;\n","protected":false},"author":3,"featured_media":552673,"comment_status":"","ping_status":"","sticky":false,"template":"","format":"standard","meta":{"footnotes":"","_share_on_mastodon":"0"},"categories":[160],"tags":[14,164,165,166,7,15,12699,11,167,12,168,161,162,163],"class_list":["post-552672","post","type-post","status-publish","format-standard","has-post-thumbnail","category-mondo","tag-cronaca","tag-dal-mondo","tag-dalmondo","tag-mondo","tag-news","tag-notizie","tag-sinistra-a-pezzi","tag-ultime-notizie","tag-ultime-notizie-di-mondo","tag-ultimenotizie","tag-ultimenotiziedimondo","tag-world","tag-world-news","tag-worldnews"],"share_on_mastodon":{"url":"","error":""},"_links":{"self":[{"href":"https:\/\/www.europesays.com\/it\/wp-json\/wp\/v2\/posts\/552672","targetHints":{"allow":["GET"]}}],"collection":[{"href":"https:\/\/www.europesays.com\/it\/wp-json\/wp\/v2\/posts"}],"about":[{"href":"https:\/\/www.europesays.com\/it\/wp-json\/wp\/v2\/types\/post"}],"author":[{"embeddable":true,"href":"https:\/\/www.europesays.com\/it\/wp-json\/wp\/v2\/users\/3"}],"replies":[{"embeddable":true,"href":"https:\/\/www.europesays.com\/it\/wp-json\/wp\/v2\/comments?post=552672"}],"version-history":[{"count":0,"href":"https:\/\/www.europesays.com\/it\/wp-json\/wp\/v2\/posts\/552672\/revisions"}],"wp:featuredmedia":[{"embeddable":true,"href":"https:\/\/www.europesays.com\/it\/wp-json\/wp\/v2\/media\/552673"}],"wp:attachment":[{"href":"https:\/\/www.europesays.com\/it\/wp-json\/wp\/v2\/media?parent=552672"}],"wp:term":[{"taxonomy":"category","embeddable":true,"href":"https:\/\/www.europesays.com\/it\/wp-json\/wp\/v2\/categories?post=552672"},{"taxonomy":"post_tag","embeddable":true,"href":"https:\/\/www.europesays.com\/it\/wp-json\/wp\/v2\/tags?post=552672"}],"curies":[{"name":"wp","href":"https:\/\/api.w.org\/{rel}","templated":true}]}}