{"id":552916,"date":"2026-06-23T19:40:19","date_gmt":"2026-06-23T19:40:19","guid":{"rendered":"https:\/\/www.europesays.com\/it\/552916\/"},"modified":"2026-06-23T19:40:19","modified_gmt":"2026-06-23T19:40:19","slug":"piganzoli-ce-primo-tour-de-france-voluto-da-vingegaard","status":"publish","type":"post","link":"https:\/\/www.europesays.com\/it\/552916\/","title":{"rendered":"Piganzoli c&#8217;\u00e8: primo Tour de France voluto da Vingegaard"},"content":{"rendered":"<p>                                La Visma-Lease a Bike ha ufficializzato la squadra per la corsa francese. Il campione danese dopo il Giro si fida di Davide per le tappe in salita<\/p>\n<p>            <a class=\"image is-50x50\" href=\"https:\/\/www.gazzetta.it\/redazione\/luca-gialanella\/\" rel=\"nofollow noopener\" target=\"_blank\"><br \/>\n                <img decoding=\"async\" class=\"is-rounded\" src=\"https:\/\/www.europesays.com\/it\/wp-content\/uploads\/2026\/01\/luca_gialanella_avatar.png\" alt=\"Luca Gialanella\"\/><br \/>\n            <\/a><\/p>\n<p>Giornalista<\/p>\n<p>                    23 giugno &#8211; 19:09  &#8211; MILANO<\/p>\n<p class=\"paragraph\" spellcheck=\"true\">Sta preparando le valigie, destinazione Barcellona, dove sabato 4 luglio scatter\u00e0 il Tour de France con una delicatissima cronosquadre che si concluder\u00e0 in salita sulla collina olimpica del Montjiuc. Con la maglia della Visma-Lease a Bike, <a href=\"https:\/\/www.gazzetta.it\/Ciclismo\/20-06-2026\/giro-di-svizzera-pogacar-vince-anche-a-cronometro-e-in-francia-successo-di-piganzoli.shtml?intcmp=hyperlink-articolo-gazit\" title=\"Giro di Svizzera, Pogacar beffa VdP a cronometro per 60 centimetri. E in Francia successo di Piganzoli\" target=\"_blank\" rel=\"nofollow noopener\">Davide Piganzoli <\/a>correr\u00e0 a 23 anni il suo primo Tour: la Gazzetta aveva anticipato la notizia nei giorni scorsi e l\u2019ufficializzazione \u00e8 arrivata oggi pomeriggio dalla conferenza stampa della squadra olandese a Den Bosch, dove ha sede il centro di alta prestazione del team. <a href=\"https:\/\/www.gazzetta.it\/Ciclismo\/19-06-2026\/vingegaard-la-tripla-corona-ora-e-anche-un-documentario.shtml?intcmp=hyperlink-articolo-gazit\" title=\"Vingegaard, la tripla corona ora \u00e8 anche un documentario\" target=\"_blank\" rel=\"nofollow noopener\">Jonas Vingegaard <\/a>si fida ciecamente del valtellinese di Morbegno per la salita, dopo le super prestazioni di Davide al Giro d\u2019Italia. Piganzoli \u00e8 sempre stato l\u2019ultimo uomo per il danese, ha spianato le montagne prima degli attacchi di Vingegaard, che al Giro ha vinto cinque tappe con arrivo in salita (la sesta l\u2019ha \u201cconcessa\u201d a Kuss).\u00a0Non solo: \u201cPiga\u201d \u00e8 arrivato ottavo in classifica, miglior italiano, e la settimana scorsa si \u00e8 fatto trovare pronto all\u2019ultimo test che gli aveva chiesto la squadra. Ha vinto la breve corsa a tappe francese Route d\u2019Occitanie, con il successo sull\u2019arrivo pirenaico di Loudenvielle, traguardo anche di Tour de France.\u00a0<\/p>\n<p>        la scelta di jonas\u2014 \u00a0<\/p>\n<p class=\"paragraph\" spellcheck=\"true\">A questo punto non c\u2019erano pi\u00f9 dubbi. Vingegaard ha voluto Piganzoli a ogni costo tra i sette compagni di squadra nella sua Visma-Lease a Bike, e con lui ci sar\u00e0 anche lo statunitense Sepp Kuss: sono l\u2019asse per le tappe di montagne, il terreno dove Vingegaard lancia la sfida a Pogacar. Mai cos\u00ec forte, il danese, negli ultimi tre anni, meglio anche del 2023 quando sulle Alpi e sui Pirenei inflisse a Pogacar le peggiori sconfitte della carriera. Con la maglia rosa del Giro d\u2019Italia sulle spalle e l\u2019ingresso nel club esclusivo della Tripla Corona, Vingegaard punta dritto al terzo Tour de France dopo quelli del 2022 e 2023.\u00a0<\/p>\n<p>        anche affini\u2014 \u00a0<\/p>\n<p class=\"paragraph\" spellcheck=\"true\">Tra i compagni di Vingegaard c\u2019\u00e8 un altro italiano, fedelissimo per la pianura: il mantovano Edoardo Affini. Gli altri sono il fiammingo Victor Campenaerts, lo statunitense Matteo Jorgenson, il francese Bruno Armirail e il debuttante norvegese Per Strand Hagenes. Per Piganzoli questa investitura per il Tour \u00e8 (anche) il pi\u00f9 bel regalo di compleanno mai ricevuto: festegger\u00e0 24 anni l\u20198 luglio, quinta tappa della Grande Boucle. Davide \u00e8 cresciuto nella Eolo-Kometa di Ivan Basso e Alberto Contador, che hanno sempre creduto nelle sue qualit\u00e0. Nell\u2019inverno scorso, il grande salto nel WorldTour con la Visma-Lease a Bike, la formazione di Vingegaard. Quinto nel 2022 e terzo nel 2023 al Tour de l\u2019Avenir Under 23, Piganzoli ha debuttato nei professionisti nel 2023 e dopo tre anni ecco il Tour de France. Finora aveva sempre corso soltanto il Giro: 13\u00b0 nel 2024, 14\u00b0 nel 2025 e appunto 8\u00b0 nel 2026. Ha conquistato quattro vittorie: tappa e classifica del Tour of Antalya in Turchia nel 2024 con la maglia della Polti-Kometa, tappa e classifica della Route d\u2019Occitanie la settimana scorsa.<\/p>\n<p class=\"is-copyright\">\u00a9 RIPRODUZIONE RISERVATA<\/p>\n","protected":false},"excerpt":{"rendered":"La Visma-Lease a Bike ha ufficializzato la squadra per la corsa francese. Il campione danese dopo il Giro&hellip;\n","protected":false},"author":3,"featured_media":552917,"comment_status":"","ping_status":"","sticky":false,"template":"","format":"standard","meta":{"footnotes":"","_share_on_mastodon":"0"},"categories":[1456],"tags":[31104,1262,4632,1824,1932,4021,1276,1825,2236,8506,277,2237,64639,2240,3368,3369,32871,1537,90,1599,89,53352,53353,2219,67510,3547,245,244,1857,2218,14390,3555,15683,1826,2223,41374,53354,53355],"class_list":["post-552916","post","type-post","status-publish","format-standard","has-post-thumbnail","category-ciclismo","tag-affini","tag-arrivo","tag-bike","tag-ciclismo","tag-classifica","tag-compagni","tag-corsa","tag-cycling","tag-danese","tag-davide","tag-de","tag-de-france","tag-fida","tag-france","tag-francese","tag-giro","tag-giro-italia","tag-it","tag-italia","tag-italiano","tag-italy","tag-lease","tag-lease-bike","tag-maglia","tag-piganzoli","tag-salita","tag-sport","tag-sports","tag-squadra","tag-tappa","tag-tappe","tag-tour","tag-tour-de","tag-tour-de-france","tag-vingegaard","tag-visma","tag-visma-lease","tag-visma-lease-bike"],"share_on_mastodon":{"url":"https:\/\/pubeurope.com\/@it\/116801125500534019","error":""},"_links":{"self":[{"href":"https:\/\/www.europesays.com\/it\/wp-json\/wp\/v2\/posts\/552916","targetHints":{"allow":["GET"]}}],"collection":[{"href":"https:\/\/www.europesays.com\/it\/wp-json\/wp\/v2\/posts"}],"about":[{"href":"https:\/\/www.europesays.com\/it\/wp-json\/wp\/v2\/types\/post"}],"author":[{"embeddable":true,"href":"https:\/\/www.europesays.com\/it\/wp-json\/wp\/v2\/users\/3"}],"replies":[{"embeddable":true,"href":"https:\/\/www.europesays.com\/it\/wp-json\/wp\/v2\/comments?post=552916"}],"version-history":[{"count":0,"href":"https:\/\/www.europesays.com\/it\/wp-json\/wp\/v2\/posts\/552916\/revisions"}],"wp:featuredmedia":[{"embeddable":true,"href":"https:\/\/www.europesays.com\/it\/wp-json\/wp\/v2\/media\/552917"}],"wp:attachment":[{"href":"https:\/\/www.europesays.com\/it\/wp-json\/wp\/v2\/media?parent=552916"}],"wp:term":[{"taxonomy":"category","embeddable":true,"href":"https:\/\/www.europesays.com\/it\/wp-json\/wp\/v2\/categories?post=552916"},{"taxonomy":"post_tag","embeddable":true,"href":"https:\/\/www.europesays.com\/it\/wp-json\/wp\/v2\/tags?post=552916"}],"curies":[{"name":"wp","href":"https:\/\/api.w.org\/{rel}","templated":true}]}}