{"id":552943,"date":"2026-06-23T19:58:15","date_gmt":"2026-06-23T19:58:15","guid":{"rendered":"https:\/\/www.europesays.com\/it\/552943\/"},"modified":"2026-06-23T19:58:15","modified_gmt":"2026-06-23T19:58:15","slug":"inter-palestra-al-chelsea-stipendio-da-5-milioni","status":"publish","type":"post","link":"https:\/\/www.europesays.com\/it\/552943\/","title":{"rendered":"Inter, Palestra al Chelsea: stipendio da 5 milioni"},"content":{"rendered":"<p>                                Sembrava tutto fatto coi nerazzurri, ma il voltafaccia dell&#8217;agente e l&#8217;offerta economica molto superiore dei Blues hanno ribaltato la trattativa<\/p>\n<p class=\"paragraph\" spellcheck=\"true\">Un intervento a gamba tesa ha pregiudicato il futuro interista di Marco Palestra. Non sul campo, ovviamente, ma sul mercato. L&#8217;inserimento del Chelsea ha ribaltato i destini della trattativa. Perch\u00e9 la dirigenza nerazzurra, oggi, ha trascorso di fatto gran parte della giornata a colloquio con Alessandro Lucci, procuratore dell&#8217;esterno di propriet\u00e0 dell&#8217;Atalanta, e in realt\u00e0 si era seduta con la convinzione di raggiungere ben rapidamente un&#8217;intesa definitiva. Sponda giocatore era tutto fatto, lato Dea pure, ma nel corso del lunghissimo incontro di oggi \u00e8 venuta fuori una variabile non da poco. Ovvero il fortissimo inserimento dei Blues, che hanno messo sul piatto cifre decisamente pi\u00f9 elevate rispetto a quelle &#8211; gi\u00e0 altissime &#8211; offerte dall&#8217;Inter: si parla di un contratto quinquennale da 5 milioni all&#8217;anno per il giocatore, che alla fine ha deciso di accettare. Palestra aveva sempre dato la priorit\u00e0 all&#8217;Inter, ma la convinzione con cui il club inglese si \u00e8 inserito ha modificato clamorosamente l&#8217;andamento di una trattativa che sembrava gi\u00e0 conclusa.<\/p>\n","protected":false},"excerpt":{"rendered":"Sembrava tutto fatto coi nerazzurri, ma il voltafaccia dell&#8217;agente e l&#8217;offerta economica molto superiore dei Blues hanno ribaltato&hellip;\n","protected":false},"author":3,"featured_media":552944,"comment_status":"","ping_status":"","sticky":false,"template":"","format":"standard","meta":{"footnotes":"","_share_on_mastodon":"0"},"categories":[6],"tags":[6576,10573,5368,4162,14,564,8,8497,350,1537,90,89,7,15,82,9,83,10,6843,114223,11603,13,2981,11,80,84,12,81,85],"class_list":["post-552943","post","type-post","status-publish","format-standard","has-post-thumbnail","category-ultime-notizie","tag-accettare","tag-blues","tag-chelsea","tag-convinzione","tag-cronaca","tag-giocatore","tag-headlines","tag-inserimento","tag-inter","tag-it","tag-italia","tag-italy","tag-news","tag-notizie","tag-notizie-di-cronaca","tag-notizie-principali","tag-notiziedicronaca","tag-notizieprincipali","tag-palestra","tag-ribaltato","tag-sembrava","tag-titoli","tag-trattativa","tag-ultime-notizie","tag-ultime-notizie-di-cronaca","tag-ultime-notizie-e-news-di-oggi","tag-ultimenotizie","tag-ultimenotiziedicronaca","tag-ultimenotizieenewsdioggi"],"share_on_mastodon":{"url":"https:\/\/pubeurope.com\/@it\/116801195417934937","error":""},"_links":{"self":[{"href":"https:\/\/www.europesays.com\/it\/wp-json\/wp\/v2\/posts\/552943","targetHints":{"allow":["GET"]}}],"collection":[{"href":"https:\/\/www.europesays.com\/it\/wp-json\/wp\/v2\/posts"}],"about":[{"href":"https:\/\/www.europesays.com\/it\/wp-json\/wp\/v2\/types\/post"}],"author":[{"embeddable":true,"href":"https:\/\/www.europesays.com\/it\/wp-json\/wp\/v2\/users\/3"}],"replies":[{"embeddable":true,"href":"https:\/\/www.europesays.com\/it\/wp-json\/wp\/v2\/comments?post=552943"}],"version-history":[{"count":0,"href":"https:\/\/www.europesays.com\/it\/wp-json\/wp\/v2\/posts\/552943\/revisions"}],"wp:featuredmedia":[{"embeddable":true,"href":"https:\/\/www.europesays.com\/it\/wp-json\/wp\/v2\/media\/552944"}],"wp:attachment":[{"href":"https:\/\/www.europesays.com\/it\/wp-json\/wp\/v2\/media?parent=552943"}],"wp:term":[{"taxonomy":"category","embeddable":true,"href":"https:\/\/www.europesays.com\/it\/wp-json\/wp\/v2\/categories?post=552943"},{"taxonomy":"post_tag","embeddable":true,"href":"https:\/\/www.europesays.com\/it\/wp-json\/wp\/v2\/tags?post=552943"}],"curies":[{"name":"wp","href":"https:\/\/api.w.org\/{rel}","templated":true}]}}