{"id":553175,"date":"2026-06-23T23:20:26","date_gmt":"2026-06-23T23:20:26","guid":{"rendered":"https:\/\/www.europesays.com\/it\/553175\/"},"modified":"2026-06-23T23:20:26","modified_gmt":"2026-06-23T23:20:26","slug":"mondiali-2026-lannuncio-di-infantino-io-e-donald-trump-consegneremo-insieme-il-trofeo-nella-finale","status":"publish","type":"post","link":"https:\/\/www.europesays.com\/it\/553175\/","title":{"rendered":"Mondiali 2026, l&#8217;annuncio di Infantino: \u00abIo e Donald Trump consegneremo insieme il trofeo nella finale\u00bb"},"content":{"rendered":"<p>Il presidente della Fifa conferma la presenza del tycoon sul podio nell&#8217;atto conclusivo del torneo. Il precedente dello scorso anno al MetLife Stadium tra Chelsea e Psg, quando il presidente americano fu fischiato dal pubblico<\/p>\n<p>\t\t\t<a href=\"https:\/\/google.com\/preferences\/source?q=open.online\" target=\"_blank\" rel=\"nofollow noopener\"><img loading=\"lazy\" decoding=\"async\" src=\"https:\/\/www.europesays.com\/it\/wp-content\/uploads\/2026\/05\/gps@2x.png\" alt=\"Google Preferred Site\" width=\"200\" height=\"63\"\/><\/a><\/p>\n<p class=\"wp-block-paragraph\"><a href=\"https:\/\/www.open.online\/temi\/donald-trump\/\" rel=\"nofollow noopener\" target=\"_blank\">Donald Trump<\/a> salir\u00e0 sul palco della finalissima dei <a href=\"https:\/\/www.open.online\/temi\/mondiali-2026\/\" rel=\"nofollow noopener\" target=\"_blank\">Mondiali 2026<\/a> per consegnare la coppa alla squadra che si incoroner\u00e0 <strong>campione del mondo<\/strong>. L\u2019annuncio ufficiale \u00e8 arrivato direttamente dal presidente della Fifa, <a href=\"https:\/\/www.open.online\/temi\/gianni-infantino\/\" rel=\"nofollow noopener\" target=\"_blank\">Gianni Infantino<\/a>, nel corso di un\u2019intervista rilasciata all\u2019emittente televisiva statunitense Fox. Trump aveva partecipato lo scorso anno alla finale della coppa del mondo dei club fra Chelsea e Paris Saint-Germain al MetLife Stadium e fu fischiato quando sal\u00ec sul palco.\u00a0<\/p>\n<p>Il piano della Fifa per la finalissima<\/p>\n<p class=\"wp-block-paragraph\">Nessun dubbio sul protocollo della cerimonia di chiusura del torneo. Infantino ha confermato che il leader della Casa Bianca giocher\u00e0 un ruolo di primissimo piano nel momento clou della manifestazione. \u00abSaremo insieme a goderci la finale e a consegnare il trofeo al vincitore\u00bb, ha dichiarato il numero uno del calcio mondiale a New York. A chi esplicitamente gli domandava se avrebbero effettuato la premiazione fianco a fianco sul podio, Infantino ha risposto blindando la decisione con un secco: \u00abCerto\u00bb.<\/p>\n<p>Il precedente<\/p>\n<p class=\"wp-block-paragraph\">La presenza di Donald Trump sul palcoscenico dei grandi eventi calcistici organizzati dalla Fifa sul suolo americano non \u00e8 una novit\u00e0 assoluta, e in passato ha gi\u00e0 registrato momenti di forte tensione con i tifosi. Lo scorso anno, infatti, il presidente statunitense aveva preso parte alla finale della Coppa del Mondo per club che aveva visto sfidarsi gli inglesi del Chelsea e i francesi del Paris Saint-Germain. In quell\u2019occasione, teatro dell\u2019evento fu proprio il <strong>MetLife Stadium<\/strong> di East Rutherford (lo stesso impianto designato per la finale mondiale). Quando Trump sal\u00ec sul palco per dare il via alle premiazioni, una parte consistente del pubblico presente sugli spalti lo accolse con una sonora bordata di <strong>fischi<\/strong>.<\/p>\n","protected":false},"excerpt":{"rendered":"Il presidente della Fifa conferma la presenza del tycoon sul podio nell&#8217;atto conclusivo del torneo. Il precedente dello&hellip;\n","protected":false},"author":3,"featured_media":553176,"comment_status":"","ping_status":"","sticky":false,"template":"","format":"standard","meta":{"footnotes":"","_share_on_mastodon":"0"},"categories":[1452],"tags":[536,3825,721,5368,554,36012,4297,173139,1113,206,3964,32956,1426,1740,7291,1537,90,89,294089,294090,2298,135,1739,245,244,26884,379],"class_list":["post-553175","post","type-post","status-publish","format-standard","has-post-thumbnail","category-calcio","tag-americano","tag-annuncio","tag-calcio","tag-chelsea","tag-club","tag-consegnare","tag-coppa","tag-coppa-club","tag-donald","tag-donald-trump","tag-fianco","tag-fifa","tag-finale","tag-football","tag-infantino","tag-it","tag-italia","tag-italy","tag-metlife","tag-metlife-stadium","tag-palco","tag-presidente","tag-soccer","tag-sport","tag-sports","tag-stadium","tag-trump"],"share_on_mastodon":{"url":"https:\/\/pubeurope.com\/@it\/116801990587333116","error":""},"_links":{"self":[{"href":"https:\/\/www.europesays.com\/it\/wp-json\/wp\/v2\/posts\/553175","targetHints":{"allow":["GET"]}}],"collection":[{"href":"https:\/\/www.europesays.com\/it\/wp-json\/wp\/v2\/posts"}],"about":[{"href":"https:\/\/www.europesays.com\/it\/wp-json\/wp\/v2\/types\/post"}],"author":[{"embeddable":true,"href":"https:\/\/www.europesays.com\/it\/wp-json\/wp\/v2\/users\/3"}],"replies":[{"embeddable":true,"href":"https:\/\/www.europesays.com\/it\/wp-json\/wp\/v2\/comments?post=553175"}],"version-history":[{"count":0,"href":"https:\/\/www.europesays.com\/it\/wp-json\/wp\/v2\/posts\/553175\/revisions"}],"wp:featuredmedia":[{"embeddable":true,"href":"https:\/\/www.europesays.com\/it\/wp-json\/wp\/v2\/media\/553176"}],"wp:attachment":[{"href":"https:\/\/www.europesays.com\/it\/wp-json\/wp\/v2\/media?parent=553175"}],"wp:term":[{"taxonomy":"category","embeddable":true,"href":"https:\/\/www.europesays.com\/it\/wp-json\/wp\/v2\/categories?post=553175"},{"taxonomy":"post_tag","embeddable":true,"href":"https:\/\/www.europesays.com\/it\/wp-json\/wp\/v2\/tags?post=553175"}],"curies":[{"name":"wp","href":"https:\/\/api.w.org\/{rel}","templated":true}]}}