{"id":55325,"date":"2025-08-19T02:00:11","date_gmt":"2025-08-19T02:00:11","guid":{"rendered":"https:\/\/www.europesays.com\/it\/55325\/"},"modified":"2025-08-19T02:00:11","modified_gmt":"2025-08-19T02:00:11","slug":"verso-la-vuelta-la-movistar-va-a-caccia-di-tappe","status":"publish","type":"post","link":"https:\/\/www.europesays.com\/it\/55325\/","title":{"rendered":"VERSO LA VUELTA. LA MOVISTAR VA A CACCIA DI TAPPE"},"content":{"rendered":"<p class=\"news_body-excerpt\">Jorge Arcas, Orluis Aular, Carlos Canal, Pablo Castrillo, Jefferson Cepeda, Iv\u00e1n G. Cortina, Michel Hessmann e Javier Romo saranno gli otto portacolori della Movistar Team sulle strade della Vuelta che scatta sabato.\n            <\/p>\n<p class=\"news_body-excerpt\">Un blocco solido che punter\u00e0 soprattutto sulle vittorie di tappa vista l&#8217;assenza di un uomo di classifica designato. Il corridore pi\u00f9 esperto \u00e8 <strong>Arcas<\/strong>, alla sua sesta partecipazione. <strong>Canal<\/strong>, <strong>Cepeda<\/strong> e <strong>Cortina<\/strong> affrontano la loro quarta Vuelta, <strong>Aular<\/strong>, <strong>Castrillo<\/strong> e <strong>Romo<\/strong> la seconda mentre <strong>Hessmann<\/strong> sar\u00e0 al debutto assoluto nella corsa spagnola.\n            <\/p>\n<p><\/p>\n","protected":false},"excerpt":{"rendered":"Jorge Arcas, Orluis Aular, Carlos Canal, Pablo Castrillo, Jefferson Cepeda, Iv\u00e1n G. Cortina, Michel Hessmann e Javier Romo&hellip;\n","protected":false},"author":3,"featured_media":55326,"comment_status":"","ping_status":"","sticky":false,"template":"","format":"standard","meta":{"footnotes":"","_share_on_mastodon":"0"},"categories":[1456],"tags":[1824,1825,1537,90,89,35070,245,244,31288],"class_list":["post-55325","post","type-post","status-publish","format-standard","has-post-thumbnail","category-ciclismo","tag-ciclismo","tag-cycling","tag-it","tag-italia","tag-italy","tag-movistar-team","tag-sport","tag-sports","tag-vuelta-a-espana"],"share_on_mastodon":{"url":"","error":""},"_links":{"self":[{"href":"https:\/\/www.europesays.com\/it\/wp-json\/wp\/v2\/posts\/55325","targetHints":{"allow":["GET"]}}],"collection":[{"href":"https:\/\/www.europesays.com\/it\/wp-json\/wp\/v2\/posts"}],"about":[{"href":"https:\/\/www.europesays.com\/it\/wp-json\/wp\/v2\/types\/post"}],"author":[{"embeddable":true,"href":"https:\/\/www.europesays.com\/it\/wp-json\/wp\/v2\/users\/3"}],"replies":[{"embeddable":true,"href":"https:\/\/www.europesays.com\/it\/wp-json\/wp\/v2\/comments?post=55325"}],"version-history":[{"count":0,"href":"https:\/\/www.europesays.com\/it\/wp-json\/wp\/v2\/posts\/55325\/revisions"}],"wp:featuredmedia":[{"embeddable":true,"href":"https:\/\/www.europesays.com\/it\/wp-json\/wp\/v2\/media\/55326"}],"wp:attachment":[{"href":"https:\/\/www.europesays.com\/it\/wp-json\/wp\/v2\/media?parent=55325"}],"wp:term":[{"taxonomy":"category","embeddable":true,"href":"https:\/\/www.europesays.com\/it\/wp-json\/wp\/v2\/categories?post=55325"},{"taxonomy":"post_tag","embeddable":true,"href":"https:\/\/www.europesays.com\/it\/wp-json\/wp\/v2\/tags?post=55325"}],"curies":[{"name":"wp","href":"https:\/\/api.w.org\/{rel}","templated":true}]}}