{"id":553280,"date":"2026-06-24T00:54:17","date_gmt":"2026-06-24T00:54:17","guid":{"rendered":"https:\/\/www.europesays.com\/it\/553280\/"},"modified":"2026-06-24T00:54:17","modified_gmt":"2026-06-24T00:54:17","slug":"pro-pal-contro-lazienda-israeliana-teva-ma-allitalia-ha-fatto-risparmiare-116-miliardi-il-tempo","status":"publish","type":"post","link":"https:\/\/www.europesays.com\/it\/553280\/","title":{"rendered":"Pro-pal contro l&#8217;azienda israeliana Teva, ma all&#8217;Italia ha fatto risparmiare 1,16 miliardi \u2013 Il Tempo"},"content":{"rendered":"<p>            <img decoding=\"async\" src=\"https:\/\/www.europesays.com\/it\/wp-content\/uploads\/2026\/06\/164951826-6be8458d-d097-45f1-9662-8bfc2daafd43.jpg\" class=\"lazy\" alt=\"\"\/><\/p>\n<p>In occasione dei trent&#8217;anni di presenza in Italia, l&#8217;azienda farmaceutica israeliana Teva ha presentato a Roma\u00a0il proprio contributo offerto alla sostenibilit\u00e0 del Servizio Sanitario Nazionale e alla ricerca innovativa concentrata in particolare su neuroscienze e immunologia. Il suo lungo percorso, approdato nella penisola\u00a0nel 1996, \u00e8 costellato di successi e nel 2025 ha portato alla distribuzione di oltre 101 milioni di confezioni di farmaci nel canale retail e\u00a0ha sfiorato i 150 milioni di unit\u00e0 nel canale\u00a0ospedaliero.\u00a0Complessivamente, tra il 2022 e il 2025, i volumi hanno superato rispettivamente i 400 milioni di confezioni nel retail e i 552 milioni di unit\u00e0 nel canale ospedaliero.<\/p>\n<p>L&#8217;azienda accompagna quindi quotidianamente pazienti e operatori sanitari in farmacia e in ospedale lungo tutto il percorso di cura, considerando che quasi 1 farmaco equivalente su 4 distribuito in Italia \u00e8 un prodotto Teva. Nel 2025 i farmaci equivalenti di Teva hanno consentito al Servizio Sanitario Nazionale un risparmio stimato di 350 milioni di euro. Valore che supera l&#8217;1,16 miliardi di euro nel periodo 2022-2025.<\/p>\n<p>&#8220;Trent&#8217;anni di presenza in Italia ci consegnano una responsabilit\u00e0 chiara: contribuire in modo continuativo alla sostenibilit\u00e0 e all&#8217;evoluzione del Servizio Sanitario Nazionale, garantendo accesso alle cure, qualit\u00e0 e continuit\u00e0 terapeutica per milioni di persone\u00a0&#8211; ha detto Umberto Comberiati, Amministratore Delegato e Presidente di Teva Italia &#8211; Oggi i farmaci equivalenti non rappresentano soltanto uno strumento di efficienza: sono una componente strutturale del sistema salute, capace di sostenere la gestione delle cronicit\u00e0, ridurre le barriere di accesso e liberare risorse da reinvestire nell&#8217;innovazione e nei servizi&#8221;<\/p>\n<p>Il successo\u00a0\u00e8 per\u00f2 continuamente minato dalla campagna di boicottaggio organizzata dai pro-pal, che\u00a0nel recente periodo ha avuto delle ripercussioni negative anche sui dipendenti che ora rischiano il posto. Ennesimo boomerang contro l&#8217;Italia, che dalla cooperazione con Israele ha invece tutto da guadagnare.<\/p>\n","protected":false},"excerpt":{"rendered":"In occasione dei trent&#8217;anni di presenza in Italia, l&#8217;azienda farmaceutica israeliana Teva ha presentato a Roma\u00a0il proprio contributo&hellip;\n","protected":false},"author":3,"featured_media":553281,"comment_status":"","ping_status":"","sticky":false,"template":"","format":"standard","meta":{"footnotes":"","_share_on_mastodon":"0"},"categories":[172],"tags":[178,177,72,1537,90,89,54430,49407],"class_list":["post-553280","post","type-post","status-publish","format-standard","has-post-thumbnail","category-affari","tag-affari","tag-business","tag-israele","tag-it","tag-italia","tag-italy","tag-pro-pal","tag-teva"],"share_on_mastodon":{"url":"https:\/\/pubeurope.com\/@it\/116802360189157035","error":""},"_links":{"self":[{"href":"https:\/\/www.europesays.com\/it\/wp-json\/wp\/v2\/posts\/553280","targetHints":{"allow":["GET"]}}],"collection":[{"href":"https:\/\/www.europesays.com\/it\/wp-json\/wp\/v2\/posts"}],"about":[{"href":"https:\/\/www.europesays.com\/it\/wp-json\/wp\/v2\/types\/post"}],"author":[{"embeddable":true,"href":"https:\/\/www.europesays.com\/it\/wp-json\/wp\/v2\/users\/3"}],"replies":[{"embeddable":true,"href":"https:\/\/www.europesays.com\/it\/wp-json\/wp\/v2\/comments?post=553280"}],"version-history":[{"count":0,"href":"https:\/\/www.europesays.com\/it\/wp-json\/wp\/v2\/posts\/553280\/revisions"}],"wp:featuredmedia":[{"embeddable":true,"href":"https:\/\/www.europesays.com\/it\/wp-json\/wp\/v2\/media\/553281"}],"wp:attachment":[{"href":"https:\/\/www.europesays.com\/it\/wp-json\/wp\/v2\/media?parent=553280"}],"wp:term":[{"taxonomy":"category","embeddable":true,"href":"https:\/\/www.europesays.com\/it\/wp-json\/wp\/v2\/categories?post=553280"},{"taxonomy":"post_tag","embeddable":true,"href":"https:\/\/www.europesays.com\/it\/wp-json\/wp\/v2\/tags?post=553280"}],"curies":[{"name":"wp","href":"https:\/\/api.w.org\/{rel}","templated":true}]}}