{"id":553508,"date":"2026-06-24T05:10:16","date_gmt":"2026-06-24T05:10:16","guid":{"rendered":"https:\/\/www.europesays.com\/it\/553508\/"},"modified":"2026-06-24T05:10:16","modified_gmt":"2026-06-24T05:10:16","slug":"ciclismo-che-festa-la-granfondo-del-mugello-tanti-appassionati-protagonisti-di-una-grande-giornata","status":"publish","type":"post","link":"https:\/\/www.europesays.com\/it\/553508\/","title":{"rendered":"Ciclismo: che festa la\u00a0Granfondo del Mugello, tanti appassionati protagonisti di una grande giornata"},"content":{"rendered":"<p>Scarperia, 23 giugno 2026 &#8211; Una splendida giornata <strong>sulle strade del Mugello<\/strong>, con una variopinta carovana garantita dai 1.115 partecipanti all\u2019ottava edizione della Gran Fondo del Mugello-La Via del Latte. Un grande successo per la manifestazione organizzata dalla Asd Mugello Toscana Bike con lo spettacolare ritrovo e raggruppamento di buon mattino all&#8217;interno del Mugello Circuit e con numeri che rendono la gara cicloturistica tra le pi\u00f9 partecipate della Toscana. Alla partenza la presenza del sindaco di Scarperia San Piero <strong>Federico Ignesti <\/strong>starter ufficiale che ha abbassato la bandierina a scacchi ai ciclisti impazienti di mettersi in movimento, con l&#8217;intero giro di pista per poi cimentarsi in uno dei 5 percorsi proposti (3 quelli stradali e 2 gravel) con arrivo posto nel centro storico <strong>di Scarperia<\/strong> in Piazza dei Vicari. Nel percorso lungo si sono imposti <strong>Luca Crinolini<\/strong> nel settore maschile e <strong>Vanessa Santeliz <\/strong>tra le donne, mentre sul percorso medio si sono affermati Fabrizio Rambelli tra gli uomini e Rasa Rumsaite tra le donne. Stilata anche una classifica per somma dei tempi che ha visto prevalere la societ\u00e0 New MT Bike Team, mentre nella graduatoria generale cicloturistica a squadre \u00e8 terminata al primo posto la societ\u00e0 organizzatrice della manifestazione la Asd Mugello Toscana Bike, con posti d\u2019onore per la societ\u00e0 pratese Ciclistica Viaccia e per quella fiorentina del G.C. CAMPI 04.\u00a0<\/p>\n","protected":false},"excerpt":{"rendered":"Scarperia, 23 giugno 2026 &#8211; Una splendida giornata sulle strade del Mugello, con una variopinta carovana garantita dai&hellip;\n","protected":false},"author":3,"featured_media":553509,"comment_status":"","ping_status":"","sticky":false,"template":"","format":"standard","meta":{"footnotes":"","_share_on_mastodon":"0"},"categories":[1456],"tags":[19849,1824,1825,2217,5183,56219,1537,90,89,5513,4308,245,244,5248],"class_list":["post-553508","post","type-post","status-publish","format-standard","has-post-thumbnail","category-ciclismo","tag-appassionati","tag-ciclismo","tag-cycling","tag-festa","tag-giornata","tag-granfondo","tag-it","tag-italia","tag-italy","tag-mugello","tag-protagonisti","tag-sport","tag-sports","tag-tanti"],"share_on_mastodon":{"url":"https:\/\/pubeurope.com\/@it\/116803366102191013","error":""},"_links":{"self":[{"href":"https:\/\/www.europesays.com\/it\/wp-json\/wp\/v2\/posts\/553508","targetHints":{"allow":["GET"]}}],"collection":[{"href":"https:\/\/www.europesays.com\/it\/wp-json\/wp\/v2\/posts"}],"about":[{"href":"https:\/\/www.europesays.com\/it\/wp-json\/wp\/v2\/types\/post"}],"author":[{"embeddable":true,"href":"https:\/\/www.europesays.com\/it\/wp-json\/wp\/v2\/users\/3"}],"replies":[{"embeddable":true,"href":"https:\/\/www.europesays.com\/it\/wp-json\/wp\/v2\/comments?post=553508"}],"version-history":[{"count":0,"href":"https:\/\/www.europesays.com\/it\/wp-json\/wp\/v2\/posts\/553508\/revisions"}],"wp:featuredmedia":[{"embeddable":true,"href":"https:\/\/www.europesays.com\/it\/wp-json\/wp\/v2\/media\/553509"}],"wp:attachment":[{"href":"https:\/\/www.europesays.com\/it\/wp-json\/wp\/v2\/media?parent=553508"}],"wp:term":[{"taxonomy":"category","embeddable":true,"href":"https:\/\/www.europesays.com\/it\/wp-json\/wp\/v2\/categories?post=553508"},{"taxonomy":"post_tag","embeddable":true,"href":"https:\/\/www.europesays.com\/it\/wp-json\/wp\/v2\/tags?post=553508"}],"curies":[{"name":"wp","href":"https:\/\/api.w.org\/{rel}","templated":true}]}}