{"id":553622,"date":"2026-06-24T07:05:15","date_gmt":"2026-06-24T07:05:15","guid":{"rendered":"https:\/\/www.europesays.com\/it\/553622\/"},"modified":"2026-06-24T07:05:15","modified_gmt":"2026-06-24T07:05:15","slug":"brescia-la-settimana-delle-risposte-coppa-palazzetto-e-governance","status":"publish","type":"post","link":"https:\/\/www.europesays.com\/it\/553622\/","title":{"rendered":"Brescia, la settimana delle risposte. Coppa, palazzetto e governance"},"content":{"rendered":"<p>La settimana delle risposte \u00e8 arrivata. Per la <strong>Pallacanestro Brescia<\/strong> saranno ore decisive, forse le pi\u00f9 importanti da quando la stagione si \u00e8 chiusa con una semifinale scudetto che sembrava il punto di partenza per un nuovo salto di qualit\u00e0. Invece, a pochi giorni dall\u2019apertura ufficiale del <strong>mercato<\/strong> e dalle scadenze federali, attorno alla <strong>Germani<\/strong> resta un clima sospeso, fatto di domande pi\u00f9 che di certezze. Il primo snodo \u00e8 fissato per domani, quando credibilmente la <strong>Fiba<\/strong> dovr\u00e0 annunciare le squadre ammesse alla prossima <strong>Basketball Champions League<\/strong>. Brescia ha presentato domanda e, sul piano sportivo, avrebbe pieno titolo per esserci. Il nodo, per\u00f2, \u00e8 tutto ci\u00f2 che si \u00e8 mosso attorno all\u2019iscrizione: le voci su Roma, il PalaEur, l\u2019intreccio con altri club e l\u2019ipotesi di un trasferimento di sede hanno alimentato un\u2019incertezza che non riguarda soltanto l\u2019Europa, ma l\u2019intero futuro della societ\u00e0.<\/p>\n<p>Il punto centrale \u00e8 il campo di gioco indicato per la coppa. La linea che sembra prendere corpo porta al <strong>PalaLeonessa A2A<\/strong>, casa naturale della Germani. Se questa impostazione sar\u00e0 confermata, Brescia potr\u00e0 almeno sgombrare il tavolo dal dubbio pi\u00f9 pesante: quello di una squadra formalmente bresciana ma proiettata altrove. Sarebbe un passaggio fondamentale anche per il rapporto con la piazza, provata da settimane di silenzi, indiscrezioni e ricostruzioni spesso contraddittorie. Poi arriver\u00e0 venerd\u00ec, con la chiusura delle <strong>iscrizioni alla LBA<\/strong>. E l\u00ec il quadro dovr\u00e0 diventare definitivo. Brescia deve chiarire se il progetto resta pienamente radicato in citt\u00e0, con quali uomini al comando, con quale assetto societario e con quali ambizioni. Il cambio di scenario interno, il nuovo peso decisionale di Mauro Ferrari e l\u2019uscita di scena della vecchia governance hanno aperto una fase nuova, ma non ancora spiegata pubblicamente fino in fondo.<\/p>\n<p>Questa incertezza pesa anche sul mercato. Matteo Cotelli, dopo aver portato la squadra fino alla semifinale scudetto, avrebbe bisogno di un roster pi\u00f9 lungo per affrontare campionato e coppa. Ma trattare giocatori senza una cornice chiara diventa pi\u00f9 complicato. Alcuni profili si sono gi\u00e0 allontanati, altri restano sospesi, altri ancora valutano Brescia proprio in base alla certezza della partecipazione europea e alla solidit\u00e0 del progetto tecnico. Il paradosso \u00e8 evidente: la Germani esce da una stagione importante, ma si presenta al mercato con troppe domande aperte. Europa s\u00ec o no? PalaLeonessa o ipotesi esterne? Continuit\u00e0 cittadina o scenari diversi? Budget, governance, obiettivi: tutto \u00e8 collegato, tutto resta in attesa. Tra domani e venerd\u00ec, per\u00f2, non ci sar\u00e0 pi\u00f9 spazio per le mezze parole. \u00c8 ora di fare chiarezza, perch\u00e9 l\u2019incertezza \u00e8 forte.<\/p>\n","protected":false},"excerpt":{"rendered":"La settimana delle risposte \u00e8 arrivata. Per la Pallacanestro Brescia saranno ore decisive, forse le pi\u00f9 importanti da&hellip;\n","protected":false},"author":3,"featured_media":553623,"comment_status":"","ping_status":"","sticky":false,"template":"","format":"standard","meta":{"footnotes":"","_share_on_mastodon":"0"},"categories":[1453],"tags":[1756,1757,6073,4297,19118,1537,90,89,26646,17739,989,245,244],"class_list":["post-553622","post","type-post","status-publish","format-standard","has-post-thumbnail","category-basket","tag-basket","tag-basketball","tag-brescia","tag-coppa","tag-governance","tag-it","tag-italia","tag-italy","tag-palazzetto","tag-risposte","tag-settimana","tag-sport","tag-sports"],"share_on_mastodon":{"url":"https:\/\/pubeurope.com\/@it\/116803818633918476","error":""},"_links":{"self":[{"href":"https:\/\/www.europesays.com\/it\/wp-json\/wp\/v2\/posts\/553622","targetHints":{"allow":["GET"]}}],"collection":[{"href":"https:\/\/www.europesays.com\/it\/wp-json\/wp\/v2\/posts"}],"about":[{"href":"https:\/\/www.europesays.com\/it\/wp-json\/wp\/v2\/types\/post"}],"author":[{"embeddable":true,"href":"https:\/\/www.europesays.com\/it\/wp-json\/wp\/v2\/users\/3"}],"replies":[{"embeddable":true,"href":"https:\/\/www.europesays.com\/it\/wp-json\/wp\/v2\/comments?post=553622"}],"version-history":[{"count":0,"href":"https:\/\/www.europesays.com\/it\/wp-json\/wp\/v2\/posts\/553622\/revisions"}],"wp:featuredmedia":[{"embeddable":true,"href":"https:\/\/www.europesays.com\/it\/wp-json\/wp\/v2\/media\/553623"}],"wp:attachment":[{"href":"https:\/\/www.europesays.com\/it\/wp-json\/wp\/v2\/media?parent=553622"}],"wp:term":[{"taxonomy":"category","embeddable":true,"href":"https:\/\/www.europesays.com\/it\/wp-json\/wp\/v2\/categories?post=553622"},{"taxonomy":"post_tag","embeddable":true,"href":"https:\/\/www.europesays.com\/it\/wp-json\/wp\/v2\/tags?post=553622"}],"curies":[{"name":"wp","href":"https:\/\/api.w.org\/{rel}","templated":true}]}}