{"id":553663,"date":"2026-06-24T07:38:16","date_gmt":"2026-06-24T07:38:16","guid":{"rendered":"https:\/\/www.europesays.com\/it\/553663\/"},"modified":"2026-06-24T07:38:16","modified_gmt":"2026-06-24T07:38:16","slug":"al-maradona-il-regalo-piu-grande-e-il-duetto-sorpresa-tiziano-ferro-con-sal-da-vinci","status":"publish","type":"post","link":"https:\/\/www.europesays.com\/it\/553663\/","title":{"rendered":"Al Maradona il regalo pi\u00f9 grande \u00e8 il duetto-sorpresa Tiziano Ferro con Sal Da Vinci"},"content":{"rendered":"<p>Se lo dice da solo, <a href=\"https:\/\/www.ilmattino.it\/t\/tiziano-ferro\" rel=\"nofollow noopener\" target=\"_blank\">Tiziano Ferro<\/a>, come un esorcismo, come il mantra di chi sa che cosa vuol dire essere denigrato: \u00abSono un grande\u00bb. E i quarantamila del Maradona gli rispondono subito a tono, intonando con lui: \u00abIngoiavamo cemento prima di dormire\/ e nel timore di restare soli\/ non dicevamo una parola\u00bb. Ma stanotte nessuno si sente solo nello stadio: <strong>non il cantante, che sta celebrano i suoi primi 25 anni di carriera<\/strong> &#8211; era il 2001, proprio di questi tempi, quando \u00abXdono\u00bb rivel\u00f2 alle radio la voce e il talento del ragazzo di Latina &#8211; non gli spettatori. <\/p>\n<p><p>APPROFONDIMENTI<\/p>\n<\/p>\n<p> <img loading=\"lazy\" decoding=\"async\" alt=\"Video\" height=\"180\" class=\"wnv-lazy\" src=\"https:\/\/utils.cedsdigital.it\/img\/placeholders\/video.svg\" style=\"max-width:100%;height:auto;display:block;margin:auto;left:0;bottom:0;right:0;top:0;position:absolute\" width=\"340\"\/>   <\/p>\n<p>Il ragazzo \u00e8 cresciuto, ha visto il bene e il male, ha cantato in mezzo mondo, \u00e8 diventato marito, padre, \u00e8 tornato single. Lo show affida agli imponenti schermi digitali il racconto visivo, ma a dominare \u00e8 la voce di Tiz, che sfida il caldo e la fatica di oltre trenta brani in scaletta. Se nel 2023 a Napoli volle Massimo Ranieri al suo fianco, anche stavolta qui ha scelto una voce verace. <a href=\"https:\/\/www.ilmattino.it\/t\/sal-da-vinci\" rel=\"nofollow noopener\" target=\"_blank\">Sal Da Vinci<\/a> \u00e8 atterrato con un volo da New York all\u2019ora di pranzo, ha appena fatto in tempo per le prove del doppio duetto, assolutamente inedito: \u00abIl regalo mio pi\u00f9 grande\u00bb e poi, naturalmente, \u00abPer sempre s\u00ec\u00bb. Il boato del campo intitolato al D10s del calcio accoglie il vincitore di Sanremo, presentato come \u00abil nuovo re di Napoli\u00bb, con il calore di un ritorno a casa, in attesa dei tre concerti di settembre (25, 26, 279 all\u2019Arena Flegrea, poi l\u2019affetto \u00e8 tutto per il protagonista, Ferro caldo, anzi bollente, vista la temperatura che bottigliette d\u2019acqua e litri di birra non riescono ad attutire nemmeno a notte ormai fonda. <\/p>\n<p>\u00abLa differenza tra me e te\u00bb, \u00abHai delle isole negli occhi\u00bb, \u00abSere nere\u00bb, \u00abEd ero contentissimo\u00bb, \u00abStop! Dimentica\u00bb, \u00abAlla mia et\u00e0\u00bb, \u00abRosso relativo\u00bb fanno schizzare l\u2019applausometro al massimo del gradimento, ricordando come una calda vocalit\u00e0 ed una scrittura moderna capace di tenere insieme la lezione melodica con le nuance del nu soul abbiano cambiato faccia al pop mainstream italiano, aprendo la strada a quello che poi sarebbe diventato lo stile urban.<strong> \u00abE Raffaella \u00e8 mia\u00bb, inno alla Carr\u00e0, \u00e8 l\u2019apoteosi del ballo<\/strong>, con Tiziano che si diverte, che cerca di rompere il rito del fronte del palco replicando l\u2019atmosfera di una festa, di un pride. Ma \u00e8 \u00abX dono\u00bb a ribadire che ci fa lui qui, stanotte, e perch\u00e9 \u00e8 stato accolto da 40.000 cuori in sintonia con il suo: \u00abXdono\u00bb teneva insieme bianco e nero, black and white, nel solco di quello che avevano fatto, ognuno alla sua maniera,<strong> gli Showmen, Lucio Battisti, Pino Daniele<\/strong>&#8230; E lo faceva con voce baritonale, non usuale nell\u2019italico mainstream, tantomeno se di tendenza soul e r\u2019n\u2019b, con potenza nei bassi, vibrato espressivo, tono caldo e vellutato, acuti taglienti, falsetti mai fine a s\u00e8 stessi. Il caldo e gli stadi non sono l\u2019ideale per mettere in luce un simile campionario, ma l\u2019ugola di Ferro regge bene, nonostante le accuse dei leoni da tastiera, sempre pronti a giudicare ore di concerto da un\u2019imprecisione captata da un videino mal registrato. <\/p>\n<p><strong>L\u2019incipit di \u00abSono un grande\u00bb alla fine si spiega ancora meglio, <\/strong>\u00e8 il suo modo di dire \u00abI will survive\u00bb, di uscire dal tunnel dell\u2019intontimento seguito al divorzio da Victor Allen etc. etc. Non \u00e8 una maniera di mostrare i muscoli, di fingersi invincibili &#8211; ci mancherebbe che l\u2019ex bullizzato si trasformasse in bulletto &#8211; ma una maniera per rimettersi in pista, in corsa, per trovare il riscatto e ricominciare a sentirsi a proprio agio grazie al suo gioco, il gioco della musica. Grazie anche alla complicit\u00e0 della band guidata da Luca Scarpa, con Gary Novak alla batteria, Tim Lefebvre al basso, Corey Sanchez alla chitarra, Davide Tagliapietra alla chitarra, Gianluca Ballarin alle tastiere e Alessandro Orefice al piano. E del corpo di danza capitanato dal coreografo Carlo Kamizele. <\/p>\n","protected":false},"excerpt":{"rendered":"Se lo dice da solo, Tiziano Ferro, come un esorcismo, come il mantra di chi sa che cosa&hellip;\n","protected":false},"author":3,"featured_media":553664,"comment_status":"","ping_status":"","sticky":false,"template":"","format":"standard","meta":{"footnotes":"","_share_on_mastodon":"0"},"categories":[1443],"tags":[203,204,1537,90,89,11997,1538,1539,60568,12096],"class_list":["post-553663","post","type-post","status-publish","format-standard","has-post-thumbnail","category-musica","tag-entertainment","tag-intrattenimento","tag-it","tag-italia","tag-italy","tag-maradona","tag-music","tag-musica","tag-sal-da-vinci","tag-tiziano-ferro"],"share_on_mastodon":{"url":"https:\/\/pubeurope.com\/@it\/116803948541767009","error":""},"_links":{"self":[{"href":"https:\/\/www.europesays.com\/it\/wp-json\/wp\/v2\/posts\/553663","targetHints":{"allow":["GET"]}}],"collection":[{"href":"https:\/\/www.europesays.com\/it\/wp-json\/wp\/v2\/posts"}],"about":[{"href":"https:\/\/www.europesays.com\/it\/wp-json\/wp\/v2\/types\/post"}],"author":[{"embeddable":true,"href":"https:\/\/www.europesays.com\/it\/wp-json\/wp\/v2\/users\/3"}],"replies":[{"embeddable":true,"href":"https:\/\/www.europesays.com\/it\/wp-json\/wp\/v2\/comments?post=553663"}],"version-history":[{"count":0,"href":"https:\/\/www.europesays.com\/it\/wp-json\/wp\/v2\/posts\/553663\/revisions"}],"wp:featuredmedia":[{"embeddable":true,"href":"https:\/\/www.europesays.com\/it\/wp-json\/wp\/v2\/media\/553664"}],"wp:attachment":[{"href":"https:\/\/www.europesays.com\/it\/wp-json\/wp\/v2\/media?parent=553663"}],"wp:term":[{"taxonomy":"category","embeddable":true,"href":"https:\/\/www.europesays.com\/it\/wp-json\/wp\/v2\/categories?post=553663"},{"taxonomy":"post_tag","embeddable":true,"href":"https:\/\/www.europesays.com\/it\/wp-json\/wp\/v2\/tags?post=553663"}],"curies":[{"name":"wp","href":"https:\/\/api.w.org\/{rel}","templated":true}]}}