{"id":553751,"date":"2026-06-24T08:55:20","date_gmt":"2026-06-24T08:55:20","guid":{"rendered":"https:\/\/www.europesays.com\/it\/553751\/"},"modified":"2026-06-24T08:55:20","modified_gmt":"2026-06-24T08:55:20","slug":"barbara-durso-dopo-la-tv-arriva-il-teatro-non-possono-togliermi-la-voce","status":"publish","type":"post","link":"https:\/\/www.europesays.com\/it\/553751\/","title":{"rendered":"Barbara D\u2019Urso, dopo la tv arriva il teatro: \u00abNon possono togliermi la voce\u00bb"},"content":{"rendered":"<p>                        <img loading=\"lazy\" decoding=\"async\" src=\"https:\/\/www.europesays.com\/it\/wp-content\/uploads\/2026\/06\/fb0dde391f40dce7c99920ca9ce2d72a.jpg\" alt=\"Barbara d\u2019Urso, 69 anni\" class=\"articlePreview__img\"\/><\/p>\n<p class=\"article__imageInfoText\">\n                      Barbara d\u2019Urso, 69 anni\n                    <\/p>\n<p>\n                          Barbara D\u2019Urso sta per tornare, anche se non nelle case degli italiani. Per vederla, stavolta, gli italiani dovranno uscire di casa ed entrare a teatro: l\u2019ex volto Mediaset \u00e8, infatti, pronta per un tour teatrale del suo nuovo spettacolo: Barbaramente. &#8211; \u00a0<strong><a style=\"color: #ff0000;\" href=\"https:\/\/www.oggi.it\/people\/gallery\/barbara-durso-la-nuova-vita-da-nonna-lontano-da-mediaset-foto-esclusive\/\" target=\"_blank\" rel=\"noopener nofollow\">Foto<\/a><\/strong>\u00a0|\u00a0<strong><a style=\"color: #ff0000;\" href=\"https:\/\/www.oggi.it\/video\/people\/2024\/10\/07\/barbara-durso-e-selvaggia-lucarelli-che-scintille-a-ballando\/\" target=\"_blank\" rel=\"noopener nofollow\">video<\/a><\/strong>\n                        <\/p>\n<p>\n                          <a href=\"https:\/\/www.oggi.it\/people\/celebs\/2025\/05\/30\/barbara-durso-si-sfoga-dopo-che-ho-lasciato-mediaset-sono-spariti-tutti-non-potevo-restare-in-italia-troppo-dolore\/\" target=\"_blank\" rel=\"noopener nofollow\">Barbara D\u2019Urso si sfoga: \u00abDopo che ho lasciato Mediaset sono spariti tutti. Non potevo restare in Italia, troppo dolore\u00bb &#8211;\u00a0<strong>Leggi<\/strong><\/a>\n                        <\/p>\n<p>                            <img loading=\"lazy\" decoding=\"async\" src=\"https:\/\/www.europesays.com\/it\/wp-content\/uploads\/2026\/06\/9aa6c095c149a01f05d4e5d6f2a467b1.jpg\" alt=\"Barbara D'Urso e Pasquale La Rocca, l'amicizia continua. Eccoli in pizzeria insieme (instagram)\" width=\"768\" height=\"1024\" class=\"aligncenter\"\/><\/p>\n<p class=\"article__imageInfoText\" style=\"width: 100%; padding-bottom: 20px\">\n                              Barbara D&#8217;Urso e Pasquale La Rocca, l&#8217;amicizia continua. Eccoli in pizzeria insieme (instagram)\n                            <\/p>\n<p>                        Il mistero del nomeCosa sia esattamente non lo sappiamo ancora. Al momento il lancio sui social annuncia la regia di Chiara Noschese e le prime date: il 14 aprile 2027 al Teatro Acacia di Napoli e il 19 aprile al Teatro Lirico G. Gaber di Milano. Ma le parole che accompagnano la locandina con la presentatrice in bianco e nero e il titolo allusivo in rosso fuoco, lasciano pensare a uno spettacolo intimo, una confessione e un viaggio emotivo: \u00abPerch\u00e9 nessuno pu\u00f2 togliermi la voce\u00bb.<\/p>\n<p>\n                          <a href=\"https:\/\/www.oggi.it\/video\/people\/2023\/07\/27\/barbara-durso-a-mediaset-facevo-quello-che-mi-veniva-chiesto\/\" target=\"_blank\" rel=\"noopener nofollow\">Barbara D\u2019Urso: \u201cA Mediaset facevo quello che mi veniva chiesto\u201d &#8211;\u00a0<strong>Guarda<\/strong><\/a>\n                        <\/p>\n<p>                            <img loading=\"lazy\" decoding=\"async\" src=\"https:\/\/www.europesays.com\/it\/wp-content\/uploads\/2026\/06\/2c734867c6612788fdc7a90c52233699.jpg\" alt=\"Ballando con le Stelle 2025 - puntata finale. Barbara d'Urso e Pasquale La Rocca arrivano terzi (IPA)\" width=\"768\" height=\"1024\" class=\"aligncenter\"\/><\/p>\n<p class=\"article__imageInfoText\" style=\"width: 100%; padding-bottom: 20px\">\n                              Ballando con le Stelle 2025 &#8211; puntata finale. Barbara d&#8217;Urso e Pasquale La Rocca arrivano terzi (IPA)\n                            <\/p>\n<p>                        Si far\u00e0 sentireCosa racconter\u00e0 allora Barbara nel suo show? \u00c8 quello che tutti si domandano. Nei giorni scorsi, la conduttrice aveva seminato indizi di un prossimo impegno con alcune storie su Instagram: \u00abSar\u00e0 un autunno meraviglioso&#8230; e sar\u00e0 una primavera stupenda\u00bb. Di lei, nonostante le smentite di corridoio, si continua parlare per una possibile sostituzione di Selvaggia Lucarelli alla giuria di Ballando con le stelle. Ma, ad aprile, le cronache hanno registrato la sua clamorosa causa a Mediaset, che tre anni fa ha deciso di non riconfermarla come prima e pi\u00f9 nota icona televisiva delle sue reti. Il dubbio (e la curiosit\u00e0) \u00e8: lo spettacolo parler\u00e0 forse di questi tre anni e dei retroscena del suo allontanamento dal piccolo schermo?<\/p>\n","protected":false},"excerpt":{"rendered":"Barbara d\u2019Urso, 69 anni Barbara D\u2019Urso sta per tornare, anche se non nelle case degli italiani. Per vederla,&hellip;\n","protected":false},"author":3,"featured_media":553752,"comment_status":"","ping_status":"","sticky":false,"template":"","format":"standard","meta":{"footnotes":"","_share_on_mastodon":"0"},"categories":[1451],"tags":[3587,304636,2370,2371,24245,33036,106651,304637,1621,1620,934,203,230,204,1537,90,627,89,34348,9060,15471,85185,2679,39604,35988,214,305157,2369,4887,304638,3805],"class_list":["post-553751","post","type-post","status-publish","format-standard","has-post-thumbnail","category-celebrita","tag-aprile","tag-aprile-teatro","tag-ballando","tag-ballando-stelle","tag-barbara","tag-barbara-urso","tag-barbara-urso-pasquale","tag-barbaramente","tag-celebrita","tag-celebrities","tag-continua","tag-entertainment","tag-instagram","tag-intrattenimento","tag-it","tag-italia","tag-italiani","tag-italy","tag-lucarelli","tag-mediaset","tag-pasquale","tag-pasquale-rocca","tag-rocca","tag-selvaggia","tag-selvaggia-lucarelli","tag-spettacolo","tag-spettacolo-barbaramente","tag-stelle","tag-teatro","tag-togliermi","tag-urso"],"share_on_mastodon":{"url":"https:\/\/pubeurope.com\/@it\/116804251646605252","error":""},"_links":{"self":[{"href":"https:\/\/www.europesays.com\/it\/wp-json\/wp\/v2\/posts\/553751","targetHints":{"allow":["GET"]}}],"collection":[{"href":"https:\/\/www.europesays.com\/it\/wp-json\/wp\/v2\/posts"}],"about":[{"href":"https:\/\/www.europesays.com\/it\/wp-json\/wp\/v2\/types\/post"}],"author":[{"embeddable":true,"href":"https:\/\/www.europesays.com\/it\/wp-json\/wp\/v2\/users\/3"}],"replies":[{"embeddable":true,"href":"https:\/\/www.europesays.com\/it\/wp-json\/wp\/v2\/comments?post=553751"}],"version-history":[{"count":0,"href":"https:\/\/www.europesays.com\/it\/wp-json\/wp\/v2\/posts\/553751\/revisions"}],"wp:featuredmedia":[{"embeddable":true,"href":"https:\/\/www.europesays.com\/it\/wp-json\/wp\/v2\/media\/553752"}],"wp:attachment":[{"href":"https:\/\/www.europesays.com\/it\/wp-json\/wp\/v2\/media?parent=553751"}],"wp:term":[{"taxonomy":"category","embeddable":true,"href":"https:\/\/www.europesays.com\/it\/wp-json\/wp\/v2\/categories?post=553751"},{"taxonomy":"post_tag","embeddable":true,"href":"https:\/\/www.europesays.com\/it\/wp-json\/wp\/v2\/tags?post=553751"}],"curies":[{"name":"wp","href":"https:\/\/api.w.org\/{rel}","templated":true}]}}