{"id":553753,"date":"2026-06-24T08:58:15","date_gmt":"2026-06-24T08:58:15","guid":{"rendered":"https:\/\/www.europesays.com\/it\/553753\/"},"modified":"2026-06-24T08:58:15","modified_gmt":"2026-06-24T08:58:15","slug":"ignoto-x-con-pino-rinaldi-puntata-integrale-del-23-6-2026","status":"publish","type":"post","link":"https:\/\/www.europesays.com\/it\/553753\/","title":{"rendered":"Ignoto X con Pino Rinaldi, puntata integrale del 23\/6\/2026"},"content":{"rendered":"<p>A Ignoto X con Pino Rinaldi la puntata si apre con una storia che attraversa il confine tra bene e male, tra vittima e carnefice, raccontando una vicenda umana di straordinaria intensit\u00e0.<\/p>\n<p>\u00a0<\/p>\n<p>La storia di Davide Cavallo<\/p>\n<p>Protagonista \u00e8 Davide Cavallo, un ragazzo di <strong>22 anni<\/strong> che fu aggredito e accoltellato, rischiando la <strong>vita<\/strong> e rimanendo paralizzato. Una vicenda che lo ha trasformato profondamente, portandolo a compiere un gesto che va oltre ogni aspettativa.<\/p>\n<p>Durante il processo contro i responsabili dell\u2019aggressione, Davide ha scelto di <strong>perdonare<\/strong>. Non solo: ha abbracciato i suoi aggressori, offrendo loro un esempio concreto di umanit\u00e0 e mostrando ai suoi coetanei un significato pi\u00f9 profondo della vita, fatto di consapevolezza e responsabilit\u00e0.<\/p>\n<p>Un gesto <strong>straordinario<\/strong>, che ribalta la logica dello scontro e apre uno spazio di riflessione su giustizia, redenzione e dignit\u00e0 umana.<\/p>\n<p>\u00a0<\/p>\n<p>Il ritorno sul caso Garlasco<\/p>\n<p>La puntata torna poi sul caso di Garlasco, affrontandolo con lo stile del programma: analisi, confronto e ricerca delle risposte. Un lavoro che mira a chiarire gli interrogativi ancora aperti e a comprendere pi\u00f9 a fondo le dinamiche della vicenda.<\/p>\n<p>\u00a0<\/p>\n<p>Un appuntamento che unisce racconto umano e approfondimento investigativo, mettendo al centro storie che interrogano la coscienza e la giustizia.<\/p>\n","protected":false},"excerpt":{"rendered":"A Ignoto X con Pino Rinaldi la puntata si apre con una storia che attraversa il confine tra&hellip;\n","protected":false},"author":3,"featured_media":553754,"comment_status":"","ping_status":"","sticky":false,"template":"","format":"standard","meta":{"footnotes":"","_share_on_mastodon":"0"},"categories":[1444],"tags":[14,203,6057,304872,204,1537,90,89,47854,69989,253],"class_list":["post-553753","post","type-post","status-publish","format-standard","has-post-thumbnail","category-tv","tag-cronaca","tag-entertainment","tag-garlasco","tag-ignoto-x","tag-intrattenimento","tag-it","tag-italia","tag-italy","tag-la7","tag-pino-rinaldi","tag-tv"],"share_on_mastodon":{"url":"https:\/\/pubeurope.com\/@it\/116804262888984015","error":""},"_links":{"self":[{"href":"https:\/\/www.europesays.com\/it\/wp-json\/wp\/v2\/posts\/553753","targetHints":{"allow":["GET"]}}],"collection":[{"href":"https:\/\/www.europesays.com\/it\/wp-json\/wp\/v2\/posts"}],"about":[{"href":"https:\/\/www.europesays.com\/it\/wp-json\/wp\/v2\/types\/post"}],"author":[{"embeddable":true,"href":"https:\/\/www.europesays.com\/it\/wp-json\/wp\/v2\/users\/3"}],"replies":[{"embeddable":true,"href":"https:\/\/www.europesays.com\/it\/wp-json\/wp\/v2\/comments?post=553753"}],"version-history":[{"count":0,"href":"https:\/\/www.europesays.com\/it\/wp-json\/wp\/v2\/posts\/553753\/revisions"}],"wp:featuredmedia":[{"embeddable":true,"href":"https:\/\/www.europesays.com\/it\/wp-json\/wp\/v2\/media\/553754"}],"wp:attachment":[{"href":"https:\/\/www.europesays.com\/it\/wp-json\/wp\/v2\/media?parent=553753"}],"wp:term":[{"taxonomy":"category","embeddable":true,"href":"https:\/\/www.europesays.com\/it\/wp-json\/wp\/v2\/categories?post=553753"},{"taxonomy":"post_tag","embeddable":true,"href":"https:\/\/www.europesays.com\/it\/wp-json\/wp\/v2\/tags?post=553753"}],"curies":[{"name":"wp","href":"https:\/\/api.w.org\/{rel}","templated":true}]}}