{"id":553789,"date":"2026-06-24T09:28:17","date_gmt":"2026-06-24T09:28:17","guid":{"rendered":"https:\/\/www.europesays.com\/it\/553789\/"},"modified":"2026-06-24T09:28:17","modified_gmt":"2026-06-24T09:28:17","slug":"inter-mercato-trattative-avanzate-per-jones-solet-e-provedel","status":"publish","type":"post","link":"https:\/\/www.europesays.com\/it\/553789\/","title":{"rendered":"Inter, mercato: trattative avanzate per Jones, Solet e Provedel"},"content":{"rendered":"<p>                                I campioni d\u2019Italia puntano a fiaccare le resistenze di Liverpool e Udinese. In settimana attesa la fumata bianca per Provedel<\/p>\n<p>            <a class=\"image is-50x50\" href=\"https:\/\/www.gazzetta.it\/redazione\/gregorio-spigno\/\" rel=\"nofollow noopener\" target=\"_blank\"><br \/>\n                <img decoding=\"async\" class=\"is-rounded\" src=\"https:\/\/www.europesays.com\/it\/wp-content\/uploads\/2025\/11\/gregorio_spigno_avatar.png\" alt=\"Gregorio Spigno\"\/><br \/>\n            <\/a><\/p>\n<p>Giornalista<\/p>\n<p>                    24 giugno &#8211; 09:44  &#8211; MILANO<\/p>\n<p class=\"paragraph\" spellcheck=\"true\">Incassato come un gancio destro il gran rifiuto di Palestra, la dirigenza dell\u2019Inter si \u00e8 rapidamente ricompattata seguendo la filosofia kantiana. A dire la verit\u00e0 non si \u00e8 scomposta, anzi si \u00e8 imposta fin dalla serata di ieri un imperativo categorico: vietato lasciarsi scalfire nonostante la delusione causata da un colpo che sembrava concluso in tutto e per tutto e invece \u00e8 saltato sul pi\u00f9 bello, piuttosto c\u2019\u00e8 da concentrarsi sulle altre operazioni di un mercato che resta in pienissima evoluzione. E quindi avanti dritti sulle piste battute fino ad oggi: Provedel, Solet e Jones. Se da un lato \u00e8 partito il casting per trovare un nuovo esterno destro ideale almeno quanto l\u2019ex Cagliari, per quanto riguarda il resto dei reparti le idee sui volti nuovi da regalare a Chivu sono gi\u00e0 ben definite.<\/p>\n<p>    solet\u2014 \u00a0<\/p>\n<p class=\"paragraph is-inline\" spellcheck=\"true\">La settimana si \u00e8 aperta con il clamoroso passo indietro di Palestra, per\u00f2 potrebbe proseguire con diversi passi in avanti. Perch\u00e9 a giorni \u00e8 prevista la chiusura di ogni minimo dettaglio sia con la Lazio sia con Provedel per l\u2019arrivo del nuovo vice-Martinez, che dovrebbe sbarcare a Milano in settimana per visite e firma, ma soprattutto si attendono sviluppi determinanti per quanto riguarda Solet e Jones.   Accordo in dirittura Non \u00e8 un mistero che il difensore dell\u2019Udinese abbia scalato la lista delle preferenze per il reparto arretrato del futuro che perder\u00e0 sia Acerbi che De Vrij. Una scelta molto precisa dovuta a caratteristiche tecniche e anagrafiche di Solet: 26 anni, duttile, moderno. Uno che gioca con coraggio e ambizione. Nelle ultime settimane l\u2019Inter ha mosso importanti passi in avanti con il club friulano, riducendo sensibilmente la distanza tra l\u2019offerta nerazzurra e la domanda bianconera. L\u2019Udinese vorrebbe incassare una cifra tra i 25 e i 30 milioni mentre la dirigenza nerazzurra per il momento si \u00e8 spinta fino a 23 circa. Tanto basta per conservare una certa fiducia sulla buona riuscita dell\u2019operazione, contando pure sulla ferma volont\u00e0 del francese di unirsi al gruppo guidato da Cristian Chivu e, soprattutto, sull\u2019accordo che Solet ha gi\u00e0 pi\u00f9 o meno raggiunto con l\u2019Inter. Da parte dell\u2019ex Salisburgo \u00e8 forte il desiderio di vestire il nerazzurro, e mentre si trovava in vacanza in Brasile ne ha discusso pure con la leggenda  Adriano, incontrato per trascorrere una serata insieme.\u00a0<\/p>\n<p><a class=\"is-partner-link\" href=\"https:\/\/abbonamenti.gazzetta.it\/de-promo-mondiali\/?pwcmp=cta&amp;forceBrowser=true\" rel=\"nofollow noopener\" target=\"_blank\">Gazzetta Mondiale: ogni notte un\u2019edizione straordinaria esclusiva. Non perdertela, abbonati a 1\u20ac\/mese!<\/a><\/p>\n<p>    inglese\u2014 \u00a0<\/p>\n<p class=\"paragraph is-inline\" spellcheck=\"true\">Per quanto riguarda invece Curtis Jones, la sensazione \u00e8 che l\u2019Inter possa presto superare la resistenza del Liverpool. I Reds continuano a pretendere circa 30 milioni di sterline, mentre l\u2019offerta nerazzurra resta ferma attorno a una ventina. Una forbice notevole, che per\u00f2 gli uomini mercato nerazzurri sono convinti di stringere, anche in questo caso, grazie al desiderio di Jones di trasferirsi a Milano per avviare un capitolo tutto nuovo non solo nella sua carriera, ma pure nella sua vita. Il centrocampista ha vissuto e giocato sempre solo a a Liverpool, per\u00f2 ha un contratto in scadenza nel giugno dell\u2019anno prossimo che con il trascorrere delle settimane sar\u00e0 sempre pi\u00f9 un fattore a favore dell\u2019Inter. Che attende al varco ed \u00e8 pronta a piazzare l\u2019affondo decisivo.<\/p>\n<p class=\"is-copyright\">\u00a9 RIPRODUZIONE RISERVATA<\/p>\n","protected":false},"excerpt":{"rendered":"I campioni d\u2019Italia puntano a fiaccare le resistenze di Liverpool e Udinese. In settimana attesa la fumata bianca&hellip;\n","protected":false},"author":3,"featured_media":553790,"comment_status":"","ping_status":"","sticky":false,"template":"","format":"standard","meta":{"footnotes":"","_share_on_mastodon":"0"},"categories":[176],"tags":[579,305172,305173,305174,2839,12270,3257,5524,3261,350,1537,90,89,4798,3978,1412,28,24737,1413,305170,6843,6855,21454,1434,7301,9065,989,8910,43820,305171,337,245,244,173171,2817],"class_list":["post-553789","post","type-post","status-publish","format-standard","has-post-thumbnail","category-sport","tag-accordo","tag-accordo-dirittura","tag-accordo-dirittura-mistero","tag-accordo-solet","tag-chivu","tag-desiderio","tag-destro","tag-dirigenza","tag-ferma","tag-inter","tag-it","tag-italia","tag-italy","tag-jones","tag-liverpool","tag-mercato","tag-milano","tag-nerazzurra","tag-offerta","tag-offerta-nerazzurra","tag-palestra","tag-passi","tag-provedel","tag-resta","tag-riguarda","tag-serata","tag-settimana","tag-settimane","tag-solet","tag-solet-jones","tag-soprattutto","tag-sport","tag-sports","tag-trascorrere","tag-udinese"],"share_on_mastodon":{"url":"https:\/\/pubeurope.com\/@it\/116804381563465301","error":""},"_links":{"self":[{"href":"https:\/\/www.europesays.com\/it\/wp-json\/wp\/v2\/posts\/553789","targetHints":{"allow":["GET"]}}],"collection":[{"href":"https:\/\/www.europesays.com\/it\/wp-json\/wp\/v2\/posts"}],"about":[{"href":"https:\/\/www.europesays.com\/it\/wp-json\/wp\/v2\/types\/post"}],"author":[{"embeddable":true,"href":"https:\/\/www.europesays.com\/it\/wp-json\/wp\/v2\/users\/3"}],"replies":[{"embeddable":true,"href":"https:\/\/www.europesays.com\/it\/wp-json\/wp\/v2\/comments?post=553789"}],"version-history":[{"count":0,"href":"https:\/\/www.europesays.com\/it\/wp-json\/wp\/v2\/posts\/553789\/revisions"}],"wp:featuredmedia":[{"embeddable":true,"href":"https:\/\/www.europesays.com\/it\/wp-json\/wp\/v2\/media\/553790"}],"wp:attachment":[{"href":"https:\/\/www.europesays.com\/it\/wp-json\/wp\/v2\/media?parent=553789"}],"wp:term":[{"taxonomy":"category","embeddable":true,"href":"https:\/\/www.europesays.com\/it\/wp-json\/wp\/v2\/categories?post=553789"},{"taxonomy":"post_tag","embeddable":true,"href":"https:\/\/www.europesays.com\/it\/wp-json\/wp\/v2\/tags?post=553789"}],"curies":[{"name":"wp","href":"https:\/\/api.w.org\/{rel}","templated":true}]}}