{"id":553905,"date":"2026-06-24T11:09:15","date_gmt":"2026-06-24T11:09:15","guid":{"rendered":"https:\/\/www.europesays.com\/it\/553905\/"},"modified":"2026-06-24T11:09:15","modified_gmt":"2026-06-24T11:09:15","slug":"calciomercato-2026-ultime-news-di-oggi-in-diretta-live-21","status":"publish","type":"post","link":"https:\/\/www.europesays.com\/it\/553905\/","title":{"rendered":"Calciomercato 2026, ultime news di oggi in diretta live"},"content":{"rendered":"<p>\\n  <\/p>\n<li><a href=\"\\&quot;https:\/\/sport.sky.it\/calciomercato\/2026\/06\/23\/inter-palestra-atalanta-calciomercato-news\\&quot;\" data-intcmp=\"\\&quot;skysport_liveblog_interlink_text\\&quot;\">Inter, il Chelsea piomba su Palestra: offerti 5 milioni pi\u00f9 bonus al calciatore<\/a><\/li>\n<p>\\n  <\/p>\n<li><a href=\"\\&quot;https:\/\/sport.sky.it\/calciomercato\/2026\/06\/23\/atalanta-alajbegovic-calciomercato-news\\&quot;\" data-intcmp=\"\\&quot;skysport_liveblog_interlink_text\\&quot;\">L&#8217;Atalanta irrompe su Alajbegovic: avviati i contatti<\/a><\/li>\n<p>\\n  <\/p>\n<li><a href=\"\\&quot;https:\/\/sport.sky.it\/calciomercato\/2026\/06\/23\/maldini-nazionale-malago-italia-news\\&quot;\" data-intcmp=\"\\&quot;skysport_liveblog_interlink_text\\&quot;\">Italia, le prime mosse di Malag\u00f2: 3 nomi per il direttore tecnico<\/a><\/li>\n<p>\\n  <\/p>\n<li><a href=\"\\&quot;https:\/\/sport.sky.it\/calciomercato\/2026\/06\/23\/juventus-kolo-muani-calciomercato-news\\&quot;\" data-intcmp=\"\\&quot;skysport_liveblog_interlink_text\\&quot;\">Juve: si raffredda la pista Kolo Muani<\/a><\/li>\n<p>\\n  <\/p>\n<li><a href=\"\\&quot;https:\/\/sport.sky.it\/calciomercato\/allenatori-serie-a-2026-2027-situazione-panchine-squadre\\&quot;\" data-intcmp=\"\\&quot;skysport_liveblog_interlink_text\\&quot;\">Gattuso \u00e8 il nuovo allenatore della Lazio<\/a><\/li>\n<p>\\n  <\/p>\n<li><a href=\"\\&quot;https:\/\/sport.sky.it\/calciomercato\/tabellone\\&quot;\" data-intcmp=\"\\&quot;skysport_liveblog_interlink_text\\&quot;\">Tabellone mercato della Serie A<\/a><\/li>\n<p>\\n  <\/p>\n<li><a href=\"\\&quot;https:\/\/sport.sky.it\/calciomercato\/calciomercato-serie-a-estate-2026-acquisti-ufficiali\\&quot;\" data-intcmp=\"\\&quot;skysport_liveblog_interlink_text\\&quot;\">Serie A, gli acquisti ufficiali<\/a><\/li>\n<p>\\n  <\/p>\n<li><a href=\"\\&quot;https:\/\/sport.sky.it\/calcio\/serie-b\/allenatori-serie-b-2026-2027-situazione-panchine-squadre\\&quot;\" data-intcmp=\"\\&quot;skysport_liveblog_interlink_text\\&quot;\">Serie B, l&#8217;elenco degli allenatori squadra per squadra<\/a><\/li>\n<p>\\n  <\/p>\n<li><a href=\"\\&quot;https:\/\/sport.sky.it\/calciomercato\/calciomercato-2026-acquisti-ufficiali-estero-estate\\&quot;\" data-intcmp=\"\\&quot;skysport_liveblog_interlink_text\\&quot;\">Tutti i colpi di mercato all&#8217;estero<\/a><\/li>\n<p>\\n  <\/p>\n<li><a href=\"\\&quot;https:\/\/sport.sky.it\/calciomercato\/giocatori-svincolati-calciomercato\\&quot;\" data-intcmp=\"\\&quot;skysport_liveblog_interlink_text\\&quot;\">I giocatori svincolati a giugno<\/a><\/li>\n<p>\\n  <\/p>\n<li><a href=\"\\&quot;https:\/\/sport.sky.it\/calciomercato\/di-marzio-podcast-buongiorno-calciomercato\\&quot;\" title=\"\\&quot;Il\" podcast=\"\" di=\"\" marzio=\"\" sul=\"\" mercato=\"\" data-intcmp=\"\\&quot;skysport_liveblog_interlink_text\\&quot;\">Il podcast di Di Marzio<\/a><\/li>\n<p>\\n&#8221;,&#8221;postId&#8221;:&#8221;268c9827-474c-4983-9f48-6dbffef59f52&#8243;,&#8221;postLink&#8221;:{&#8220;title&#8221;:&#8221;&#8221;,&#8221;url&#8221;:&#8221;&#8221;,&#8221;imageSrc&#8221;:&#8221;&#8221;}}],&#8221;posts&#8221;:[{&#8220;timestamp&#8221;:&#8221;2026-06-24T11:00:00.959Z&#8221;,&#8221;timestampUtcIt&#8221;:&#8221;2026-06-24T13:00:00+0200&#8243;,&#8221;altBackground&#8221;:false,&#8221;title&#8221;:&#8221;Juve Stabia, Stefanelli in arrivo: risolto il contratto con l&#8217;Empoli&#8221;,&#8221;content&#8221;:&#8221;<\/p>\n<p>Il direttore sportivo Stefano <strong>Stefanelli <\/strong>ha ufficialmente risolto il suo contratto con l&#8217;Empoli: ora \u00e8 atteso dalla <strong>Juve Stabia<\/strong><\/p>\n<p>&#8220;,&#8221;postId&#8221;:&#8221;259780ff-b424-47bf-b869-0e619630c990&#8243;,&#8221;postLink&#8221;:{&#8220;title&#8221;:&#8221;&#8221;,&#8221;url&#8221;:&#8221;&#8221;,&#8221;imageSrc&#8221;:&#8221;&#8221;}},{&#8220;timestamp&#8221;:&#8221;2026-06-24T10:45:00.823Z&#8221;,&#8221;timestampUtcIt&#8221;:&#8221;2026-06-24T12:45:00+0200&#8243;,&#8221;altBackground&#8221;:false,&#8221;title&#8221;:&#8221;Parma, \u00e8 addio con Estevez&#8221;,&#8221;content&#8221;:&#8221;<\/p>\n<p>Ufficiale l&#8217;addio di <strong>Nahuel Estevez<\/strong>, che non rinnova il suo contratto. Il centrocampista argentino saluta dopo quattro anni<\/p>\n<p>&#8220;,&#8221;postId&#8221;:&#8221;fec1145d-7a82-4d7b-aaf8-df3d951e0a48&#8243;,&#8221;postLink&#8221;:{&#8220;title&#8221;:&#8221;&#8221;,&#8221;url&#8221;:&#8221;&#8221;,&#8221;imageSrc&#8221;:&#8221;&#8221;}},{&#8220;timestamp&#8221;:&#8221;2026-06-24T10:26:03.631Z&#8221;,&#8221;timestampUtcIt&#8221;:&#8221;2026-06-24T12:26:03+0200&#8243;,&#8221;altBackground&#8221;:false,&#8221;title&#8221;:&#8221;Como, Kaiki \u00e8 atterrato a Milano&#8221;,&#8221;content&#8221;:&#8221;<\/p>\n<p>Il nuovo acquisto del <strong>Como <\/strong>\u00e8 appena atterrato a Milano, subito dopo \u00e8 atteso in citt\u00e0 per visite e firma<\/p>\n<p>&#8220;,&#8221;postId&#8221;:&#8221;397e348c-36ee-4a63-855e-734ce3cceb4a&#8221;,&#8221;postLink&#8221;:{&#8220;title&#8221;:&#8221;&#8221;,&#8221;url&#8221;:&#8221;&#8221;,&#8221;imageSrc&#8221;:&#8221;&#8221;}},{&#8220;timestamp&#8221;:&#8221;2026-06-24T10:17:16.151Z&#8221;,&#8221;timestampUtcIt&#8221;:&#8221;2026-06-24T12:17:16+0200&#8243;,&#8221;altBackground&#8221;:false,&#8221;title&#8221;:&#8221;Yanis Khafi alla Carrarese&#8221;,&#8221;content&#8221;:&#8221;<\/p>\n<p>La <strong>Carrarese <\/strong>ha preso ufficialmente\u00a0<strong>Yanis Khafi<\/strong>, centrocampista marocchino classe 2006 proveniente dal <strong>Paris Saint-Germain<\/strong><\/p>\n<p>&#8220;,&#8221;postId&#8221;:&#8221;ba30f616-86be-4293-b02a-4cc9ca91ee26&#8243;,&#8221;postLink&#8221;:{&#8220;title&#8221;:&#8221;&#8221;,&#8221;url&#8221;:&#8221;&#8221;,&#8221;imageSrc&#8221;:&#8221;&#8221;}},{&#8220;timestamp&#8221;:&#8221;2026-06-24T09:30:00.053Z&#8221;,&#8221;timestampUtcIt&#8221;:&#8221;2026-06-24T11:30:00+0200&#8243;,&#8221;altBackground&#8221;:false,&#8221;title&#8221;:&#8221;E domani incontro Como-Real per Nico Paz&#8221;,&#8221;content&#8221;:&#8221;<\/p>\n<p>La giornata di gioved\u00ec 25 giugno sar\u00e0 importante per il <strong>futuro di Nico Paz.<\/strong> Ci sar\u00e0 infatti un<strong> incontro tra Como e Real Madrid<\/strong> per capire se \u00e8 possibile accontentare entrambe le parti. Il club lombardo vorrebbe trattenere l&#8217;argentino ancora un anno, mentre gli spagnoli preferirebbero venderlo e mantenere la recompra<\/p>\n<p>&#8220;,&#8221;postId&#8221;:&#8221;b2b576ae-558f-4aa1-8213-0d66945952c8&#8243;,&#8221;postLink&#8221;:{&#8220;title&#8221;:&#8221;&#8221;,&#8221;url&#8221;:&#8221;&#8221;,&#8221;imageSrc&#8221;:&#8221;&#8221;}},{&#8220;timestamp&#8221;:&#8221;2026-06-24T09:20:00.000Z&#8221;,&#8221;timestampUtcIt&#8221;:&#8221;2026-06-24T11:20:00+0200&#8243;,&#8221;altBackground&#8221;:false,&#8221;title&#8221;:&#8221;Como, Kaiki oggi atteso in citt\u00e0&#8221;,&#8221;content&#8221;:&#8221;<\/p>\n<p>Nella giornata di oggi, mercoled\u00ec 24 giugno, <strong>Kaiki <\/strong>\u00e8 atteso in citt\u00e0 per svolgere le visite mediche e firmare con il <strong>Como<\/strong><\/p>\n<p>\\n&#8221;,&#8221;postId&#8221;:&#8221;2d25b0d3-93a3-4c22-8138-a564c940e9eb&#8221;,&#8221;postLink&#8221;:{&#8220;title&#8221;:&#8221;&#8221;,&#8221;url&#8221;:&#8221;&#8221;,&#8221;imageSrc&#8221;:&#8221;&#8221;}},{&#8220;timestamp&#8221;:&#8221;2026-06-24T09:10:00.000Z&#8221;,&#8221;timestampUtcIt&#8221;:&#8221;2026-06-24T11:10:00+0200&#8243;,&#8221;altBackground&#8221;:false,&#8221;title&#8221;:&#8221;Cremonese, vicino Tommaso Berti del Cesena&#8221;,&#8221;content&#8221;:&#8221;<\/p>\n<p>La <strong>Cremonese <\/strong>\u00e8 vicina al centrocampista del <strong>Cesena Tommaso Berti<\/strong>. I club sono vicini all&#8217;intesa intorno ai 2.8 milioni di euro. Adesso servir\u00e0 trovare l&#8217;accordo contrattuale con il giocatore.<\/p>\n<p>&#8220;,&#8221;postId&#8221;:&#8221;a903ea71-5c47-46ed-b776-f47905ad4102&#8243;,&#8221;postLink&#8221;:{&#8220;title&#8221;:&#8221;&#8221;,&#8221;url&#8221;:&#8221;&#8221;,&#8221;imageSrc&#8221;:&#8221;&#8221;}},{&#8220;timestamp&#8221;:&#8221;2026-06-24T09:00:00.000Z&#8221;,&#8221;timestampUtcIt&#8221;:&#8221;2026-06-24T11:00:00+0200&#8243;,&#8221;altBackground&#8221;:false,&#8221;title&#8221;:&#8221;Fiorentina, si insiste per Koleosho: attesa la decisione del giocatore&#8221;,&#8221;content&#8221;:&#8221;<\/p>\n<p>Continua il pressing della <strong>Fiorentina <\/strong>per\u00a0<strong>Luca Koleosho<\/strong>. Il giocatore sta al momento valutando se l&#8217;offerta del club viola pu\u00f2 essere la scelta giusta per il suo futuro.<\/p>\n<p>\\n&#8221;,&#8221;postId&#8221;:&#8221;73911b95-9304-4897-b54d-3c65a6626c19&#8243;,&#8221;postLink&#8221;:{&#8220;title&#8221;:&#8221;&#8221;,&#8221;url&#8221;:&#8221;&#8221;,&#8221;imageSrc&#8221;:&#8221;&#8221;}},{&#8220;timestamp&#8221;:&#8221;2026-06-24T08:50:00.000Z&#8221;,&#8221;timestampUtcIt&#8221;:&#8221;2026-06-24T10:50:00+0200&#8243;,&#8221;altBackground&#8221;:false,&#8221;title&#8221;:&#8221;I giocatori in prestito in Serie A&#8221;,&#8221;content&#8221;:&#8221;<\/p>\n<p>Il loro prestito scadr\u00e0 tecnicamente il prossimo 30 giugno, ma quale sar\u00e0 il loro futuro? Rientreranno definitivamente alla base o sono stati riscattati? Ecco la situazione prestiti per ogni squadra di Serie A<\/p>\n<p>&#8220;,&#8221;postId&#8221;:&#8221;b72891b8-5e0d-49a7-b2b5-79498e6b81b8&#8243;,&#8221;postLink&#8221;:{&#8220;title&#8221;:&#8221;Serie A, i prestiti squadra per squadra: chi resta e chi va via&#8221;,&#8221;url&#8221;:&#8221;https:\/\/sport.sky.it\/calciomercato\/calciomercato-prestiti-giocatori-serie-a-2026&#8243;,&#8221;imageSrc&#8221;:&#8221;https:\/\/sport.sky.it\/assets\/images\/c8f04e1106ac0b3f031eeb234ae182f9e4d1efb2\/skysport\/it\/calcio\/calciomercato\/calciomercato-prestiti-giocatori-serie-a-2026\/elmas_napoli_ipa.jpg?im=Resize,width=1218&#8243;}},{&#8220;timestamp&#8221;:&#8221;2026-06-24T08:40:00.000Z&#8221;,&#8221;timestampUtcIt&#8221;:&#8221;2026-06-24T10:40:00+0200&#8243;,&#8221;altBackground&#8221;:false,&#8221;title&#8221;:&#8221;Smolcic resta al Como e rinnova&#8221;,&#8221;content&#8221;:&#8221;<\/p>\n<p>\\&#8221;<strong>Ivan si \u00e8 guadagnato questo prolungamento grazie al suo lavoro<\/strong> &#8211; ha commentato Fabregas -, al suo atteggiamento e alla costanza che ha dimostrato ogni giorno\\&#8221;. I dettagli del prolungamento del croato<\/p>\n<p>&#8220;,&#8221;postId&#8221;:&#8221;0125cacd-f1c7-421c-b389-ae724bde5a3a&#8221;,&#8221;postLink&#8221;:{&#8220;title&#8221;:&#8221;Como, ufficiale il rinnovo di Smolcic: tutti i dettagli&#8221;,&#8221;url&#8221;:&#8221;https:\/\/sport.sky.it\/calciomercato\/calciomercato-ultimi-rinnovi-ufficiali&#8221;,&#8221;imageSrc&#8221;:&#8221;https:\/\/sport.sky.it\/assets\/images\/d02dcc68ded956289c36104b6375dd3937b7ff60\/skysport\/it\/calcio\/calciomercato\/calciomercato-ultimi-rinnovi-ufficiali\/smolcic_como.jpg?im=Resize,width=1218&#8243;}},{&#8220;timestamp&#8221;:&#8221;2026-06-24T08:30:00.000Z&#8221;,&#8221;timestampUtcIt&#8221;:&#8221;2026-06-24T10:30:00+0200&#8243;,&#8221;altBackground&#8221;:false,&#8221;title&#8221;:&#8221;Nuova avventura da capo allenatore per Ramsey&#8221;,&#8221;content&#8221;:&#8221;<\/p>\n<p>Prima esperienza da allenatore \\&#8221;a tempo pieno\\&#8221; per Ramsey, dopo esser stato ad interim al Cardiff nelle ultime giornate della stagione 2024\/2025<\/p>\n<p>&#8220;,&#8221;postId&#8221;:&#8221;74c84af5-b41a-494b-9aa0-6a4849152fb4&#8243;,&#8221;postLink&#8221;:{&#8220;title&#8221;:&#8221;L&#8217;ex Juve Ramsey riparte da una panchina in Inghilterra: chi allener\u00e0&#8221;,&#8221;url&#8221;:&#8221;https:\/\/sport.sky.it\/calciomercato\/allenatori-svincolati&#8221;,&#8221;imageSrc&#8221;:&#8221;https:\/\/sport.sky.it\/assets\/images\/cd2461d2252b9abe0a33fd4d17f0199c4ecf4787\/skysport\/it\/calcio\/calciomercato\/allenatori-svincolati\/ramsey_1.jpg?im=Resize,width=1218&#8243;}},{&#8220;timestamp&#8221;:&#8221;2026-06-24T08:20:00.000Z&#8221;,&#8221;timestampUtcIt&#8221;:&#8221;2026-06-24T10:20:00+0200&#8243;,&#8221;altBackground&#8221;:false,&#8221;title&#8221;:&#8221;Juventus, in stand by la trattativa per Kolo Muani&#8221;,&#8221;content&#8221;:&#8221;<\/p>\n<p>Non decolla la trattativa per riportare il francese in bianconero. La Juve continua a ritenere i costi dell&#8217;operazione troppo alti e al momento \u00e8 in stand by il tentativo di acquistare Kolo Muani dal Psg, in possesso del cartellino<\/p>\n<p>&#8220;,&#8221;postId&#8221;:&#8221;cd7d2cca-3c28-4b06-8d81-6294e4c8ad28&#8243;,&#8221;postLink&#8221;:{&#8220;title&#8221;:&#8221;&#8221;,&#8221;url&#8221;:&#8221;&#8221;,&#8221;imageSrc&#8221;:&#8221;&#8221;}},{&#8220;timestamp&#8221;:&#8221;2026-06-24T08:10:00.000Z&#8221;,&#8221;timestampUtcIt&#8221;:&#8221;2026-06-24T10:10:00+0200&#8243;,&#8221;altBackground&#8221;:false,&#8221;title&#8221;:&#8221;Leao: \\&#8221;Dedico la mia vita al Mondiale, poi si vedr\u00e0\\&#8221;&#8221;,&#8221;content&#8221;:&#8221;<\/p>\n<p><strong>Leao torna a parlare anche del suo futuro al Milan<\/strong>: <strong>\\&#8221;In questo momento devo stare concentrato sul Mondiale. Amorim? Quello che so di questo allenatore \u00e8 che \u00e8 molto bravo,<\/strong> ha fatto bene in Portogallo, allo United non \u00e8 andata come voleva ma resta un grande allenatore. <strong>Decido la mia vita dopo il Mondiale\\&#8221;<\/strong>.<\/p>\n<p>&#8220;,&#8221;postId&#8221;:&#8221;24743676-038f-4f62-9870-e326505327f4&#8243;,&#8221;postLink&#8221;:{&#8220;title&#8221;:&#8221;&#8221;,&#8221;url&#8221;:&#8221;&#8221;,&#8221;imageSrc&#8221;:&#8221;&#8221;}},{&#8220;timestamp&#8221;:&#8221;2026-06-24T08:00:00.000Z&#8221;,&#8221;timestampUtcIt&#8221;:&#8221;2026-06-24T10:00:00+0200&#8243;,&#8221;altBackground&#8221;:false,&#8221;title&#8221;:&#8221;Alajbegovic, l&#8217;Atalanta prova a superare la concorrenza&#8221;,&#8221;content&#8221;:&#8221;<\/p>\n<p>L&#8217;Atalanta irrompe su Kerim Alajbegovic. Il club nerazzurro ha avviato contatti con l&#8217;entourage del classe 2007 per provare ad anticipare la concorrenza, seguito da tanti club europei tra cui la Roma<\/p>\n<p>&#8220;,&#8221;postId&#8221;:&#8221;4630bdd8-ee7b-48b4-b6fc-54045c9828db&#8221;,&#8221;postLink&#8221;:{&#8220;title&#8221;:&#8221;&#8221;,&#8221;url&#8221;:&#8221;&#8221;,&#8221;imageSrc&#8221;:&#8221;&#8221;}},{&#8220;timestamp&#8221;:&#8221;2026-06-24T07:50:00.000Z&#8221;,&#8221;timestampUtcIt&#8221;:&#8221;2026-06-24T09:50:00+0200&#8243;,&#8221;altBackground&#8221;:false,&#8221;title&#8221;:&#8221;Nazionale, Malag\u00f2 sceglier\u00e0 prima il direttore tecnico&#8221;,&#8221;content&#8221;:&#8221;<\/p>\n<p>Da Maldini alle alternative Ranieri e Buffon: il piano di Giovanni Malag\u00f2 per scegliere il nuovo direttore tecnico della Nazionale<\/p>\n<p>&#8220;,&#8221;postId&#8221;:&#8221;d3a333b6-b83a-4449-ab37-8282fc958a14&#8243;,&#8221;postLink&#8221;:{&#8220;title&#8221;:&#8221;Nazionale, \u00e8 caccia al dt: i nomi di Malag\u00f2&#8221;,&#8221;url&#8221;:&#8221;https:\/\/sport.sky.it\/calciomercato\/2026\/06\/23\/maldini-nazionale-malago-italia-news&#8221;,&#8221;imageSrc&#8221;:&#8221;https:\/\/sport.sky.it\/assets\/images\/9da68a4a25f3a11b184549402ae99ade58ea6c49\/skysport\/it\/calcio\/2026\/04\/03\/figc-maldini-morandi-breviario\/paolo_maldini_ANSA.jpg?im=Resize,width=1218&#8243;}},{&#8220;timestamp&#8221;:&#8221;2026-06-24T07:40:00.000Z&#8221;,&#8221;timestampUtcIt&#8221;:&#8221;2026-06-24T09:40:00+0200&#8243;,&#8221;altBackground&#8221;:false,&#8221;title&#8221;:&#8221;Mbay\u00e8 Niang sar\u00e0 svincolato dal 1\u00b0 luglio&#8221;,&#8221;content&#8221;:&#8221;<\/p>\n<p>L&#8217;ex Milan, Torino e Samp Mbay\u00e8 Niang lascia ufficialmente la Turchia e il Gen\u00e7lerbirli\u011fi. Chi sono gli altri giocatori svincolati?<\/p>\n<p>&#8220;,&#8221;postId&#8221;:&#8221;eb679323-b6dd-431a-8733-74ac8e5548f2&#8243;,&#8221;postLink&#8221;:{&#8220;title&#8221;:&#8221;Ufficiale, Mbay\u00e8 Niang lascia il Gen\u00e7lerbirli\u011fi&#8221;,&#8221;url&#8221;:&#8221;https:\/\/sport.sky.it\/calciomercato\/giocatori-svincolati-calciomercato&#8221;,&#8221;imageSrc&#8221;:&#8221;https:\/\/sport.sky.it\/assets\/images\/9d9033ff5f20a5a22642163e3b771e97096c8f5a\/skysport\/it\/calcio\/calciomercato\/giocatori-svincolati-calciomercato\/niang_ipa.jpg?im=Resize,width=1218&#8243;}},{&#8220;timestamp&#8221;:&#8221;2026-06-24T07:30:00.000Z&#8221;,&#8221;timestampUtcIt&#8221;:&#8221;2026-06-24T09:30:00+0200&#8243;,&#8221;altBackground&#8221;:false,&#8221;title&#8221;:&#8221;\\&#8221;Che la magia abbia inizio!\\&#8221;: Ronaldinho \u00e8 ufficiale al Ravenna&#8221;,&#8221;content&#8221;:&#8221;<\/p>\n<p>Ora \u00e8 ufficiale: Ronaldinho sar\u00e0 tesserato come giocatore dal Ravenna. Il 46enne brasiliano ha come obiettivo quello di segnare il suo ultimo gol da professionista: \\&#8221;Per me il calcio \u00e8 sempre stato gioia e sono entusiasta di portare questo spirito a Ravenna. Che la magia abbia inizio!\\&#8221;<\/p>\n<p>&#8220;,&#8221;postId&#8221;:&#8221;cf0973f6-f25a-4d77-931e-7779aa17188c&#8221;,&#8221;postLink&#8221;:{&#8220;title&#8221;:&#8221;Ronaldinho ufficiale al Ravenna: &#8216;Che la magia abbia inizio!&#8217;. VIDEO&#8221;,&#8221;url&#8221;:&#8221;https:\/\/sport.sky.it\/calciomercato\/2026\/06\/23\/ronaldinho-ravenna-calciomercato-news&#8221;,&#8221;imageSrc&#8221;:&#8221;https:\/\/sport.sky.it\/assets\/images\/6e7f389a634201052cf869eaf1484d4b2e95c200\/skysport\/it\/calcio\/calciomercato\/2026\/06\/23\/ronaldinho-ravenna-calciomercato-news\/ronaldinho_ravenna_sito.jpg?im=Resize,width=1218&#8243;}},{&#8220;timestamp&#8221;:&#8221;2026-06-24T07:20:00.000Z&#8221;,&#8221;timestampUtcIt&#8221;:&#8221;2026-06-24T09:20:00+0200&#8243;,&#8221;altBackground&#8221;:false,&#8221;title&#8221;:&#8221;Inter superata dal Chelsea per Palestra&#8221;,&#8221;content&#8221;:&#8221;<\/p>\n<p>I Blues sono vicini all&#8217;intesa finale con giocatore e Atalanta. Decisiva nel sorpasso degli inglesi la chiamata di\u00a0Xabi Alonso a Palestra, che lo considera un elemento importante per il nuovo corso<\/p>\n<p>&#8220;,&#8221;postId&#8221;:&#8221;db8f4ed9-7320-437e-bc8d-70bf1f48129f&#8221;,&#8221;postLink&#8221;:{&#8220;title&#8221;:&#8221;Inter-Palestra, c&#8217;\u00e8 il sorpasso del Chelsea: quanto gli offre&#8221;,&#8221;url&#8221;:&#8221;https:\/\/sport.sky.it\/calciomercato\/2026\/06\/23\/inter-palestra-atalanta-calciomercato-news&#8221;,&#8221;imageSrc&#8221;:&#8221;https:\/\/sport.sky.it\/assets\/images\/5a11bac41f63f1ddc3d01be1241fcd14d94e5368\/skysport\/it\/calcio\/serie-a\/2026\/01\/24\/fiorentina-cagliari-pagelle\/ansa_palestra_fiorentina_cagliari.jpg?im=Resize,width=1218&#8243;}},{&#8220;timestamp&#8221;:&#8221;2026-06-24T07:10:00.000Z&#8221;,&#8221;timestampUtcIt&#8221;:&#8221;2026-06-24T09:10:00+0200&#8243;,&#8221;video&#8221;:{&#8220;videoId&#8221;:&#8221;1107222&#8243;,&#8221;videoPageUrl&#8221;:&#8221;https:\/\/video.sky.it\/sport\/calciomercato\/serie-a\/video\/calciomercato-serie-a-news-23-giugno-1107222&#8243;},&#8221;altBackground&#8221;:true,&#8221;title&#8221;:&#8221;Da Soule a Koleosho: le ultime di mercato&#8221;,&#8221;content&#8221;:&#8221;<\/p>\n<p>Continua il pressing deciso della Fiorentina per Luca Koleosho, che avanza anche per Thorstvedt. Su Soule della Roma, c&#8217;\u00e8 anche lo Stoccarda e diverse squadre in Arabia Saudita: i giallorossi per\u00f2 hanno valutato come insufficienti le proposte avanzate fino a questo momento. Procedono a piccoli passi in avanti le operazioni De Vrij al Panathinaikos e Gaetano all&#8217;Atalanta. Nel VIDEO la raffica di mercato di Gianluca Di Marzio<\/p>\n<p>&#8220;,&#8221;postId&#8221;:&#8221;527af6ba-44b7-4946-bc11-225f00a7651b&#8221;,&#8221;postLink&#8221;:{&#8220;title&#8221;:&#8221;&#8221;,&#8221;url&#8221;:&#8221;&#8221;,&#8221;imageSrc&#8221;:&#8221;&#8221;}}]}&#8221; query='{&#8220;configurationName&#8221;:&#8221;LIVEBLOG_CONTAINER_WIDGET&#8221;,&#8221;liveblogId&#8221;:&#8221;5213c281-7a7b-4bae-924c-056ced9186d5&#8243;,&#8221;tenant&#8221;:&#8221;sport&#8221;,&#8221;limit&#8221;:800}&#8217; config='{&#8220;live&#8221;:true,&#8221;isWebView&#8221;:false,&#8221;postsPerPageMobile&#8221;:10,&#8221;postsPerPageDesktop&#8221;:10}&#8217;&gt;<br \/>\n          Calciomercato, le news di oggiLeggi di pi\u00f9 <\/p>\n<p>meno di un minuto fa<\/p>\n<p>Juve Stabia, Stefanelli in arrivo: risolto il contratto con l&#8217;Empoli<\/p>\n<p>Il direttore sportivo Stefano <strong>Stefanelli <\/strong>ha ufficialmente risolto il suo contratto con l&#8217;Empoli: ora \u00e8 atteso dalla <strong>Juve Stabia<\/strong><\/p>\n<p>15 minuti fa<\/p>\n<p>Parma, \u00e8 addio con Estevez<\/p>\n<p>Ufficiale l&#8217;addio di <strong>Nahuel Estevez<\/strong>, che non rinnova il suo contratto. Il centrocampista argentino saluta dopo quattro anni<\/p>\n<p>34 minuti fa<\/p>\n<p>Como, Kaiki \u00e8 atterrato a Milano<\/p>\n<p>Il nuovo acquisto del <strong>Como <\/strong>\u00e8 appena atterrato a Milano, subito dopo \u00e8 atteso in citt\u00e0 per visite e firma<\/p>\n<p>43 minuti fa<\/p>\n<p>Yanis Khafi alla Carrarese<\/p>\n<p>La <strong>Carrarese <\/strong>ha preso ufficialmente\u00a0<strong>Yanis Khafi<\/strong>, centrocampista marocchino classe 2006 proveniente dal <strong>Paris Saint-Germain<\/strong><\/p>\n<p>11:30<\/p>\n<p>E domani incontro Como-Real per Nico Paz<\/p>\n<p>La giornata di gioved\u00ec 25 giugno sar\u00e0 importante per il <strong>futuro di Nico Paz.<\/strong> Ci sar\u00e0 infatti un<strong> incontro tra Como e Real Madrid<\/strong> per capire se \u00e8 possibile accontentare entrambe le parti. Il club lombardo vorrebbe trattenere l&#8217;argentino ancora un anno, mentre gli spagnoli preferirebbero venderlo e mantenere la recompra<\/p>\n<p>11:20<\/p>\n<p>Como, Kaiki oggi atteso in citt\u00e0<\/p>\n<p>Nella giornata di oggi, mercoled\u00ec 24 giugno, <strong>Kaiki <\/strong>\u00e8 atteso in citt\u00e0 per svolgere le visite mediche e firmare con il <strong>Como<\/strong><\/p>\n<p>11:10<\/p>\n<p>Cremonese, vicino Tommaso Berti del Cesena<\/p>\n<p>La <strong>Cremonese <\/strong>\u00e8 vicina al centrocampista del <strong>Cesena Tommaso Berti<\/strong>. I club sono vicini all&#8217;intesa intorno ai 2.8 milioni di euro. Adesso servir\u00e0 trovare l&#8217;accordo contrattuale con il giocatore.<\/p>\n<p>11:00<\/p>\n<p>Fiorentina, si insiste per Koleosho: attesa la decisione del giocatore<\/p>\n<p>Continua il pressing della <strong>Fiorentina <\/strong>per\u00a0<strong>Luca Koleosho<\/strong>. Il giocatore sta al momento valutando se l&#8217;offerta del club viola pu\u00f2 essere la scelta giusta per il suo futuro.<\/p>\n<p>10:50<\/p>\n<p>I giocatori in prestito in Serie A<\/p>\n<p>Il loro prestito scadr\u00e0 tecnicamente il prossimo 30 giugno, ma quale sar\u00e0 il loro futuro? Rientreranno definitivamente alla base o sono stati riscattati? Ecco la situazione prestiti per ogni squadra di Serie A<\/p>\n<p><a href=\"https:\/\/sport.sky.it\/calciomercato\/calciomercato-prestiti-giocatori-serie-a-2026\" title=\"Serie A, i prestiti squadra per squadra: chi resta e chi va via\" class=\"lvbg-post-link\" data-intcmp=\"skysport_liveblog_liveblog-preview_null\" data-analytics-element=\"liveblog-preview\" rel=\"nofollow noopener\" target=\"_blank\"><img alt=\"Serie A, i prestiti squadra per squadra: chi resta e chi va via\" style=\"opacity:0;transition:opacity 0.3s\" class=\"lvbg-post-link__image\"\/>Serie A, i prestiti squadra per squadra: chi resta e chi va viaVai al contenuto <\/a><\/p>\n<p>10:40<\/p>\n<p>Smolcic resta al Como e rinnova<\/p>\n<p>&#8220;<strong>Ivan si \u00e8 guadagnato questo prolungamento grazie al suo lavoro<\/strong> &#8211; ha commentato Fabregas -, al suo atteggiamento e alla costanza che ha dimostrato ogni giorno&#8221;. I dettagli del prolungamento del croato<\/p>\n<p><a href=\"https:\/\/sport.sky.it\/calciomercato\/calciomercato-ultimi-rinnovi-ufficiali\" title=\"Como, ufficiale il rinnovo di Smolcic: tutti i dettagli\" class=\"lvbg-post-link\" data-intcmp=\"skysport_liveblog_liveblog-preview_null\" data-analytics-element=\"liveblog-preview\" rel=\"nofollow noopener\" target=\"_blank\"><img alt=\"Como, ufficiale il rinnovo di Smolcic: tutti i dettagli\" style=\"opacity:0;transition:opacity 0.3s\" class=\"lvbg-post-link__image\"\/>Como, ufficiale il rinnovo di Smolcic: tutti i dettagliVai al contenuto <\/a><\/p>\n<p>10:30<\/p>\n<p>Nuova avventura da capo allenatore per Ramsey<\/p>\n<p>Prima esperienza da allenatore &#8220;a tempo pieno&#8221; per Ramsey, dopo esser stato ad interim al Cardiff nelle ultime giornate della stagione 2024\/2025<\/p>\n<p><a href=\"https:\/\/sport.sky.it\/calciomercato\/allenatori-svincolati\" title=\"L&#039;ex Juve Ramsey riparte da una panchina in Inghilterra: chi allener\u00e0\" class=\"lvbg-post-link\" data-intcmp=\"skysport_liveblog_liveblog-preview_null\" data-analytics-element=\"liveblog-preview\" rel=\"nofollow noopener\" target=\"_blank\"><img alt=\"L'ex Juve Ramsey riparte da una panchina in Inghilterra: chi allener\u00e0\" style=\"opacity:0;transition:opacity 0.3s\" class=\"lvbg-post-link__image\"\/>L&#8217;ex Juve Ramsey riparte da una panchina in Inghilterra: chi allener\u00e0Vai al contenuto <\/a><\/p>\n<p>10:20<\/p>\n<p>Juventus, in stand by la trattativa per Kolo Muani<\/p>\n<p>Non decolla la trattativa per riportare il francese in bianconero. La Juve continua a ritenere i costi dell&#8217;operazione troppo alti e al momento \u00e8 in stand by il tentativo di acquistare Kolo Muani dal Psg, in possesso del cartellino<\/p>\n<p>10:10<\/p>\n<p>Leao: &#8220;Dedico la mia vita al Mondiale, poi si vedr\u00e0&#8221;<\/p>\n<p><strong>Leao torna a parlare anche del suo futuro al Milan<\/strong>: <strong>&#8220;In questo momento devo stare concentrato sul Mondiale. Amorim? Quello che so di questo allenatore \u00e8 che \u00e8 molto bravo,<\/strong> ha fatto bene in Portogallo, allo United non \u00e8 andata come voleva ma resta un grande allenatore. <strong>Decido la mia vita dopo il Mondiale&#8221;<\/strong>.<\/p>\n<p>10:00<\/p>\n<p>Alajbegovic, l&#8217;Atalanta prova a superare la concorrenza<\/p>\n<p>L&#8217;Atalanta irrompe su Kerim Alajbegovic. Il club nerazzurro ha avviato contatti con l&#8217;entourage del classe 2007 per provare ad anticipare la concorrenza, seguito da tanti club europei tra cui la Roma<\/p>\n<p>09:50<\/p>\n<p>Nazionale, Malag\u00f2 sceglier\u00e0 prima il direttore tecnico<\/p>\n<p>Da Maldini alle alternative Ranieri e Buffon: il piano di Giovanni Malag\u00f2 per scegliere il nuovo direttore tecnico della Nazionale<\/p>\n<p><a href=\"https:\/\/sport.sky.it\/calciomercato\/2026\/06\/23\/maldini-nazionale-malago-italia-news\" title=\"Nazionale, \u00e8 caccia al dt: i nomi di Malag\u00f2\" class=\"lvbg-post-link\" data-intcmp=\"skysport_liveblog_liveblog-preview_null\" data-analytics-element=\"liveblog-preview\" rel=\"nofollow noopener\" target=\"_blank\"><img alt=\"Nazionale, \u00e8 caccia al dt: i nomi di Malag\u00f2\" style=\"opacity:0;transition:opacity 0.3s\" class=\"lvbg-post-link__image\"\/>Nazionale, \u00e8 caccia al dt: i nomi di Malag\u00f2Vai al contenuto <\/a><\/p>\n<p>09:40<\/p>\n<p>Mbay\u00e8 Niang sar\u00e0 svincolato dal 1\u00b0 luglio<\/p>\n<p>L&#8217;ex Milan, Torino e Samp Mbay\u00e8 Niang lascia ufficialmente la Turchia e il Gen\u00e7lerbirli\u011fi. Chi sono gli altri giocatori svincolati?<\/p>\n<p><a href=\"https:\/\/sport.sky.it\/calciomercato\/giocatori-svincolati-calciomercato\" title=\"Ufficiale, Mbay\u00e8 Niang lascia il Gen\u00e7lerbirli\u011fi\" class=\"lvbg-post-link\" data-intcmp=\"skysport_liveblog_liveblog-preview_null\" data-analytics-element=\"liveblog-preview\" rel=\"nofollow noopener\" target=\"_blank\"><img alt=\"Ufficiale, Mbay\u00e8 Niang lascia il Gen\u00e7lerbirli\u011fi\" style=\"opacity:0;transition:opacity 0.3s\" class=\"lvbg-post-link__image\"\/>Ufficiale, Mbay\u00e8 Niang lascia il Gen\u00e7lerbirli\u011fiVai al contenuto <\/a><\/p>\n<p>09:30<\/p>\n<p>&#8220;Che la magia abbia inizio!&#8221;: Ronaldinho \u00e8 ufficiale al Ravenna<\/p>\n<p>Ora \u00e8 ufficiale: Ronaldinho sar\u00e0 tesserato come giocatore dal Ravenna. Il 46enne brasiliano ha come obiettivo quello di segnare il suo ultimo gol da professionista: &#8220;Per me il calcio \u00e8 sempre stato gioia e sono entusiasta di portare questo spirito a Ravenna. Che la magia abbia inizio!&#8221;<\/p>\n<p><a href=\"https:\/\/sport.sky.it\/calciomercato\/2026\/06\/23\/ronaldinho-ravenna-calciomercato-news\" title=\"Ronaldinho ufficiale al Ravenna: &#039;Che la magia abbia inizio!&#039;. VIDEO\" class=\"lvbg-post-link\" data-intcmp=\"skysport_liveblog_liveblog-preview_null\" data-analytics-element=\"liveblog-preview\" rel=\"nofollow noopener\" target=\"_blank\"><img alt=\"Ronaldinho ufficiale al Ravenna: 'Che la magia abbia inizio!'. VIDEO\" style=\"opacity:0;transition:opacity 0.3s\" class=\"lvbg-post-link__image\"\/>Ronaldinho ufficiale al Ravenna: &#8216;Che la magia abbia inizio!&#8217;. VIDEOVai al contenuto <\/a><\/p>\n<p>09:20<\/p>\n<p>Inter superata dal Chelsea per Palestra<\/p>\n<p>I Blues sono vicini all&#8217;intesa finale con giocatore e Atalanta. Decisiva nel sorpasso degli inglesi la chiamata di\u00a0Xabi Alonso a Palestra, che lo considera un elemento importante per il nuovo corso<\/p>\n<p><a href=\"https:\/\/sport.sky.it\/calciomercato\/2026\/06\/23\/inter-palestra-atalanta-calciomercato-news\" title=\"Inter-Palestra, c&#039;\u00e8 il sorpasso del Chelsea: quanto gli offre\" class=\"lvbg-post-link\" data-intcmp=\"skysport_liveblog_liveblog-preview_null\" data-analytics-element=\"liveblog-preview\" rel=\"nofollow noopener\" target=\"_blank\"><img alt=\"Inter-Palestra, c'\u00e8 il sorpasso del Chelsea: quanto gli offre\" style=\"opacity:0;transition:opacity 0.3s\" class=\"lvbg-post-link__image\"\/>Inter-Palestra, c&#8217;\u00e8 il sorpasso del Chelsea: quanto gli offreVai al contenuto <\/a><\/p>\n<p>09:10<\/p>\n<p>Da Soule a Koleosho: le ultime di mercato<\/p>\n<p>Continua il pressing deciso della Fiorentina per Luca Koleosho, che avanza anche per Thorstvedt. Su Soule della Roma, c&#8217;\u00e8 anche lo Stoccarda e diverse squadre in Arabia Saudita: i giallorossi per\u00f2 hanno valutato come insufficienti le proposte avanzate fino a questo momento. Procedono a piccoli passi in avanti le operazioni De Vrij al Panathinaikos e Gaetano all&#8217;Atalanta. Nel VIDEO la raffica di mercato di Gianluca Di Marzio<\/p>\n","protected":false},"excerpt":{"rendered":"\\n Inter, il Chelsea piomba su Palestra: offerti 5 milioni pi\u00f9 bonus al calciatore \\n L&#8217;Atalanta irrompe su&hellip;\n","protected":false},"author":3,"featured_media":295576,"comment_status":"","ping_status":"","sticky":false,"template":"","format":"standard","meta":{"footnotes":"","_share_on_mastodon":"0"},"categories":[1452],"tags":[7724,569,586,6300,721,353,6295,39578,16323,14179,7725,6293,6294,3705,2263,1740,5281,6298,350,1537,90,89,558,5188,6296,553,11121,248,6301,6299,1739,245,244,1641,2817,222],"class_list":["post-553905","post","type-post","status-publish","format-standard","has-post-thumbnail","category-calcio","tag-as-roma","tag-atalanta","tag-bologna","tag-cagliari","tag-calcio","tag-calciomercato","tag-calciomercato-estero","tag-calciomercato-fiorentina","tag-calciomercato-inter","tag-calciomercato-napoli","tag-calciomercato-roma","tag-calciomercato-serie-a","tag-calciomercato-serie-b","tag-como","tag-fiorentina","tag-football","tag-frosinone","tag-genoa","tag-inter","tag-it","tag-italia","tag-italy","tag-juventus","tag-lazio","tag-lecce","tag-milan","tag-monza","tag-napoli","tag-parma","tag-sassuolo","tag-soccer","tag-sport","tag-sports","tag-torino","tag-udinese","tag-venezia"],"share_on_mastodon":{"url":"https:\/\/pubeurope.com\/@it\/116804777906352953","error":""},"_links":{"self":[{"href":"https:\/\/www.europesays.com\/it\/wp-json\/wp\/v2\/posts\/553905","targetHints":{"allow":["GET"]}}],"collection":[{"href":"https:\/\/www.europesays.com\/it\/wp-json\/wp\/v2\/posts"}],"about":[{"href":"https:\/\/www.europesays.com\/it\/wp-json\/wp\/v2\/types\/post"}],"author":[{"embeddable":true,"href":"https:\/\/www.europesays.com\/it\/wp-json\/wp\/v2\/users\/3"}],"replies":[{"embeddable":true,"href":"https:\/\/www.europesays.com\/it\/wp-json\/wp\/v2\/comments?post=553905"}],"version-history":[{"count":0,"href":"https:\/\/www.europesays.com\/it\/wp-json\/wp\/v2\/posts\/553905\/revisions"}],"wp:featuredmedia":[{"embeddable":true,"href":"https:\/\/www.europesays.com\/it\/wp-json\/wp\/v2\/media\/295576"}],"wp:attachment":[{"href":"https:\/\/www.europesays.com\/it\/wp-json\/wp\/v2\/media?parent=553905"}],"wp:term":[{"taxonomy":"category","embeddable":true,"href":"https:\/\/www.europesays.com\/it\/wp-json\/wp\/v2\/categories?post=553905"},{"taxonomy":"post_tag","embeddable":true,"href":"https:\/\/www.europesays.com\/it\/wp-json\/wp\/v2\/tags?post=553905"}],"curies":[{"name":"wp","href":"https:\/\/api.w.org\/{rel}","templated":true}]}}