{"id":553941,"date":"2026-06-24T11:41:15","date_gmt":"2026-06-24T11:41:15","guid":{"rendered":"https:\/\/www.europesays.com\/it\/553941\/"},"modified":"2026-06-24T11:41:15","modified_gmt":"2026-06-24T11:41:15","slug":"geolier-la-possibile-scaletta-dei-concerti-a-napoli-i-sky-tg24","status":"publish","type":"post","link":"https:\/\/www.europesays.com\/it\/553941\/","title":{"rendered":"Geolier, la possibile scaletta dei concerti a Napoli I Sky TG24"},"content":{"rendered":"<p>Triplo appuntamento a Napoli. Il 26, 27 e 28 giugno <strong>Geolier<\/strong> sar\u00e0 in concerto allo stadio Diego Armando Maradona. Ecco tutto quello che c\u2019\u00e8 da sapere sugli attesi spettacoli in programma a <strong>Napoli<\/strong>: dall\u2019orario di inizio ai brani che potrebbero essere proposti.<\/p>\n<p>\t\t \tgeolier a napoli, la possibile scaletta<\/p>\n<p>\u00a0<\/p>\n<p>Dopo lo spettacolo sold out allo stadio Franco Scoglio di Messina, <a data-intcmp=\"skytg24_foglia articolo_interlink_text\" href=\"https:\/\/tg24.sky.it\/spettacolo\/musica\/2026\/06\/14\/geolier-concerto-milano-san-siro\" rel=\"nofollow noopener\" target=\"_blank\">il rapper<\/a> concluder\u00e0 la grande tourn\u00e9e negli stadi con gli appuntamenti live in programma a Napoli. <strong>Venerd\u00ec 26, sabato 27 e domenica 28 giugno<\/strong> l\u2019artista calcher\u00e0 il palco dello <strong>stadio Diego Armando Maradona<\/strong>, questo l\u2019indirizzo: piazzale Vincenzo Tecchio, 80125, Napoli. Stando a quanto comunicato dal sito di <a data-intcmp-qp=\"skytg24_foglia articolo_interlink_text\" href=\"https:\/\/www.ticketone.it\/event\/geolier-stadi-2026-stadio-armando-maradona-20238176\/\" rel=\"nofollow noopener\" target=\"_blank\">Ticketone<\/a>, i tre spettacoli avranno inizio alle <strong>ore 21.00<\/strong>. Al momento la voce di Fotografia non ha rilasciato dichiarazioni ufficiali sulle possibili scalette dei concerti, attesi i suoi grandi successi e le canzoni tratte dall\u2019ultimo album Tutto \u00e8 possibile, distribuito nel gennaio di quest\u2019anno. Questi i brani eseguiti sabato 13 giugno al concerto allo stadio San Siro di Milano:<\/p>\n<p>\u00a0<\/p>\n<p>INTRO<\/p>\n<p>EL PIBE DE ORO<\/p>\n<p>NU PARL, NU SENT, NU VEC<\/p>\n<p>081<\/p>\n<p>ME VULEV FA RUOSS<\/p>\n<p>SCUMPAR<\/p>\n<p>\u00a0<\/p>\n<p><strong>SIGILLO PROMESSA<\/strong><\/p>\n<p>CAPO<\/p>\n<p>1H<\/p>\n<p>SI STAT\u2019 TU<\/p>\n<p>SO FLY<\/p>\n<p>2 SECONDI<\/p>\n<p>CHE SOLE OGGI<\/p>\n<p>MONEY<\/p>\n<p>L\u2019ULTIMA POESIA<\/p>\n<p>(MEDLEY) X CASO<\/p>\n<p>(MEDLEY) M\u2019 MANC<\/p>\n<p>(MEDLEY) 2 GIORNI DI FILA<\/p>\n<p>\u00a0<\/p>\n<p><strong>SIGILLO SANGUE<\/strong><\/p>\n<p>STELLE<\/p>\n<p>NAPO****NO<\/p>\n<p>MAI PER SEMPRE<\/p>\n<p>PER SEMPRE<\/p>\n<p>CHIAGNE feat. LAZZA<\/p>\n<p>MONCLER<\/p>\n<p>FOTOGRAFIA<\/p>\n<p>EPISODIO D\u2019AMORE<\/p>\n<p>(MEDLEY) VOGL SUL A TE<\/p>\n<p>(MEDLEY) NA CATENA<\/p>\n<p>\u00a0<\/p>\n<p><strong>SIGILLO RISCATTO<\/strong><\/p>\n<p>BAD BAD BAD feat. SHIVA<\/p>\n<p>NARCOS<\/p>\n<p>OL\u00c8 feat. KID YUGI<\/p>\n<p>AMO MA CHI T SAP feat. MV KILLA<\/p>\n<p>CADILLAC feat. MV KILLA<\/p>\n<p>FACIL FACIL<\/p>\n<p>UN RICCO E UN POVERO<\/p>\n<p>CANZONE D\u2019AMORE<\/p>\n<p>IL MALE CHE MI FAI<\/p>\n<p>CAMPIONI IN ITALIA<\/p>\n<p>P SECONDIGLIANO<\/p>\n<p>TUTTO \u00c8 POSSIBILE<\/p>\n<p>SONNAMBULO<\/p>\n<p>I P\u2019 ME, TU P\u2019 TE<\/p>\n<p>\u00a0<\/p>\n<p><strong>SIGILLO GLORIA<\/strong><\/p>\n<p>FINCH\u00c9 NON SI MUORE<\/p>\n<p>COME VUOI<\/p>\n<p>A NAPOLI NON PIOVE<\/p>\n<p>GIVE YOU MY LOVE<\/p>\n<p>\t\t\t<a class=\"c-inline-card j-inline-card c-inline-card--with-image\" href=\"https:\/\/tg24.sky.it\/spettacolo\/musica\/2026\/06\/14\/geolier-concerto-milano-san-siro\" rel=\"follow nofollow noopener\" data-intcmp=\"skytg24_articolo_approfondimenti_inline\" target=\"_blank\"><\/p>\n<p>\t\t\t         <img decoding=\"async\" crossorigin=\"anonymous\" alt=\"\" src=\"https:\/\/www.europesays.com\/it\/wp-content\/uploads\/2026\/06\/03-crediti-foto-ciro-di-bello.jpg\"  loading=\"lazy\"  bad-src=\"https:\/\/www.europesays.com\/it\/wp-content\/uploads\/2026\/06\/03-crediti-foto-ciro-di-bello.jpg\"\/><\/p>\n<p>\n\t\t\t         Approfondimento<br \/>\n\t\t\t         Geolier vola su San Siro: \u201cLa divisione tra Nord e Sud non esiste\u201d\n\t\t\t      <\/p>\n<p>\t\t\t<\/a><\/p>\n<p>Dopo la conclusione della tourn\u00e9e negli stadi, <a data-intcmp=\"skytg24_foglia articolo_interlink_text\" href=\"https:\/\/tg24.sky.it\/spettacolo\/musica\/approfondimenti\/geolier-chi-e\" rel=\"nofollow noopener\" target=\"_blank\">il rapper<\/a> sar\u00e0 protagonista del tour estivo in programma sui palchi di alcuni festival. Dopo la partenza del 2 febbraio alla Visarno Arena di <strong>Firenze<\/strong>, l\u2019artista (<strong><a data-intcmp=\"skytg24_foglia articolo_interlink_text\" href=\"https:\/\/tg24.sky.it\/spettacolo\/musica\/approfondimenti\/geolier-chi-e\" rel=\"nofollow noopener\" target=\"_blank\">FOTO<\/a><\/strong>) proseguir\u00e0 con gli appuntamenti in scena nelle citt\u00e0 di\u00a0<strong>Bari<\/strong>, <strong>Riccione<\/strong> e <strong>Santa Maria del Cedro<\/strong>. Questo il calendario completo con tutti i dettagli degli spettacoli:<\/p>\n<ul>\n<li>2 luglio, Firenze &#8211; Ippodromo del Visarno<\/li>\n<li>4 luglio, Bari &#8211; Oversound Music Festival<\/li>\n<li>11 luglio, Riccione &#8211; Piazzale Roma<\/li>\n<li>23 agosto, Santa Maria del Cedro &#8211; Arena dei Cedri<\/li>\n<\/ul>\n<p>\t\t\t<a class=\"c-inline-card j-inline-card c-inline-card--with-image\" href=\"https:\/\/tg24.sky.it\/spettacolo\/musica\/2026\/06\/05\/geolier-autorita\" rel=\"follow nofollow noopener\" data-intcmp=\"skytg24_articolo_approfondimenti_inline\" target=\"_blank\"><\/p>\n<p>\t\t\t         <img decoding=\"async\" crossorigin=\"anonymous\" alt=\"\" src=\"https:\/\/www.europesays.com\/it\/wp-content\/uploads\/2026\/06\/1781283735_799_82-geolier-getty.jpg\"  loading=\"lazy\"  bad-src=\"https:\/\/www.europesays.com\/it\/wp-content\/uploads\/2026\/06\/1781283735_799_82-geolier-getty.jpg\"\/><\/p>\n<p>\n\t\t\t         Approfondimento<br \/>\n\t\t\t         Geolier, \u00e8 uscito il nuovo singolo Autorit\u00e0\n\t\t\t      <\/p>\n<p>\t\t\t<\/a><\/p>\n","protected":false},"excerpt":{"rendered":"Triplo appuntamento a Napoli. Il 26, 27 e 28 giugno Geolier sar\u00e0 in concerto allo stadio Diego Armando&hellip;\n","protected":false},"author":3,"featured_media":553942,"comment_status":"","ping_status":"","sticky":false,"template":"","format":"standard","meta":{"footnotes":"","_share_on_mastodon":"0"},"categories":[1443],"tags":[2943,203,9630,204,1537,90,89,1538,1539],"class_list":["post-553941","post","type-post","status-publish","format-standard","has-post-thumbnail","category-musica","tag-concerti","tag-entertainment","tag-geolier","tag-intrattenimento","tag-it","tag-italia","tag-italy","tag-music","tag-musica"],"share_on_mastodon":{"url":"https:\/\/pubeurope.com\/@it\/116804904551717144","error":""},"_links":{"self":[{"href":"https:\/\/www.europesays.com\/it\/wp-json\/wp\/v2\/posts\/553941","targetHints":{"allow":["GET"]}}],"collection":[{"href":"https:\/\/www.europesays.com\/it\/wp-json\/wp\/v2\/posts"}],"about":[{"href":"https:\/\/www.europesays.com\/it\/wp-json\/wp\/v2\/types\/post"}],"author":[{"embeddable":true,"href":"https:\/\/www.europesays.com\/it\/wp-json\/wp\/v2\/users\/3"}],"replies":[{"embeddable":true,"href":"https:\/\/www.europesays.com\/it\/wp-json\/wp\/v2\/comments?post=553941"}],"version-history":[{"count":0,"href":"https:\/\/www.europesays.com\/it\/wp-json\/wp\/v2\/posts\/553941\/revisions"}],"wp:featuredmedia":[{"embeddable":true,"href":"https:\/\/www.europesays.com\/it\/wp-json\/wp\/v2\/media\/553942"}],"wp:attachment":[{"href":"https:\/\/www.europesays.com\/it\/wp-json\/wp\/v2\/media?parent=553941"}],"wp:term":[{"taxonomy":"category","embeddable":true,"href":"https:\/\/www.europesays.com\/it\/wp-json\/wp\/v2\/categories?post=553941"},{"taxonomy":"post_tag","embeddable":true,"href":"https:\/\/www.europesays.com\/it\/wp-json\/wp\/v2\/tags?post=553941"}],"curies":[{"name":"wp","href":"https:\/\/api.w.org\/{rel}","templated":true}]}}