{"id":554023,"date":"2026-06-24T12:43:15","date_gmt":"2026-06-24T12:43:15","guid":{"rendered":"https:\/\/www.europesays.com\/it\/554023\/"},"modified":"2026-06-24T12:43:15","modified_gmt":"2026-06-24T12:43:15","slug":"giorgetti-dice-no-al-voto-in-aprile-sul-deficit-possibili-novita-positive-la-verita","status":"publish","type":"post","link":"https:\/\/www.europesays.com\/it\/554023\/","title":{"rendered":"Giorgetti dice no al voto in aprile: \u00abSul deficit possibili novit\u00e0 positive\u00bb &#8211; La Verit\u00e0"},"content":{"rendered":"<ol>\n<li><a href=\"https:\/\/news.google.com\/rss\/articles\/CBMickFVX3lxTFBMcTFNTVdkelp3UzBTaVFBdDZwT0dmREoxYldGMDU3cE1wREtZZTU3LURpQ2Z2MlhobDNSX01JTEJFSHREV0NVUl9OLWdTZXFZdHpVZHBzQWNZTWx2ZDJoVGRrR1JqS3V5VXp2VWFtSFdnZw?oc=5\" target=\"_blank\" rel=\"nofollow noopener\">Giorgetti dice no al voto in aprile: \u00abSul deficit possibili novit\u00e0 positive\u00bb<\/a>&nbsp;&nbsp;La Verit\u00e0<\/li>\n<li><a href=\"https:\/\/news.google.com\/rss\/articles\/CBMi8wFBVV95cUxPWEtqWW9vZWZhUWt6OEg3T0plWDBqOVFwdE5LWlBkc3VYNmVvbGF4TWNMaTk3R1JULWMxMTJrYy1wUEdFeVF5VENfYlpmNHRfY09BLVA1cExTanN2T29oelhySy1mV3d1UW1QSTJkZFJvSm9iSHlDbEVIdjBCM29uS2Z6SXJqblpFNEpOcmhFTmJ4cnZKdk9kZ3pGVnUxUllhd3VmbzBwaFFJM1k4eXl5NkRZNWh2a2dpVmRnelZSbzFYZml4cnBEMTRJWC1GREQ1Zk1tajBianJuQURUbXBCTGhrSnJfN2xGYnhZeEV1WTBrTXPSAfgBQVVfeXFMT1lXTTlCMEJsZlRSUS1XaDJ2OWRpUy13OUdGSnI3bkdxUnNUMVY2QVFkNkR3b2h0UUFlOE1NMHF3UjJCTGx5QWNoNnZHejFtdGFYTXJwR3VHYzBOVUJGeHlpbWFzUTdqRi0tNXFpNXc5MVA4Mlphd29lWHBrSjB0VmVYY0RXLWpYN3dDUkV4QkZyU09iOElEeXhtNldtcEQtVld6ZEl1UVN0dktTS0xPbWxrMXZMc0M4MFhJM3VEMW45bnVodnVXR29Zb2treU4tRGNRVEN2UVJPbUtpZmpxTzBWdHhEUzZBVk1hNVhDSEVicTZ5bmZDUkc?oc=5\" target=\"_blank\" rel=\"nofollow noopener\">Stop di Giorgetti al voto anticipato ad aprile: prima l&#8217;Autonomia. E sulla Lega: \u00abSiamo effervescenti\u00bb<\/a>&nbsp;&nbsp;Corriere della Sera<\/li>\n<li><a href=\"https:\/\/news.google.com\/rss\/articles\/CBMizwFBVV95cUxQYjFnSmt0c0NCclNHWXdZdERramxlMGJieEl5YXhrUGhqQkV2Ymk3VGhzaGxxNllWOEp4QmNkdC1TQnRTUWV6NGdBOW9ZVFFiN2VJbjJNRXJjQ3pTX1Iyck52d28xRGFvenU5eXgybzdtOHAwNU0zQUlPazhxSXBXd2Z4TG1POWxWdHpnaDJ3WWs1dElDMVNIdk9jaFdzcThRMlBTaWRzbEI2MjZJc1dzY3FIR3Y4enlBUVgtYWo4ZkJXTXF1eUdVODRQdFAwNVnSAdQBQVVfeXFMTWV6NHZhWnEtU0pqcEk2RFp4LWM4bTZLQ3dmR2xQOS1VQV9yTTRFRW1fcXQ0UG55WlRuQ09xNXczX0x2Yi1aTHVTQzJYRzJsU01UMi13RXFmX01qbmtIUEJ6MmNCSnNDUUxTYlpQTE4zOHdZVTBBRWFHSEppcUVxbDJmYWlkbERybUFuX2lFMDVrMTBlbFg4NXBnUTk0RXNuRnhyM2tNaUUxaXdyd2FFWVhFM2dhc0J0cno4SHVnZEdTV1VRZTF6cFpZb3hSSXYwX0pxVDg?oc=5\" target=\"_blank\" rel=\"nofollow noopener\">Armi, consenso in calo e avversari. Si rafforza l\u2019ipotesi del voto anticipato<\/a>&nbsp;&nbsp;La Stampa<\/li>\n<li><a href=\"https:\/\/news.google.com\/rss\/articles\/CBMiqwFBVV95cUxPV2hFV0dORGRscUpuUi0zQmFRZnJ6SHVORDBZd2REdlBKVHZGTFpMbFZ4ZGMzalVjdzJhZnF5VWdnOGtrLUoxV2QxRm9jSklaYUlTaHpQekd3a2IxSk5NNTJsLVJIQVRWam1SWXdKdXYzZzU3eDlOSExlMllKODB2QnM3b3hybWxVOE83anQwWkxRRXlMaGFVUXFlNzE0N1cyUGNFNFhmc042YWvSAbABQVVfeXFMT3doc09IdjFpNDVKOG9OTmpOZVRKdVZHeHREb0NzZjB6aXNoSlpRU2VPejNUU2xyZmNPeHppTHJLeTJ3a3FwdnMzdzEybzFXazRDVWZHLXlPSERwSTVnMnRQUVk0MUlFNV9weVRnbmw1SzFfUEUtUnBnaTBFcktIYVNRcl9JVWh3X0s1b0FZS1Vnb0NiZXB5dFM3SzJtLWs0bkJBXzRuZVo4djRNZW5jZGQ?oc=5\" target=\"_blank\" rel=\"nofollow noopener\">Giorgetti: \u201cVotare ad aprile? No, prima c\u2019\u00e8 l\u2019autonomia\u201d<\/a>&nbsp;&nbsp;la Repubblica<\/li>\n<li><a href=\"https:\/\/news.google.com\/rss\/articles\/CBMirAFBVV95cUxOUjY1MFY0bXlsc0RjOVV0OUE3dXlOdDcwMjk2amJtaEt0aEZmWFRNOWNROF9PeGZMc2NMSUw1YVRNczJINTJhdHhUcDlYTkhyT1ZhZVB3OGhZVi1NaDJibTBCekRjSUYyRnBUTHExVU1LR2VsZVZvOGdUNVRiOFliY1F5Y2p1dVNGakpULVJFMlhvOFE0YlpfM2F2MkVZbEF2SzBmemdaLS16SEhh?oc=5\" target=\"_blank\" rel=\"nofollow noopener\">Un segnale per Meloni Per Giorgetti il voto pu\u00f2 aspettare, la priorit\u00e0 \u00e8 l\u2019autonomia differenziata<\/a>&nbsp;&nbsp;Linkiesta.it<\/li>\n<\/ol>\n","protected":false},"excerpt":{"rendered":"Giorgetti dice no al voto in aprile: \u00abSul deficit possibili novit\u00e0 positive\u00bb&nbsp;&nbsp;La Verit\u00e0 Stop di Giorgetti al voto&hellip;\n","protected":false},"author":3,"featured_media":554024,"comment_status":"","ping_status":"","sticky":false,"template":"","format":"standard","meta":{"footnotes":"","_share_on_mastodon":"0"},"categories":[79],"tags":[14,93,94,16934,32233,1537,90,89,7,15,11,84,91,12,85,92,2424],"class_list":["post-554023","post","type-post","status-publish","format-standard","has-post-thumbnail","category-italia","tag-cronaca","tag-cronaca-italiana","tag-cronacaitaliana","tag-deficit","tag-giorgetti","tag-it","tag-italia","tag-italy","tag-news","tag-notizie","tag-ultime-notizie","tag-ultime-notizie-e-news-di-oggi","tag-ultime-notizie-italia","tag-ultimenotizie","tag-ultimenotizieenewsdioggi","tag-ultimenotizieitalia","tag-voto"],"share_on_mastodon":{"url":"https:\/\/pubeurope.com\/@it\/116805148668702892","error":""},"_links":{"self":[{"href":"https:\/\/www.europesays.com\/it\/wp-json\/wp\/v2\/posts\/554023","targetHints":{"allow":["GET"]}}],"collection":[{"href":"https:\/\/www.europesays.com\/it\/wp-json\/wp\/v2\/posts"}],"about":[{"href":"https:\/\/www.europesays.com\/it\/wp-json\/wp\/v2\/types\/post"}],"author":[{"embeddable":true,"href":"https:\/\/www.europesays.com\/it\/wp-json\/wp\/v2\/users\/3"}],"replies":[{"embeddable":true,"href":"https:\/\/www.europesays.com\/it\/wp-json\/wp\/v2\/comments?post=554023"}],"version-history":[{"count":0,"href":"https:\/\/www.europesays.com\/it\/wp-json\/wp\/v2\/posts\/554023\/revisions"}],"wp:featuredmedia":[{"embeddable":true,"href":"https:\/\/www.europesays.com\/it\/wp-json\/wp\/v2\/media\/554024"}],"wp:attachment":[{"href":"https:\/\/www.europesays.com\/it\/wp-json\/wp\/v2\/media?parent=554023"}],"wp:term":[{"taxonomy":"category","embeddable":true,"href":"https:\/\/www.europesays.com\/it\/wp-json\/wp\/v2\/categories?post=554023"},{"taxonomy":"post_tag","embeddable":true,"href":"https:\/\/www.europesays.com\/it\/wp-json\/wp\/v2\/tags?post=554023"}],"curies":[{"name":"wp","href":"https:\/\/api.w.org\/{rel}","templated":true}]}}