{"id":554070,"date":"2026-06-24T13:24:13","date_gmt":"2026-06-24T13:24:13","guid":{"rendered":"https:\/\/www.europesays.com\/it\/554070\/"},"modified":"2026-06-24T13:24:13","modified_gmt":"2026-06-24T13:24:13","slug":"lazio-su-zaniolo-la-lite-con-zaccagni-e-la-ex-chiara-nasti","status":"publish","type":"post","link":"https:\/\/www.europesays.com\/it\/554070\/","title":{"rendered":"Lazio su Zaniolo: la lite con Zaccagni e la ex Chiara Nasti"},"content":{"rendered":"<p>                                Il fantasista ex Roma piace a Gattuso: in biancoceleste troverebbe Mattia, che ha sposato la sua ex, Chiara Nasti, non senza battute al vetriolo sul figlio della coppia e altre bassezze&#8230;\u00a0<\/p>\n<p class=\"paragraph\" spellcheck=\"true\">Lo avevano chiamato, in modo non proprio signorile, &#8220;gamberetto gate&#8221;, un mix di gossip e body shaming. Protagonisti, pi\u00f9 meno involontari, Niccol\u00f2 Zaniolo, Mattia Zaccagni e &#8211; nel mezzo &#8211; Chiara Nasti. Ora che la Lazio pare interessata al fantasista dell&#8217;Udinese, se l&#8217;affare andasse in porto, si andrebbe a formare in biancoceleste una coppia che potremmo definire &#8211; eufemismo &#8211; scomoda. I trascorsi tra i due non sono infatti esattamente da Libro Cuore, insomma, decisamente pi\u00f9 Ibrahimovic-Lalas negli studi della Fox per il Mondiale che Mancini-Vialli.<\/p>\n<p>    trascorsi\u2014 \u00a0<\/p>\n<p class=\"paragraph is-inline\" spellcheck=\"true\">Rewind the clock, come dicono gli americani, facciamo tornare indietro le lancette dell&#8217;orologio. Zaniolo veste la maglia della Roma (altro piccolo particolare da sottolineare in caso di trasferimento all&#8217;altra squadra della Capitale, anche se non sarebbe n\u00e9 il primo n\u00e9 l&#8217;ultimo, da Mihajlovic a Peruzzi, da Pedro a Ciccio Cordova e Lionello Manfredonia, andando indietro nel tempo) e sta con Chiara Nasti, professione influencer. Tutto rose e fiori sino all&#8217;aprile 2021, quando si lasciano. E vabb\u00e8, cose che capitano nelle migliori famiglie. Un diamante \u00e8 per sempre, ma anche se lo metti al dito dell&#8217;amata &#8211; e non era questo il caso &#8211; pu\u00f2 sempre essere sfilato (sull&#8217;eventuale restituzione al compratore si esprimono gli avvocati).\u00a0<\/p>\n<p><a class=\"is-partner-link\" href=\"https:\/\/abbonamenti.gazzetta.it\/de-promo-mondiali\/?pwcmp=cta&amp;forceBrowser=true\" rel=\"nofollow noopener\" target=\"_blank\">Gazzetta Mondiale: ogni notte un\u2019edizione straordinaria esclusiva. Non perdertela, abbonati a 1\u20ac\/mese!<\/a><\/p>\n<p>    figlio\u2014 \u00a0<\/p>\n<p class=\"paragraph is-inline\" spellcheck=\"true\">Puntata successiva. Come \u00e8 normale che sia, la bella Chiara trova un altro compagno, cambiando maglia ma restando nella Capitale. Si mette col laziale Zaccagni, col quale poi convoler\u00e0 a nozze nella Basilica di Santa Maria in Ara Coeli a Roma, la stessa chiesa in cui si sposarono Francesco Totti e Ilary Blasi (riferimento del tutto casuale, lunga vita all&#8217;amore della coppia, ci mancherebbe). E vabb\u00e8, al cuore non si comanda. Ma se di mezzo ci sono i social, un&#8217;influencer da due milioni di follower, un bimbo in arrivo e i cori dei tifosi che ne mettono in dubbio la paternit\u00e0, la vicenda s&#8217;inasprisce, assume toni e contorni decisamente spiacevoli. E Nasti contribuisce con un tocco non proprio di classe, replicando cos\u00ec ai &#8220;leoni da tastiera&#8221; come ormai vengono comunemente definiti i cafoni social: &#8220;Mmmm che con quel gamberetto non si sa come gi\u00e0 ne abbia avuto uno. Siete tutti sfigati e fate anche schifo&#8221; le testuali parole di un post. Come diceva il mitico Will Ferrell nel film\u00a0 &#8220;La leggenda di Ron Burgundy&#8221;, &#8220;You stay classy, San Diego&#8221;.\u00a0Pare comunque che i due azzurri abbiano gi\u00e0 sotterrato l&#8217;ascia di guerra, o fumato il calumet della pace, fate vobis, nel 2022 a Coverciano. Anche se la convivenza dur\u00f2 solo 24 ore perch\u00e9 Zaniolo lasci\u00f2 il ritiro per una microfrattura a una caviglia. Ci sar\u00e0 anche la Pax Romana in caso di reunion ch\u00e9z Lotito? Al mercato l&#8217;ardua sentenza.<\/p>\n<p class=\"is-copyright\">\u00a9 RIPRODUZIONE RISERVATA<\/p>\n","protected":false},"excerpt":{"rendered":"Il fantasista ex Roma piace a Gattuso: in biancoceleste troverebbe Mattia, che ha sposato la sua ex, Chiara&hellip;\n","protected":false},"author":3,"featured_media":554071,"comment_status":"","ping_status":"","sticky":false,"template":"","format":"standard","meta":{"footnotes":"","_share_on_mastodon":"0"},"categories":[1452],"tags":[735,305416,305417,2537,21458,721,392,40,33944,2235,26675,6036,16684,42334,30422,2716,1740,170427,305415,30043,52,2734,1537,90,89,5188,2219,5637,164874,1354,13278,987,52384,1739,1686,245,244,62546,113388,13789,60374],"class_list":["post-554070","post","type-post","status-publish","format-standard","has-post-thumbnail","category-calcio","tag-affare","tag-affare-andasse","tag-affare-andasse-porto","tag-altra","tag-biancoceleste","tag-calcio","tag-capitale","tag-chiara","tag-chiara-nasti","tag-coppia","tag-cori","tag-cuore","tag-decisamente","tag-fantasista","tag-fate","tag-figlio","tag-football","tag-gamberetto","tag-gamberetto-gate","tag-gate","tag-indietro","tag-influencer","tag-it","tag-italia","tag-italy","tag-lazio","tag-maglia","tag-mattia","tag-nasti","tag-ne","tag-pare","tag-roma","tag-scomoda","tag-soccer","tag-social","tag-sport","tag-sports","tag-trascorsi","tag-vabbe","tag-zaccagni","tag-zaniolo"],"share_on_mastodon":{"url":"https:\/\/pubeurope.com\/@it\/116805308692442100","error":""},"_links":{"self":[{"href":"https:\/\/www.europesays.com\/it\/wp-json\/wp\/v2\/posts\/554070","targetHints":{"allow":["GET"]}}],"collection":[{"href":"https:\/\/www.europesays.com\/it\/wp-json\/wp\/v2\/posts"}],"about":[{"href":"https:\/\/www.europesays.com\/it\/wp-json\/wp\/v2\/types\/post"}],"author":[{"embeddable":true,"href":"https:\/\/www.europesays.com\/it\/wp-json\/wp\/v2\/users\/3"}],"replies":[{"embeddable":true,"href":"https:\/\/www.europesays.com\/it\/wp-json\/wp\/v2\/comments?post=554070"}],"version-history":[{"count":0,"href":"https:\/\/www.europesays.com\/it\/wp-json\/wp\/v2\/posts\/554070\/revisions"}],"wp:featuredmedia":[{"embeddable":true,"href":"https:\/\/www.europesays.com\/it\/wp-json\/wp\/v2\/media\/554071"}],"wp:attachment":[{"href":"https:\/\/www.europesays.com\/it\/wp-json\/wp\/v2\/media?parent=554070"}],"wp:term":[{"taxonomy":"category","embeddable":true,"href":"https:\/\/www.europesays.com\/it\/wp-json\/wp\/v2\/categories?post=554070"},{"taxonomy":"post_tag","embeddable":true,"href":"https:\/\/www.europesays.com\/it\/wp-json\/wp\/v2\/tags?post=554070"}],"curies":[{"name":"wp","href":"https:\/\/api.w.org\/{rel}","templated":true}]}}