{"id":554145,"date":"2026-06-24T14:29:15","date_gmt":"2026-06-24T14:29:15","guid":{"rendered":"https:\/\/www.europesays.com\/it\/554145\/"},"modified":"2026-06-24T14:29:15","modified_gmt":"2026-06-24T14:29:15","slug":"bonus-500-euro-del-decreto-coesione-come-si-possono-spendere-davvero-le-somme","status":"publish","type":"post","link":"https:\/\/www.europesays.com\/it\/554145\/","title":{"rendered":"Bonus 500 euro del decreto Coesione, come si possono spendere davvero le somme"},"content":{"rendered":"<p>Sono arrivati i primi contributi, il che porta con s\u00e9 anche i primi dubbi. Chi ha ottenuto i <strong>500 euro<\/strong> al mese (per 36 mesi) del <strong>decreto Coesione<\/strong> si chiede ora come possa effettivamente spendere quelle somme.<\/p>\n<p>Sappiamo che per avere l\u2019accredito occorre aver avviato un\u2019attivit\u00e0 nei <strong>settori strategici<\/strong>, ma online circolano delle interpretazioni non proprio esatte sulle modalit\u00e0 di spesa. Chiariamo un punto: quei 500 euro non possono essere spesi per le prossime vacanze estive.<\/p>\n<p>\u00c8 una somma con un obiettivo preciso, fissato nella norma. Devono aiutare il soggetto a sostenere l\u2019avvio dell\u2019<strong>attivit\u00e0 imprenditoriale<\/strong>. \u00c8 importante rispettare queste regole e poter dimostrare tutto in caso di controlli, cos\u00ec da non incorrere in problemi. A fare chiarezza \u00e8 proprio il <strong>Ministero del Lavoro<\/strong>, che ha fornito un elenco indicativo delle spese ammissibili per i titolari di partita Iva beneficiari.\n<\/p>\n<p>Cos\u2019\u00e8 l\u2019incentivo del decreto Coesione<\/p>\n<p>La misura si concretizza in un contributo di 500 euro mensili per un totale di 36 mesi. Il tutto gestito dall\u2019Inps e rivolto ai <strong>giovani under 35<\/strong> disoccupati che avviano un\u2019attivit\u00e0 imprenditoriale o <a href=\"https:\/\/quifinanza.it\/mercato-immobiliare\/affitti-brevi-attivita-impresa-sentenza-maggio-2026\/994435\/\" rel=\"nofollow noopener\" target=\"_blank\">libero-professionale<\/a> (in settori considerati strategici).<\/p>\n<p>Non importi simbolici, bens\u00ec un sostegno reale che, nell\u2019arco di tre anni, pu\u00f2 fare la differenza nella fase pi\u00f9 delicata, quella dell\u2019avvio. Proprio per questo la destinazione delle somme \u00e8 vincolata alle esigenze del business, e non lasciata alla libera scelta del beneficiario.<\/p>\n<p>Come si possono spendere i 500 euro<\/p>\n<p>Il principio base \u00e8 uno. La spesa dev\u2019essere inerente e, dunque, utile all\u2019attivit\u00e0 in questione. All\u2019interno di questo perimetro, il Ministero indica diverse <strong>categorie ammissibili<\/strong>:<\/p>\n<ul>\n<li>immobilizzazioni materiali, come arredi, macchinari, impianti e tutto ci\u00f2 che serve per avviare l\u2019attivit\u00e0;<\/li>\n<li>immobilizzazioni immateriali, come brevetti e marchi;<\/li>\n<li>spese di gestione, tra cui i canoni d\u2019affitto dei locali in cui si svolge l\u2019attivit\u00e0.<\/li>\n<\/ul>\n<p>Il punto pi\u00f9 frainteso \u00e8 proprio questo. I <a href=\"https:\/\/quifinanza.it\/fisco-tasse\/bonus-fiscali\/bonus-giovani-500-euro-decreto-coesione-riesame\/997850\/\" rel=\"nofollow noopener\" target=\"_blank\">500 euro<\/a> non sono un\u2019entrata da utilizzare liberamente per <strong>consumi privati<\/strong>. Usarli per una cena, un viaggio o spese personali non \u00e8 consentito, perch\u00e9 tradirebbe l\u2019obiettivo finale della misura, che \u00e8 il sostegno all\u2019avvio dell\u2019impresa.<\/p>\n<p>Un errore su questo fronte pu\u00f2 tradursi in contestazioni e nella richiesta di <strong>restituzione delle somme<\/strong>. \u00c8 dunque fondamentale documentare con attenzione ogni spesa, dimostrandone il legame con l\u2019attivit\u00e0.<\/p>\n<p>Obbligo pagamenti tracciabili<\/p>\n<p>La modalit\u00e0 di pagamento \u00e8 fondamentale. Cos\u00ec come in molti ambiti fiscali, \u00e8 fondamentale sfruttare <strong>strumenti tracciabili<\/strong>. Niente contanti, dunque:<\/p>\n<ul>\n<li>bonifici;<\/li>\n<li>carte;<\/li>\n<li>altri mezzi che lascino traccia dell\u2019operazione.<\/li>\n<\/ul>\n<p>In attesa di eventuali ulteriori chiarimenti da parte dell\u2019Inps, il consiglio per i beneficiari \u00e8 semplice: spendere il contributo solo per ci\u00f2 che serve davvero all\u2019attivit\u00e0 e conservare tutta la documentazione. Solo cos\u00ec i 500 euro al mese diventano un <strong>supporto reale<\/strong> e non un problema enorme in fase di controllo.<\/p>\n","protected":false},"excerpt":{"rendered":"Sono arrivati i primi contributi, il che porta con s\u00e9 anche i primi dubbi. Chi ha ottenuto i&hellip;\n","protected":false},"author":3,"featured_media":554146,"comment_status":"","ping_status":"","sticky":false,"template":"","format":"standard","meta":{"footnotes":"","_share_on_mastodon":"0"},"categories":[172],"tags":[178,15803,177,1537,90,89,32919],"class_list":["post-554145","post","type-post","status-publish","format-standard","has-post-thumbnail","category-affari","tag-affari","tag-bonus-fiscali","tag-business","tag-it","tag-italia","tag-italy","tag-tasse-e-contributi"],"share_on_mastodon":{"url":"https:\/\/pubeurope.com\/@it\/116805564166025171","error":""},"_links":{"self":[{"href":"https:\/\/www.europesays.com\/it\/wp-json\/wp\/v2\/posts\/554145","targetHints":{"allow":["GET"]}}],"collection":[{"href":"https:\/\/www.europesays.com\/it\/wp-json\/wp\/v2\/posts"}],"about":[{"href":"https:\/\/www.europesays.com\/it\/wp-json\/wp\/v2\/types\/post"}],"author":[{"embeddable":true,"href":"https:\/\/www.europesays.com\/it\/wp-json\/wp\/v2\/users\/3"}],"replies":[{"embeddable":true,"href":"https:\/\/www.europesays.com\/it\/wp-json\/wp\/v2\/comments?post=554145"}],"version-history":[{"count":0,"href":"https:\/\/www.europesays.com\/it\/wp-json\/wp\/v2\/posts\/554145\/revisions"}],"wp:featuredmedia":[{"embeddable":true,"href":"https:\/\/www.europesays.com\/it\/wp-json\/wp\/v2\/media\/554146"}],"wp:attachment":[{"href":"https:\/\/www.europesays.com\/it\/wp-json\/wp\/v2\/media?parent=554145"}],"wp:term":[{"taxonomy":"category","embeddable":true,"href":"https:\/\/www.europesays.com\/it\/wp-json\/wp\/v2\/categories?post=554145"},{"taxonomy":"post_tag","embeddable":true,"href":"https:\/\/www.europesays.com\/it\/wp-json\/wp\/v2\/tags?post=554145"}],"curies":[{"name":"wp","href":"https:\/\/api.w.org\/{rel}","templated":true}]}}