{"id":554162,"date":"2026-06-24T14:45:16","date_gmt":"2026-06-24T14:45:16","guid":{"rendered":"https:\/\/www.europesays.com\/it\/554162\/"},"modified":"2026-06-24T14:45:16","modified_gmt":"2026-06-24T14:45:16","slug":"leao-resta-al-milan-le-parole-al-mondiale-su-amorim","status":"publish","type":"post","link":"https:\/\/www.europesays.com\/it\/554162\/","title":{"rendered":"Leao resta al Milan? Le parole al Mondiale su Amorim"},"content":{"rendered":"<p>                                Rafa \u00e8 tornato a parlare del suo futuro dopo il gol all&#8217;Uzbekistan, e molti hanno interpretato le sue dichiarazioni come uno spiraglio per restare in rossonero. Ma&#8230;<\/p>\n<p class=\"paragraph\" spellcheck=\"true\">Sono arrivati anche i complimenti di Ibra, suo vecchio mentore disilluso (a un certo punto aveva rinunciato, per sfinimento, a fargli da tutor): &#8220;Sono veramente contento per il gol di Leao. Quando gioca e performa a questi livelli, per me \u00e8 uno dei migliori in assoluto&#8221;. Tanto, il punto \u00e8 sempre e soltanto quello: &#8220;Quando gioca e performa a questi livelli&#8221;. Gi\u00e0. Il sottile confine tra il campione, che garantisce una certa percentuale di prestazioni ad alto livello, e il buon giocatore di talento che s&#8217;accende a intermittenza. Ad ogni modo, il gol all&#8217;Uzbekistan ha l&#8217;effetto &#8211; da non sottovalutare &#8211; di far uscire Rafa dallo sgradevole limbo dell&#8217;astinenza. L&#8217;ultimo gol in nazionale risaliva a un anno e mezzo fa (15 novembre 2024 contro la Polonia in Nations), l&#8217;ultimo in assoluto era quello dell&#8217;1 marzo a Cremona in maglia rossonera. Da l\u00ec in poi per il portoghese era stata una via crucis sempre pi\u00f9 complessa e dolorosa fino allo shock del 31 maggio, quando aveva aperto il vaso di Pandora: &#8220;Penso di avere gi\u00e0 dato tutto quello che avevo nel Milan. Tutti abbiano dei sogni, delle ambizioni: io ambisco ad avere una nuova sfida in un nuovo campionato&#8221;. Era il 31 maggio. Pochi giorni dopo, un altro carico da undici: &#8220;Ho bisogno di una nuova sfida. In Italia il campionato si sta evolvendo, ma per il mio calcio la Premier League o la Liga valorizzerebbero di pi\u00f9 il mio talento e me come giocatore: riuscirei a mettere a confronto il mio talento con giocatori che sono a un livello molto alto.\u00a0Ho giocato infortunato per 4-5 mesi con una pubalgia, in una posizione che non \u00e8 la mia. Il sistema tattico non mi aiutava&#8221;.<\/p>\n<p>        riflessioni\u2014 \u00a0<\/p>\n<p class=\"paragraph\" spellcheck=\"true\">Boom. Rottura completa. Milan incredulo ed entourage del giocatore pure, pi\u00f9 che altro per le tempistiche completamente fuori luogo. Poi, ieri, nel dopogara con l&#8217;Uzbekistan, sono arrivate altre parole. E suonano decisamente meno drastiche: &#8220;Devo festeggiare con la mia famiglia perch\u00e9 questa stagione \u00e8 stata difficile per me, tra infortuni e tante altre cose in mezzo. Anche la stagione con il Milan. Amorim?\u00a0In questo momento devo stare concentrato sul Mondiale. So che \u00e8 un allenatore molto bravo, ha fatto bene in Portogallo, allo United non \u00e8 andata come voleva ma resta un grande allenatore. Decider\u00f2 la mia vita dopo il Mondiale\u201d. E&#8217; una riflessione diversa rispetto a quelle\u00a0tranchant delle scorse settimane. Induce a pensare che Rafa voglia tenersi aperte tutte le porte, anche quella apparentemente chiusa a chiave da un pezzo: restare dov&#8217;\u00e8. Ci sono un paio di carezze al nuovo allenatore, c&#8217;\u00e8 il rimando della decisione al post Mondiale, senza pi\u00f9 entrare nello specifico di un addio sicuro. Della serie: vediamo cosa succede e poi chiss\u00e0.<\/p>\n<p><a class=\"is-partner-link\" href=\"https:\/\/abbonamenti.gazzetta.it\/de-promo-mondiali\/?pwcmp=cta&amp;forceBrowser=true\" rel=\"nofollow noopener\" target=\"_blank\">Gazzetta Mondiale: ogni notte un\u2019edizione straordinaria esclusiva. Non perdertela, abbonati a 1\u20ac\/mese!<\/a><\/p>\n<p>        lodi\u2014 \u00a0<\/p>\n<p class=\"paragraph\" spellcheck=\"true\">Come mai? In modo molto prosaico, pu\u00f2 essere che Leao si stia accorgendo che non c&#8217;\u00e8 esattamente la fila fuori dalla sua porta. Alla quale avevano bussato il Galatasaray e pure il Fenerbah\u00e7e, che poi lo aveva scaricato: &#8220;Lo abbiamo incontrato, ma dopo dieci minuti di chiacchierata abbiamo capito che non sar\u00e0 il nostro nuovo bomber&#8221;. Amen. Altro di concreto, al momento non c&#8217;\u00e8. Lui vorrebbe Inghilterra o Spagna, ma meglio la Premier League \u00e7a va sans dire. Ha tessuto le lodi di club come United e Chelsea, ma questo non \u00e8 garanzia di trasferimento. Ballano una cinquantina di milioni che Rafa deve portare sul tavolo delle trattative. Vedremo se dalla seconda met\u00e0 di luglio in poi cambier\u00e0 qualcosa. Questo gol certamente aiuta a ricordare della sua esistenza, ma rimane comunque un lampo nel buio: il ct Martinez in due partite lo ha sempre fatto partire dalla panchina e gli ha concesso in tutto appena 26 minuti. C&#8217;\u00e8 poi il discorso relativo ad Amorim. Uno di natura tattica: nel 3-4-2-1, dove il tecnico fa giocare molto stretti i trequartisti, Leao avrebbe poco spazio. E nel 3-4-3, dove le punte esterne sono chiamate ad andare dentro il campo, occorrerebbe adattarsi. L&#8217;altro discorso \u00e8 di natura gestionale: Amorim ha sempre messo il gruppo davanti a tutto, non \u00e8 un tecnico portato a gestire pi\u00f9 del dovuto i casi personali e le prime donne. Anzi, proprio per proteggere lo spogliatoio, di solito cerca di liberarsi dei giocatori che tendono ad accentrare troppe attenzioni. Se Rafa alla fine davvero restasse, sarebbe una (ri)partenza tutta in salita.<\/p>\n<p class=\"is-copyright\">\u00a9 RIPRODUZIONE RISERVATA<\/p>\n","protected":false},"excerpt":{"rendered":"Rafa \u00e8 tornato a parlare del suo futuro dopo il gol all&#8217;Uzbekistan, e molti hanno interpretato le sue&hellip;\n","protected":false},"author":3,"featured_media":554163,"comment_status":"","ping_status":"","sticky":false,"template":"","format":"standard","meta":{"footnotes":"","_share_on_mastodon":"0"},"categories":[1452],"tags":[2108,305456,1960,4197,1495,50020,6586,721,1856,1278,1891,25,1740,5360,305451,305452,564,3412,1976,305453,1537,90,89,1980,8007,14707,6110,46798,707,553,3479,1353,17796,273,285265,4979,305454,305455,115,7138,494,1990,14751,3461,1739,245,244,577,3445,3375,5361,19745],"class_list":["post-554162","post","type-post","status-publish","format-standard","has-post-thumbnail","category-calcio","tag-accende","tag-accende-intermittenza","tag-allenatore","tag-alto","tag-altre","tag-amorim","tag-assoluto","tag-calcio","tag-campionato","tag-davvero","tag-devo","tag-discorso","tag-football","tag-gioca","tag-gioca-performa","tag-gioca-performa-livelli","tag-giocatore","tag-giocatori","tag-gol","tag-gol-uzbekistan","tag-it","tag-italia","tag-italy","tag-league","tag-leao","tag-livelli","tag-livello","tag-lodi","tag-maggio","tag-milan","tag-minuti","tag-mondiale","tag-natura","tag-nuova","tag-nuova-sfida","tag-parole","tag-performa","tag-performa-livelli","tag-premier","tag-premier-league","tag-punto","tag-rafa","tag-restare","tag-sfida","tag-soccer","tag-sport","tag-sports","tag-stagione","tag-talento","tag-tecnico","tag-united","tag-uzbekistan"],"share_on_mastodon":{"url":"","error":"Validation failed: Text character limit of 500 exceeded"},"_links":{"self":[{"href":"https:\/\/www.europesays.com\/it\/wp-json\/wp\/v2\/posts\/554162","targetHints":{"allow":["GET"]}}],"collection":[{"href":"https:\/\/www.europesays.com\/it\/wp-json\/wp\/v2\/posts"}],"about":[{"href":"https:\/\/www.europesays.com\/it\/wp-json\/wp\/v2\/types\/post"}],"author":[{"embeddable":true,"href":"https:\/\/www.europesays.com\/it\/wp-json\/wp\/v2\/users\/3"}],"replies":[{"embeddable":true,"href":"https:\/\/www.europesays.com\/it\/wp-json\/wp\/v2\/comments?post=554162"}],"version-history":[{"count":0,"href":"https:\/\/www.europesays.com\/it\/wp-json\/wp\/v2\/posts\/554162\/revisions"}],"wp:featuredmedia":[{"embeddable":true,"href":"https:\/\/www.europesays.com\/it\/wp-json\/wp\/v2\/media\/554163"}],"wp:attachment":[{"href":"https:\/\/www.europesays.com\/it\/wp-json\/wp\/v2\/media?parent=554162"}],"wp:term":[{"taxonomy":"category","embeddable":true,"href":"https:\/\/www.europesays.com\/it\/wp-json\/wp\/v2\/categories?post=554162"},{"taxonomy":"post_tag","embeddable":true,"href":"https:\/\/www.europesays.com\/it\/wp-json\/wp\/v2\/tags?post=554162"}],"curies":[{"name":"wp","href":"https:\/\/api.w.org\/{rel}","templated":true}]}}