{"id":554174,"date":"2026-06-24T14:52:17","date_gmt":"2026-06-24T14:52:17","guid":{"rendered":"https:\/\/www.europesays.com\/it\/554174\/"},"modified":"2026-06-24T14:52:17","modified_gmt":"2026-06-24T14:52:17","slug":"motogp-bagnaia-ducati-e-addio-ufficiale-la-separazione","status":"publish","type":"post","link":"https:\/\/www.europesays.com\/it\/554174\/","title":{"rendered":"MotoGP, Bagnaia-Ducati, \u00e8 addio: ufficiale la separazione"},"content":{"rendered":"<p>                                Pecco lascia il team di Borgo Panigale dopo otto stagioni, i Mondiali vinti nel 2022 e 2023 e uno score di 31 vittorie e 62 podi: andr\u00e0 all&#8217;Aprilia<\/p>\n<p>            <a class=\"image is-50x50\" href=\"https:\/\/www.gazzetta.it\/collaboratori\/giorgio-burreddu\/\" rel=\"nofollow noopener\" target=\"_blank\"><br \/>\n                <img decoding=\"async\" class=\"is-rounded\" src=\"https:\/\/www.europesays.com\/it\/wp-content\/uploads\/2025\/12\/giorgio-burreddu_avatar.png\" alt=\"Giorgio Burreddu\"\/><br \/>\n            <\/a><\/p>\n<p>Collaboratore<\/p>\n<p>                    24 giugno 2026 (modifica alle 14:33)  &#8211; MILANO<\/p>\n<p class=\"paragraph\" spellcheck=\"true\">&#8220;Eri il mio sogno e sei diventata la realt\u00e0 pi\u00f9 bella di sempre&#8221;, ha scritto Pecco Bagnaia. Ma anche i sogni finiscono e adesso lui e la Ducati non fanno pi\u00f9 coppia fissa. L&#8217;annuncio \u00e8 ufficiale. Il messaggio pi\u00f9 bello lo ha scritto lo stesso pilota sui social. Tra amore e malinconia, gioie e successi, Pecco ha scritto che &#8220;quando sono arrivato in MotoGP con la Ducati pensavo di aver gi\u00e0 raggiunto qualcosa di indescrivibile, ma tu mi hai portato a crederci sempre di pi\u00f9&#8221;. Dopo otto stagioni di successi e obiettivi condivisi. Anzi, meglio: 8 anni, 31 vittorie, 63 podi, 28  pole position, 2 volte vicecampioni del Mondo e due titoli mondiali, &#8220;questa \u00e8 la storia che abbiamo scritto ed \u00e8 solo nostra&#8221;, ha scritto ancora Bagnaia. Il campione italiano andr\u00e0 in Aprilia. Anche questa \u00e8 una bella storia. Ma \u00e8 tutta da scrivere. Per ora resta quel che \u00e8 stato. Pecco e la Ducati, il ragazzo cresciuto nel mito di Valentino Rossi e la grande casa di Borgo Panigale. Un binomio che ha portato gioia e allegria. &#8220;Siamo cresciuti insieme, abbiamo attraversato ogni tipo di situazione insieme senza mai mollare, ci siamo sempre spronati a dare il massimo&#8221;.<\/p>\n<p>    il saluto di bagnaia alla ducati\u2014 \u00a0<\/p>\n<p class=\"paragraph is-inline\" spellcheck=\"true\">Quello della Comunit\u00e0 Valenciana sar\u00e0 l&#8217;ultimo GP in cui Pecco vestir\u00e0 in rosso. Nel suo futuro c&#8217;\u00e8 l&#8217;Aprilia del team ufficiale al fianco di Marco Bezzecchi. Al suo posto, al fianco del riconfermato Marc Marquez, arriver\u00e0 Pedro Acosta. Vedremo. Intanto ci si gode la grandezza che \u00e8 stata. &#8220;E tu, che sei una delle parti migliori di me, mi hai regalato i momenti pi\u00f9 emozionanti della mia carriera, mi hai reso un pilota migliore, un ragazzo felice e quanto ci siamo divertiti. La scorsa  stagione \u00e8 stato difficile andare d&#8217;accordo, ci siamo scontrati pi\u00f9 di quello che avremmo voluto e qualcosa ha iniziato a cambiare. Sento la  necessit\u00e0 di ricominciare con una nuova sfida, ma non dimenticher\u00f2 mai quello che siamo stati. Sei parte di me, lo sarai sempre&#8221;, ha continuato ancora Bagnaia. Ducati ha fatto sapere che il loro \u00e8 stato &#8220;un percorso di crescita comune basato sulla fiducia, l&#8217;impegno e il sostegno reciproco che ha riportato nel 2022 il Titolo Piloti a Borgo Panigale a 15 anni di distanza (2007 Stoner, 2022 Bagnaia)&#8221;. Una striscia di vittorie senza precedenti con il secondo alloro nel 2023, 31 vittorie (di cui 11 solo nella stagione 2024), 62 podi e 28 pole position.\u00a0<\/p>\n<p><a class=\"is-partner-link\" href=\"https:\/\/ad.doubleclick.net\/ddm\/trackclk\/N1792338.340088CAIRORCSMEDIAS.P.\/B35025367.439955329;dc_trk_aid=633638278;dc_trk_cid=249314339;dc_dbm_token=%24%7bDC_DBM_TOKEN%7d;dc_lat=;dc_rdid=;tag_for_child_directed_treatment=;tfua=;gdpr=%24%7bGDPR%7d;gdpr_consent=%24%7bGDPR_CONSENT_755%7d;ltd=;dc_tdv=1\" rel=\"nofollow noopener\" target=\"_blank\">Non perderti tutti i Gran Premi di Formula 1\u00ae e MotoGP\u2122 in esclusiva streaming su NOW! Attiva il Pass Sport da 19,99\u20ac al mese.<\/a><\/p>\n<p>    bagnaia-ducati, le parole di domenicali e dall&#8217;igna\u2014 \u00a0<\/p>\n<p class=\"paragraph is-inline\" spellcheck=\"true\">Tra i talenti pi\u00f9 promettenti del vivaio italiano, Pecco approda in Ducati giovanissimo e da rookie in MotoGP nel 2019. &#8220;Un binomio sportivo di successo e dal valore personale altrettanto significativo per un pilota cresciuto sia professionalmente che umanamente dentro i box di Ducati Corse\u201d, dicono. Sincero anche il messaggio di Claudio Domenicali, Ceo Ducati: &#8220;Pecco ha scritto alcune delle pagine pi\u00f9 memorabili della storia di Ducati&#8221;. E ha aggiunto: &#8220;Pecco \u00e8 un grande professionista e una grande persona al di fuori delle competizioni&#8221;. Bello anche il messaggio di Gigi Dall&#8217;Igna, dg di Ducati Corse: &#8220;Pecco \u00e8 uno di quei piloti con cui la scintilla \u00e8 nata subito. Lo abbiamo cercato e voluto da giovanissimo per costruire un progetto intorno a lui. Un ragazzo veloce e soprattutto intelligente&#8221;. E ancora: &#8220;Il profondo legame di affetto reciproco che ci unisce non muter\u00e0 e sar\u00e0 la chiave per gestire al meglio tutte le gare da qui alla fine della stagione e chiudere al meglio questo percorso&#8221;.<\/p>\n<p class=\"is-copyright\">\u00a9 RIPRODUZIONE RISERVATA<\/p>\n","protected":false},"excerpt":{"rendered":"Pecco lascia il team di Borgo Panigale dopo otto stagioni, i Mondiali vinti nel 2022 e 2023 e&hellip;\n","protected":false},"author":3,"featured_media":554175,"comment_status":"","ping_status":"","sticky":false,"template":"","format":"standard","meta":{"footnotes":"","_share_on_mastodon":"0"},"categories":[176],"tags":[5831,305458,3437,3654,16609,5471,2873,43450,7679,40457,8776,3071,10323,3438,69856,3964,108926,5820,1537,90,1599,89,6411,4422,1785,40458,3660,305459,491,3333,3335,8023,305460,5402,988,245,244,577,1567,409,24126],"class_list":["post-554174","post","type-post","status-publish","format-standard","has-post-thumbnail","category-sport","tag-andra","tag-andra-aprilia","tag-aprilia","tag-bagnaia","tag-bagnaia-ducati","tag-bella","tag-bello","tag-binomio","tag-borgo","tag-borgo-panigale","tag-corse","tag-cresciuto","tag-domenicali","tag-ducati","tag-ducati-corse","tag-fianco","tag-giovanissimo","tag-igna","tag-it","tag-italia","tag-italiano","tag-italy","tag-messaggio","tag-mondiali","tag-motogp","tag-panigale","tag-pecco","tag-pecco-scritto","tag-percorso","tag-pilota","tag-piloti","tag-podi","tag-podi-pole","tag-ragazzo","tag-scritto","tag-sport","tag-sports","tag-stagione","tag-storia","tag-ufficiale","tag-vittorie"],"share_on_mastodon":{"url":"https:\/\/pubeurope.com\/@it\/116805655601442496","error":""},"_links":{"self":[{"href":"https:\/\/www.europesays.com\/it\/wp-json\/wp\/v2\/posts\/554174","targetHints":{"allow":["GET"]}}],"collection":[{"href":"https:\/\/www.europesays.com\/it\/wp-json\/wp\/v2\/posts"}],"about":[{"href":"https:\/\/www.europesays.com\/it\/wp-json\/wp\/v2\/types\/post"}],"author":[{"embeddable":true,"href":"https:\/\/www.europesays.com\/it\/wp-json\/wp\/v2\/users\/3"}],"replies":[{"embeddable":true,"href":"https:\/\/www.europesays.com\/it\/wp-json\/wp\/v2\/comments?post=554174"}],"version-history":[{"count":0,"href":"https:\/\/www.europesays.com\/it\/wp-json\/wp\/v2\/posts\/554174\/revisions"}],"wp:featuredmedia":[{"embeddable":true,"href":"https:\/\/www.europesays.com\/it\/wp-json\/wp\/v2\/media\/554175"}],"wp:attachment":[{"href":"https:\/\/www.europesays.com\/it\/wp-json\/wp\/v2\/media?parent=554174"}],"wp:term":[{"taxonomy":"category","embeddable":true,"href":"https:\/\/www.europesays.com\/it\/wp-json\/wp\/v2\/categories?post=554174"},{"taxonomy":"post_tag","embeddable":true,"href":"https:\/\/www.europesays.com\/it\/wp-json\/wp\/v2\/tags?post=554174"}],"curies":[{"name":"wp","href":"https:\/\/api.w.org\/{rel}","templated":true}]}}