{"id":554203,"date":"2026-06-24T15:17:20","date_gmt":"2026-06-24T15:17:20","guid":{"rendered":"https:\/\/www.europesays.com\/it\/554203\/"},"modified":"2026-06-24T15:17:20","modified_gmt":"2026-06-24T15:17:20","slug":"tiziano-ferro-in-concerto-a-napoli-duetta-con-sal-da-vinci-video","status":"publish","type":"post","link":"https:\/\/www.europesays.com\/it\/554203\/","title":{"rendered":"Tiziano Ferro in concerto a Napoli duetta con Sal Da Vinci. VIDEO"},"content":{"rendered":"<p>Lo stadio Diego Armando Maradona ha accolto una delle tappe pi\u00f9 attese dello Stadi 26, il tour con cui <a href=\"https:\/\/tg24.sky.it\/argomenti\/tiziano-ferro\" rel=\"nofollow noopener\" target=\"_blank\">Tiziano Ferro<\/a> celebra i 25 anni di carriera. Momento particolarmente applaudito della serata \u00e8 stato l&#8217;arrivo sul palco di <a href=\"https:\/\/tg24.sky.it\/argomenti\/sal-da-vinci\" rel=\"nofollow noopener\" target=\"_blank\">Sal Da Vinci<\/a>, accolto da una vera ovazione del pubblico napoletano. I due artisti hanno condiviso l&#8217;esecuzione di Il regalo pi\u00f9 grande e Per sempre s\u00ec, regalando uno dei passaggi pi\u00f9 emozionanti del concerto.<\/p>\n<p>Durante lo show nello stadio napoletano Tiziano Ferro ha ripercorso il cammino iniziato con Xdono e rilanciato dal recente album Sono un grande (Deluxe). Davanti a migliaia di spettatori, il cantautore di Latina ha proposto uno spettacolo di oltre due ore che ha attraversato tutte le fasi del suo percorso artistico.<\/p>\n","protected":false},"excerpt":{"rendered":"Lo stadio Diego Armando Maradona ha accolto una delle tappe pi\u00f9 attese dello Stadi 26, il tour con&hellip;\n","protected":false},"author":3,"featured_media":554204,"comment_status":"","ping_status":"","sticky":false,"template":"","format":"standard","meta":{"footnotes":"","_share_on_mastodon":"0"},"categories":[1443],"tags":[203,204,1537,90,89,1538,1539,248,60568,2957,12096],"class_list":["post-554203","post","type-post","status-publish","format-standard","has-post-thumbnail","category-musica","tag-entertainment","tag-intrattenimento","tag-it","tag-italia","tag-italy","tag-music","tag-musica","tag-napoli","tag-sal-da-vinci","tag-stadio","tag-tiziano-ferro"],"share_on_mastodon":{"url":"https:\/\/pubeurope.com\/@it\/116805753187350363","error":""},"_links":{"self":[{"href":"https:\/\/www.europesays.com\/it\/wp-json\/wp\/v2\/posts\/554203","targetHints":{"allow":["GET"]}}],"collection":[{"href":"https:\/\/www.europesays.com\/it\/wp-json\/wp\/v2\/posts"}],"about":[{"href":"https:\/\/www.europesays.com\/it\/wp-json\/wp\/v2\/types\/post"}],"author":[{"embeddable":true,"href":"https:\/\/www.europesays.com\/it\/wp-json\/wp\/v2\/users\/3"}],"replies":[{"embeddable":true,"href":"https:\/\/www.europesays.com\/it\/wp-json\/wp\/v2\/comments?post=554203"}],"version-history":[{"count":0,"href":"https:\/\/www.europesays.com\/it\/wp-json\/wp\/v2\/posts\/554203\/revisions"}],"wp:featuredmedia":[{"embeddable":true,"href":"https:\/\/www.europesays.com\/it\/wp-json\/wp\/v2\/media\/554204"}],"wp:attachment":[{"href":"https:\/\/www.europesays.com\/it\/wp-json\/wp\/v2\/media?parent=554203"}],"wp:term":[{"taxonomy":"category","embeddable":true,"href":"https:\/\/www.europesays.com\/it\/wp-json\/wp\/v2\/categories?post=554203"},{"taxonomy":"post_tag","embeddable":true,"href":"https:\/\/www.europesays.com\/it\/wp-json\/wp\/v2\/tags?post=554203"}],"curies":[{"name":"wp","href":"https:\/\/api.w.org\/{rel}","templated":true}]}}