{"id":554226,"date":"2026-06-24T15:35:16","date_gmt":"2026-06-24T15:35:16","guid":{"rendered":"https:\/\/www.europesays.com\/it\/554226\/"},"modified":"2026-06-24T15:35:16","modified_gmt":"2026-06-24T15:35:16","slug":"piganzoli-va-al-tour-de-france-vetrina-deccezione-dopo-un-ottimo-giro","status":"publish","type":"post","link":"https:\/\/www.europesays.com\/it\/554226\/","title":{"rendered":"Piganzoli va al Tour de France, vetrina d\u2019eccezione dopo un ottimo Giro"},"content":{"rendered":"<p>                <a href=\"https:\/\/www.laprovinciaunicatv.it\/publisher\/sport\/ciclismo\/section\/\" class=\"sondrio-color-text\" alt=\"Ciclismo\" rel=\"nofollow noopener\" target=\"_blank\">Ciclismo<\/a><\/p>\n<p>                    \/<\/p>\n<p>                        <a href=\"https:\/\/www.laprovinciaunicatv.it\/publisher\/morbegno-e-bassa-valle\/section\/\" alt=\"Morbegno e bassa valle\" rel=\"nofollow noopener\" target=\"_blank\">Morbegno e bassa valle<\/a><\/p>\n<p>                        Mercoled\u00ec 24 Giugno 2026<\/p>\n<p class=\"mb-0\">\n            Sar\u00e0 al via con il suo team, la Visma Lease: \u00abFelice e orgoglioso all\u2019arrivo della telefonata\u00bb. Il valtellinese ha appena vinto la Route d\u2019Occitanie\n        <\/p>\n<p>        Lettura 1 min.<\/p>\n<p>                <img decoding=\"async\" width=\"30\" src=\"https:\/\/www.europesays.com\/it\/wp-content\/uploads\/2025\/10\/default_user.png\" alt=\"Andrea Ciaponi\"\/><\/p>\n<p>\n                Andrea Ciaponi\n            <\/p>\n<p>Clamoroso, Davide Piganzoli sar\u00e0 al via del Tour de France 2026. Contrariamente a quanto da lui stesso affermato negli ultimi giorni Piganzoli avr\u00e0 la possibilit\u00e0 di mettersi in evidenza in quella che per prestigio \u00e8 considerata la pi\u00f9 importante corsa a tappe di tre settimane al mondo. A meno di due settimane al via, la sua squadra di appartenenza, il team olandese Visma Lease a Bike \u00e8 stata la prima formazione ad annunciare ufficialmente, ieri pomeriggio nel corso di un evento speciale, gli otto nomi per \u201cLa Grande Boucle\u201d.<\/p>\n<p>Per il morbegnese si tratta del debutto assoluto in carriera al Tour, dopo tre Giri d\u2019Italia consecutivi portati a termine, l\u2019ultimo in ordine di tempo quello di quest\u2019anno chiuso all\u2019ottavo posto in generale. Come nella Corsa Rosa al valtellinese sar\u00e0 assegnato il compito di scortare il capitano Jonas Vingegaard sulle grandi salite e vista la bont\u00e0 del lavoro svolto nell\u2019arco delle tre settimane al Giro i tecnici della Visma Lease a Bike hanno deciso di scommettere sulle sue doti:\u00abSono molto soddisfatto di come sia andato il Giro che ho corso principalmente a supporto di Vingegaard -ha affermato il morbegnese che compir\u00e0 ventiquattro anni il prossimo 8 luglio -, mi sono sentito felice e orgoglioso quando pochi giorni fa ho ricevuto la telefonata dai vertici della squadra i quali mi informavano della possibilit\u00e0 di andare al Tour, una notizia cos\u00ec speciale che ho fatto fatica a rivelare anche in famiglia\u00bb.<\/p>\n<p>Il valtellinese protagonista di un ottimo Giro e vincitore della Route d\u2019Occitanie la scorsa settimana sar\u00e0 uno degli uomini-chiave della Visma Lease a Bike sulle salite, cos\u00ec come Sepp Kuss (altro reduce dal Giro) e Matteo Jorgenson, che potrebbe a sua volta puntare a un buon risultato in classifica. Completano la selezione olandese Victor Campenaerts (gi\u00e0 presente al Giro), Bruno Armirail, il debuttante Per Strand Hagenes ed Edoardo Affini. Saranno dunque due gli italiani nello squadrone olandese, tutti naturalmente al servizio del capitano Vingegaard, a caccia del terzo trionfo al Tour. L\u2019edizione numero 113 del Tour de France scatter\u00e0 da Barcellona il prossimo 4 luglio. Dopo due anni (nel 2024 fu la volta dell\u2019Italia) la Grande Partenza si sposta all\u2019estero.<\/p>\n<p>Confermato l\u2019arrivo a Parigi nella grande vetrina dei Campi Elisi, ancora con Montmartre nel percorso spettacolare dell\u2019ultima tappa. Dalla Catalogna alla capitale francese sar\u00e0 battaglia con le montagne gi\u00e0 protagoniste nelle prime tappe e addirittura un doppio arrivo sull\u2019Alpe d\u2019Huez. Anche Tourmalet e Galibier promettono spettacolo. Cos\u00ec come i partecipanti, un vero parterre de rois del ciclismo contemporaneo: Pogacar, Vingegaard, la giovane stella francese il diciannovenne Seixas, Evenepoel, Pedersen, Van der Poel, Ayuso, Del Toro: tutti insieme per conquistare l\u2019ambitissima maglia gialla.<\/p>\n<p class=\"articolo-riservato\">\n                            \u00a9 RIPRODUZIONE RISERVATA\n                        <\/p>\n","protected":false},"excerpt":{"rendered":"Ciclismo \/ Morbegno e bassa valle Mercoled\u00ec 24 Giugno 2026 Sar\u00e0 al via con il suo team, la&hellip;\n","protected":false},"author":3,"featured_media":554227,"comment_status":"","ping_status":"","sticky":false,"template":"","format":"standard","meta":{"footnotes":"","_share_on_mastodon":"0"},"categories":[1456],"tags":[68845,1824,1825,74344,15702,1537,90,89,1527,143028,40182,245,244,53354],"class_list":["post-554226","post","type-post","status-publish","format-standard","has-post-thumbnail","category-ciclismo","tag-bruno-armirail","tag-ciclismo","tag-cycling","tag-davide-piganzoli","tag-edoardo-affini","tag-it","tag-italia","tag-italy","tag-jonas-vingegaard","tag-matteo-jorgenson","tag-sepp-kuss","tag-sport","tag-sports","tag-visma-lease"],"share_on_mastodon":{"url":"https:\/\/pubeurope.com\/@it\/116805824210464949","error":""},"_links":{"self":[{"href":"https:\/\/www.europesays.com\/it\/wp-json\/wp\/v2\/posts\/554226","targetHints":{"allow":["GET"]}}],"collection":[{"href":"https:\/\/www.europesays.com\/it\/wp-json\/wp\/v2\/posts"}],"about":[{"href":"https:\/\/www.europesays.com\/it\/wp-json\/wp\/v2\/types\/post"}],"author":[{"embeddable":true,"href":"https:\/\/www.europesays.com\/it\/wp-json\/wp\/v2\/users\/3"}],"replies":[{"embeddable":true,"href":"https:\/\/www.europesays.com\/it\/wp-json\/wp\/v2\/comments?post=554226"}],"version-history":[{"count":0,"href":"https:\/\/www.europesays.com\/it\/wp-json\/wp\/v2\/posts\/554226\/revisions"}],"wp:featuredmedia":[{"embeddable":true,"href":"https:\/\/www.europesays.com\/it\/wp-json\/wp\/v2\/media\/554227"}],"wp:attachment":[{"href":"https:\/\/www.europesays.com\/it\/wp-json\/wp\/v2\/media?parent=554226"}],"wp:term":[{"taxonomy":"category","embeddable":true,"href":"https:\/\/www.europesays.com\/it\/wp-json\/wp\/v2\/categories?post=554226"},{"taxonomy":"post_tag","embeddable":true,"href":"https:\/\/www.europesays.com\/it\/wp-json\/wp\/v2\/tags?post=554226"}],"curies":[{"name":"wp","href":"https:\/\/api.w.org\/{rel}","templated":true}]}}