{"id":554505,"date":"2026-06-24T19:52:19","date_gmt":"2026-06-24T19:52:19","guid":{"rendered":"https:\/\/www.europesays.com\/it\/554505\/"},"modified":"2026-06-24T19:52:19","modified_gmt":"2026-06-24T19:52:19","slug":"guido-chiesa-marco-damore-e-greta-scarano-dobbiamo-riconoscere-le-necessita-dellaltro-le-grandi-citta-non-sono-pensate-per-le-persone-vulnerabili","status":"publish","type":"post","link":"https:\/\/www.europesays.com\/it\/554505\/","title":{"rendered":"Guido Chiesa, Marco D&#8217;Amore e Greta Scarano: \u00abDobbiamo riconoscere le necessit\u00e0 dell&#8217;altro. Le grandi citt\u00e0? Non sono pensate per le persone vulnerabili\u00bb"},"content":{"rendered":"<p>&#13;<br \/>\n                               &#13;<br \/>\n                                                &#13;<br \/>\n                &#13;<\/p>\n<p><strong>di Manuela Santacatterina<\/strong><\/p>\n<p>&#13;<br \/>\n&#13;<\/p>\n<p>Ci sono film che, come per magia, ti rapiscono senza il bisogno di \u201curlare\u201d. Basta una buona storia, un regista sensibile e attori in grado di farti emozionare nel profondo. \u00c8 il caso di \u201cPiccolo Miracolo\u201d, film diretto da <strong><a href=\"https:\/\/www.leggo.it\/t\/guido-chiesa\" rel=\"nofollow noopener\" target=\"_blank\">Guido Chiesa<\/a><\/strong> \u2013 in sala dal 25 giugno &#8211; con protagonisti <strong><a href=\"https:\/\/www.leggo.it\/t\/marco-d\" amore=\"\" rel=\"nofollow noopener\" target=\"_blank\">Marco D&#8217;Amore<\/a><\/strong> e <strong><a href=\"https:\/\/www.leggo.it\/t\/greta-scarano\" rel=\"nofollow noopener\" target=\"_blank\">Greta Scarano<\/a><\/strong>, vincitrice come miglior attrice al Taormina Film Festival 2026.<\/p>\n<p>&#13;<br \/>\n&#13;<\/p>\n<p>La trama ruota attorno a Davide Lancia, un ricco quarantenne che deve la sua fortuna al padre, un potente costruttore romano che gli offre l\u2019occasione per dimostrare di che pasta \u00e8 fatto: demolire una palazzina malandata e realizzare al suo posto un edificio di lusso. Ma Davide non sa che l\u00ec vive Ursula, una donna cieca che non intende lasciare il suo appartamento. \u00abC&#8217;era qualcosa nel fatto di essere entrambi dei personaggi che compivano un arco di trasformazione che mi ha attratta\u00bb, spiega Scarano. \u00abInoltre Guido e Nicoletta Micheli, la sceneggiatrice, hanno portato nel film le loro personalit\u00e0 garbate e una pacatezza che sa essere, per\u00f2, anche molto ficcante perch\u00e9 ti permette di dire certe cose\u00bb.<\/p>\n<p>&#13;<br \/>\n&#13;<\/p>\n<p>\u00abGuido ha diretto questo film con la solidit\u00e0 del regista consumato, per\u00f2 anche con un\u2019indeterminatezza che \u00e8 degli uomini giusti, cio\u00e8 di quelli che non impongono il proprio pensiero\u00bb, le fa eco D&#8217;Amore. \u00abLa stessa cosa fa il film e quando questo avviene si demanda all&#8217;intelligenza dello spettatore di compiere il percorso\u00bb.<\/p>\n<p>&#13;<br \/>\n&#13;<\/p>\n<p>\u201cPiccolo Miracolo\u201d cita \u201cHo sceso dandoti il braccio almeno un milione di scale\u201d di Eugenio Montale. <\/p>\n<p>Una poesia d&#8217;amore, ma che parla anche della lucidit\u00e0 di sguardo. La stessa di cui, guardando al mondo che ci circonda, avremmo bisogno? \u00abOggi c\u2019\u00e8 un rumore di fondo di cui qualcuno si approfitta, da un punto di vista economico e sociale, e che non ci aiuta a considerare l&#8217;essenziale\u00bb, riflette Chiesa. \u00abAbbiamo bisogno d&#8217;amore, quello che riconosce le necessit\u00e0 dell\u2019altro. Di conflitti ce ne sono gi\u00e0 troppi\u00bb.&#13;<br \/>\n&#13;<\/p>\n<p>Ursula \u00e8 una donna che non cerca compassione, ma \u00e8 impossibile non provare rabbia nel vederla affrontare ostacoli che noi, quotidianamente, diamo per scontati. \u00abLe grandi citt\u00e0, pi\u00f9 che i piccoli centri, non sono attrezzate ad ospitare persone vulnerabili e in difficolt\u00e0 e ora che sono mamma lo noto di pi\u00f9\u00bb, afferma Scarano. \u00abFare un film come questo invita anche a riflettere e, paradossalmente, ad aprire gli occhi un pochino di pi\u00f9 per vedere gli altri. E se lo facessimo tutti, il mondo sicuramente sarebbe un posto migliore\u00bb.<\/p>\n<p>                                &#13;<br \/>\n                &#13;<br \/>\n&#13;<br \/>\n                Ultimo aggiornamento: mercoled\u00ec 24 giugno 2026, 15:31&#13;<br \/>\n                <br \/>&#13;<br \/>\n                &#13;<br \/>\n                  &#13;<br \/>\n                    &#13;<br \/>\n                        \u00a9 RIPRODUZIONE RISERVATA&#13;<\/p>\n<p>&#13;<\/p>\n<p>                    &#13;<\/p>\n","protected":false},"excerpt":{"rendered":"&#13; &#13; &#13; &#13; di Manuela Santacatterina &#13; &#13; Ci sono film che, come per magia, ti rapiscono&hellip;\n","protected":false},"author":3,"featured_media":554506,"comment_status":"","ping_status":"","sticky":false,"template":"","format":"standard","meta":{"footnotes":"","_share_on_mastodon":"0"},"categories":[1442],"tags":[203,454,12463,305645,204,1537,90,89,199132,1521],"class_list":["post-554505","post","type-post","status-publish","format-standard","has-post-thumbnail","category-film","tag-entertainment","tag-film","tag-greta-scarano","tag-guido-chiesa","tag-intrattenimento","tag-it","tag-italia","tag-italy","tag-marco-d","tag-movies"],"share_on_mastodon":{"url":"https:\/\/pubeurope.com\/@it\/116806834505716031","error":""},"_links":{"self":[{"href":"https:\/\/www.europesays.com\/it\/wp-json\/wp\/v2\/posts\/554505","targetHints":{"allow":["GET"]}}],"collection":[{"href":"https:\/\/www.europesays.com\/it\/wp-json\/wp\/v2\/posts"}],"about":[{"href":"https:\/\/www.europesays.com\/it\/wp-json\/wp\/v2\/types\/post"}],"author":[{"embeddable":true,"href":"https:\/\/www.europesays.com\/it\/wp-json\/wp\/v2\/users\/3"}],"replies":[{"embeddable":true,"href":"https:\/\/www.europesays.com\/it\/wp-json\/wp\/v2\/comments?post=554505"}],"version-history":[{"count":0,"href":"https:\/\/www.europesays.com\/it\/wp-json\/wp\/v2\/posts\/554505\/revisions"}],"wp:featuredmedia":[{"embeddable":true,"href":"https:\/\/www.europesays.com\/it\/wp-json\/wp\/v2\/media\/554506"}],"wp:attachment":[{"href":"https:\/\/www.europesays.com\/it\/wp-json\/wp\/v2\/media?parent=554505"}],"wp:term":[{"taxonomy":"category","embeddable":true,"href":"https:\/\/www.europesays.com\/it\/wp-json\/wp\/v2\/categories?post=554505"},{"taxonomy":"post_tag","embeddable":true,"href":"https:\/\/www.europesays.com\/it\/wp-json\/wp\/v2\/tags?post=554505"}],"curies":[{"name":"wp","href":"https:\/\/api.w.org\/{rel}","templated":true}]}}