{"id":554543,"date":"2026-06-24T20:24:26","date_gmt":"2026-06-24T20:24:26","guid":{"rendered":"https:\/\/www.europesays.com\/it\/554543\/"},"modified":"2026-06-24T20:24:26","modified_gmt":"2026-06-24T20:24:26","slug":"zeekr-7-gt-come-va-la-wagon-che-vuole-mettere-paura-alle-tedesche","status":"publish","type":"post","link":"https:\/\/www.europesays.com\/it\/554543\/","title":{"rendered":"Zeekr 7 GT: come va la Wagon che vuole mettere paura alle tedesche"},"content":{"rendered":"<p>La volont\u00e0 \u00e8 conclamata: entrare all&#8217;interno di una nicchia di mercato che pu\u00f2 essere serenamente considerata come una roccaforte; quella delle auto alto prestazionali con qualit\u00e0 premium. Il tutto, magari, con un prezzo d&#8217;attacco che deve attirare un certo tipo di clientela.\u00a0<\/p>\n<p>Tutto chiaro certo, ma le auto sono oggetti anche e soprattutto di passione. E in un&#8217;epoca di SUV, una station GT da oltre 600 CV di potenza, pu\u00f2 calamitare l&#8217;attenzione. <strong>La Zeekr 7GT<\/strong> \u00e8 proprio questo. Un cavallo di Troia che deve conquistare la fiducia di chi apprezza anche la bella guida in un ambiente di buon livello, con una base tecnica molto interessante: 100 kWh di capacit\u00e0 del pacco batteria, 480 kW di carica massima, piattaforma a 800 volt.<\/p>\n<p>Ok, ma come si comporta su strada? Sono volato fino a Malaga per scoprirlo.<\/p>\n<p class=\"Normale\"><a href=\"#esterni\">Esterni<\/a> | <a href=\"#interni\">Interni<\/a> | <a href=\"#guida\">Guida<\/a> | <a href=\"#prezzo\">Prezzo<\/a> | <a href=\"#procontro\">Pro e contro<\/a><\/p>\n<p><a id=\"esterni\"\/>Zeekr 7 GT: gli esterni<\/p>\n<p>La 7GT \u00e8 una station wagon, ma <strong>Zeekr<\/strong> ha lavorato sulle proporzioni per avvicinarla visivamente a una coup\u00e9 allungata. Il cofano \u00e8 basso, l&#8217;abitacolo arretrato, il tetto scende progressivamente verso la coda: il risultato \u00e8 un profilo GT abbastanza classico nel suo genere, con un&#8217;altezza di soli 1.456 mm e un passo di 2.900 mm.<\/p>\n<p>Al frontale i fari Matrix LED sono sottili e si collegano a una fascia scura che attraversa il muso. La presa d&#8217;aria centrale \u00e8 attiva \u2014 si apre solo quando necessario \u2014 e i sensori anteriori sono integrati nelle superfici senza aperture a vista. Il cofano \u00e8 sagomato a conchiglia per gestire il flusso d&#8217;aria nella parte anteriore.<\/p>\n<p>        <img decoding=\"async\" src=\"https:\/\/www.europesays.com\/it\/wp-content\/uploads\/2025\/07\/16x9-tr.png\" alt=\"Zeekr 7 GT, la prova su strada\" width=\"16\" height=\"9\" loading=\"lazy\"\/><\/p>\n<p>Zeekr 7 GT, la prova su strada<\/p>\n<p>Foto di: Zeekr<\/p>\n<p>Di profilo, la linea del tetto scende in un unico gesto continuo fino allo spoiler posteriore, con un angolo finale di 21 gradi. Le portiere sono senza cornice, il vetro incontra direttamente la carrozzeria. Il coefficiente aerodinamico dichiarato \u00e8 Cx 0,25. I passaruota incidono in alto nella fiancata e accompagnano lo sguardo verso la coda.<\/p>\n<p>Al posteriore una barra luminosa LED a tutta larghezza integra luci, sensori e apertura del bagagliaio in un unico elemento. Lo spoiler a coda d&#8217;anatra e il diffusore inferiore completano la coda. La versione Privilege si riconosce per i cerchi da 20 pollici specifici, il tetto nero a contrasto e le pinze freno arancioni.<br \/>I cerchi sono da 19 o 20 pollici a seconda della versione.<\/p>\n<p>        <img decoding=\"async\" src=\"https:\/\/www.europesays.com\/it\/wp-content\/uploads\/2025\/07\/16x9-tr.png\" alt=\"Zeekr 7 GT, la prova su strada\" width=\"16\" height=\"9\" loading=\"lazy\"\/><\/p>\n<p>Zeekr 7 GT, la prova su strada<\/p>\n<p>Foto Di: Zeekr<\/p>\n<p>        <img decoding=\"async\" src=\"https:\/\/www.europesays.com\/it\/wp-content\/uploads\/2025\/07\/16x9-tr.png\" alt=\"Zeekr 7 GT, la prova su strada\" width=\"16\" height=\"9\" loading=\"lazy\"\/><\/p>\n<p>Zeekr 7 GT, la prova su strada<\/p>\n<p>Foto Di: Zeekr<\/p>\n<p>Zeekr 7GT: le dimensioni<\/p>\n<tr>\n<td style=\"width: 25%;\">Lunghezza<\/td>\n<td style=\"width: 25%;\">Larghezza<\/td>\n<td style=\"width: 25%;\">Altezza<\/td>\n<td style=\"width: 25%;\">Passo<\/td>\n<\/tr>\n<tr>\n<td style=\"width: 25%;\">4,86 metri<\/td>\n<td style=\"width: 25%;\">1,90 metri<\/td>\n<td style=\"width: 25%;\">1,44 metri<\/td>\n<td style=\"width: 25%;\">2,90 metri<\/td>\n<\/tr>\n<p><a id=\"interni\"\/>Zeekr 7 GT: gli interni<\/p>\n<p>La seduta \u00e8 bassa e avvolgente, la console centrale alta \u2014 una configurazione coerente con il tipo di carrozzeria. Il volante a tre razze \u00e8 abbinato a un quadro strumenti digitale da 13 pollici. Il touchscreen centrale OLED \u00e8 da 15 pollici; accanto ci sono comandi fisici per le funzioni pi\u00f9 usate \u2014 clima, riscaldamento sedili, modalit\u00e0 di guida. I tasti sul tunnel sono in metallo con attivazione ammortizzata.<\/p>\n<p>L&#8217;head-up display proietta le informazioni su una superficie equivalente a 35,5 pollici. I sedili anteriori sono regolabili in 12 direzioni e hanno massaggio, riscaldamento e ventilazione di serie. Sotto il touchscreen ci sono due pad di ricarica wireless da 50W e porte USB-C da 60W e 27W.<\/p>\n<p>Dietro, la configurazione \u00e8 2+2. I sedili posteriori sono riscaldati e regolabili elettricamente, con schienale reclinabile fino a 20 gradi. Lo spazio per le gambe \u00e8 di 953 mm. Il tetto panoramico in vetro \u00e8 da 1,73 m\u00b2 e non ha tendina parasole \u2014 il vetro filtra il 99% dei raggi UV.<\/p>\n<p>        <img decoding=\"async\" src=\"https:\/\/www.europesays.com\/it\/wp-content\/uploads\/2025\/07\/16x9-tr.png\" alt=\"Zeekr 7 GT, la prova su strada\" width=\"16\" height=\"9\" loading=\"lazy\"\/><\/p>\n<p>Zeekr 7 GT, la prova su strada<\/p>\n<p>Foto di: Zeekr<\/p>\n<p>Il bagagliaio \u00e8 da 456 litri con tutti i posti occupati, 1.390 litri abbattendo i sedili posteriori, con piano di carico piatto. C&#8217;\u00e8 un vano nascosto sotto il pavimento, una botola passa-sci integrata e un frunk da 65 litri sotto il cofano. L&#8217;impianto audio va dai 10 altoparlanti della versione base ai 23 dello Zeekr Sound Pro da 2.160W, con altoparlanti integrati nei poggiatesta del guidatore.<\/p>\n<p>        <img decoding=\"async\" src=\"https:\/\/www.europesays.com\/it\/wp-content\/uploads\/2025\/07\/16x9-tr.png\" alt=\"Zeekr 7 GT, la prova su strada\" width=\"16\" height=\"9\" loading=\"lazy\"\/><\/p>\n<p>Zeekr 7 GT, la prova su strada<\/p>\n<p>Foto Di: Zeekr<\/p>\n<p>        <img decoding=\"async\" src=\"https:\/\/www.europesays.com\/it\/wp-content\/uploads\/2025\/07\/16x9-tr.png\" alt=\"Zeekr 7 GT, la prova su strada\" width=\"16\" height=\"9\" loading=\"lazy\"\/><\/p>\n<p>Zeekr 7 GT, la prova su strada<\/p>\n<p>Foto Di: Leapmotor<\/p>\n<p><a id=\"guida\"\/>Zeekr 7 GT: la guida<\/p>\n<p>Le strade intorno Malaga, nella zona pi\u00f9 montuosa, sono un ottimo banco di prova per una station del genere. Perch\u00e9 la commistione tra potenza, peso, dinamica, se si vuol andare a impensierire le grandi europee, deve offrire un qualcosa di interessante.\u00a0<\/p>\n<p>Ecco, la Zeekr 7 GT a trazione integrale che abbiamo guidato pesa 2.400 kg: \u00e8 un dato che si percepisce, inevitabilmente, fin dalle prime curve. Chiaro: il pacco batteria da 100 kWh e la trazione integrale portano con s\u00e9 una massa considerevole, che le sospensioni pneumatiche attive gestiscono con uno smorzamento convincente \u2014 adeguato al tipo di vettura, con qualche punto da valutare. E questo lo noto fin dalle prime curve. Perch\u00e9 la 7 GT spinge forte, e non poco.<\/p>\n<p>        <img decoding=\"async\" src=\"https:\/\/www.europesays.com\/it\/wp-content\/uploads\/2025\/07\/16x9-tr.png\" alt=\"Zeekr 7 GT, la prova su strada\" width=\"16\" height=\"9\" loading=\"lazy\"\/><\/p>\n<p>Zeekr 7 GT, la prova su strada<\/p>\n<p>Foto di: Zeekr<\/p>\n<p>Sul piano tecnico, Zeekr ha scelto un doppio braccio oscillante all&#8217;anteriore e un multilink posteriore a cinque bracci: uno schema di ottima levatura. E infatti, in curva l&#8217;inserimento \u00e8 diretto e la velocit\u00e0 di ingresso \u00e8 piacevole.<\/p>\n<p>Il posteriore per\u00f2 tende a seguire con un leggero ritardo, una sensazione che si ripete sistematicamente \u2014 e volutamente &#8211; in percorrenza, si avverte una leggera sfrenatura dietro, un accenno di imbardata che viene ben controllato dall&#8217;elettronica. La conseguenza per\u00f2 \u00e8 anche legata alla fase di uscita dove un po&#8217; di trascinamento\u00a0da parte dell&#8217;anteriore si avverte, con anche un leggero sollevamento. Qui magari, una taratura leggermente differente degli ammortizzatori ad aria avrebbe giovato, ma nulla di cosi impattante.<\/p>\n<p>Certo, ai 711 Nm disponibili di coppia bisogna farci l&#8217;abitudine: affondando il pedale in uscita di curva si sente una spinta iniziale sull&#8217;anteriore, poi il posteriore recupera e subentra. Il tutto richiede un po&#8217; di confidenza. E allora forse, si sarebbe potuto lavorare un minimo sull&#8217;assetto \u2014 angoli, camber, setting del controllo della coppia.<\/p>\n<p>        <img decoding=\"async\" src=\"https:\/\/www.europesays.com\/it\/wp-content\/uploads\/2025\/07\/16x9-tr.png\" alt=\"Zeekr 7 GT, la prova su strada\" width=\"16\" height=\"9\" loading=\"lazy\"\/><\/p>\n<p>Zeekr 7 GT, la prova su strada<\/p>\n<p>Foto di: Zeekr<\/p>\n<p>Molto convincente invece il feeling con\u00a0il pedale dell&#8217;acceleratore, che ha una calibrazione precisa, con una risposta progressiva che non \u00e8 scontata su un&#8217;auto da 646 CV. Il pedale del freno ha mordente, buona modulabilit\u00e0 e un&#8217;escursione contenuta \u2014 tre qualit\u00e0 che su un&#8217;elettrica di questo peso fanno la differenza. La rigenerazione in one pedal drive \u00e8 presente e funziona bene; meno riuscita la sua accessibilit\u00e0, che richiede di navigare nel menu touch invece di avere un comando diretto a portata di mano.<\/p>\n<p>Lo sterzo \u00e8 progressivo e diretto sulle ruote anteriori, con un punto morto centrale che in realt\u00e0 \u00e8 solo la sua progressivit\u00e0. Tiene bene l&#8217;angolo di sterzata in curva. Le quattro modalit\u00e0 di guida \u2014 Comfort, Sport, Eco e Snow \u2014 variano erogazione della potenza e carico al volante. Nella guida quotidiana le differenze tra Comfort e Sport si sentono chiaramente; le altre due sono per contesti specifici.<\/p>\n<p>Il tutto all&#8217;interno di un abitacolo dalla visibilit\u00e0 anteriore buona, cos\u00ec come \u00e8 buona l&#8217;insonorizzazione anche se a 120 km\/h si percepiscono fruscii aerodinamici all&#8217;altezza degli specchietti e delle ruote.<\/p>\n<p>        <img decoding=\"async\" src=\"https:\/\/www.europesays.com\/it\/wp-content\/uploads\/2025\/07\/16x9-tr.png\" alt=\"Zeekr 7 GT, la prova su strada\" width=\"16\" height=\"9\" loading=\"lazy\"\/><\/p>\n<p>Zeekr 7 GT, la prova su strada<\/p>\n<p>Foto di: Zeekr<\/p>\n<p><a id=\"prezzo\"\/>Zeekr 7 GT: i prezzi<\/p>\n<p>La gamma italiana si articola su tre versioni.<\/p>\n<p>La Core parte da 47.500 \u20ac chiavi in mano: batteria LFP da 75 kWh, motore singolo da 310 kW (421 CV), autonomia WLTP dichiarata di 519 km, ricarica DC fino a 450 kW.<\/p>\n<p>La Long Range RWD mantiene lo stesso motore ma monta la batteria NMC da 100 kWh per un&#8217;autonomia WLTP dichiarata di 655 km.<\/p>\n<p>La Privilege AWD aggiunge un secondo motore anteriore da 165 kW: potenza totale 646 CV, 710 Nm di coppia, 0-100 in 3,3 secondi, velocit\u00e0 massima 210 km\/h. Include le sospensioni pneumatiche attive e la ricarica DC fino a 420 kW. All&#8217;esterno si distingue per i cerchi da 20 pollici, il tetto nero e le pinze arancioni.<\/p>\n<p>La garanzia \u00e8 di cinque anni o 100.000 km, estendibile a dieci anni o 200.000 km con manutenzione in rete Zeekr. La batteria \u00e8 coperta separatamente per otto anni o 200.000 km.<\/p>\n<p>Zeekr 7 GT: pro e contro<a id=\"procontro\"\/><\/p>\n<ul class=\"wpc-list wpc-list--pros\">\n<li class=\"wpc-item\">Dinamica di guida soddisfacente<\/li>\n<li class=\"wpc-item\">Qualit\u00e0 percepita a bordo<\/li>\n<li class=\"wpc-item\">Prezzo competitivo per la categoria<\/li>\n<\/ul>\n<ul class=\"wpc-list wpc-list--cons\">\n<li class=\"wpc-item\">Lavoro ammortizzatori a aria migliorabile<\/li>\n<\/ul>\n<p>                            <a href=\"http:\/\/it.motor1.com\/photos\/928129\/zeekr-7-gt-la-prova-su-strada\/#8522294_zeekr-7-gt-la-prova-su-strada\" class=\"msnt-photo-thumb-gallery-main-photo-box\" itemprop=\"image\" itemscope=\"\" itemtype=\"https:\/\/schema.org\/ImageObject\" data-url=\"\/photos\/928129\/zeekr-7-gt-la-prova-su-strada\/#8522294_zeekr-7-gt-la-prova-su-strada\" data-thumb=\"\" data-caption=\"\" data-src=\"\" data-sub-html=\"Zeekr 7 GT, la prova su strada\" data-entity-id=\"8522294\" data-download-url=\"\" rel=\"nofollow noopener\" target=\"_blank\"><\/p>\n<p>                                    <img decoding=\"async\" src=\"https:\/\/www.europesays.com\/it\/wp-content\/uploads\/2025\/07\/16x9-tr.png\" loading=\"lazy\" alt=\"Zeekr 7 GT, la prova su strada\" width=\"16\" height=\"9\"\/><\/p>\n<p>                            <\/a><\/p>\n<p>                                    43                                <\/p>\n<p class=\"comfort-title-large flex gap-spacing-sm-base items-center\">\n<p>\t\tVogliamo la tua opinione!\n\t<\/p>\n<p>Cosa vorresti vedere su Motor1.com?<\/p>\n<p>\t\t<a href=\"https:\/\/it.motor1.com\/survey\/2025\/\" rel=\"nofollow noopener\" target=\"_blank\"><br \/>\n\t\t\tPartecipa al nostro sondaggio di 3 minuti.\t\t<\/a><\/p>\n<p class=\"compact-body-medium\">&#8211; Il team di Motor1.com<\/p>\n","protected":false},"excerpt":{"rendered":"La volont\u00e0 \u00e8 conclamata: entrare all&#8217;interno di una nicchia di mercato che pu\u00f2 essere serenamente considerata come una&hellip;\n","protected":false},"author":3,"featured_media":554544,"comment_status":"","ping_status":"","sticky":false,"template":"","format":"standard","meta":{"footnotes":"","_share_on_mastodon":"0"},"categories":[173],"tags":[1537,90,89,30584,195,198,199,197,200,201,194,196],"class_list":["post-554543","post","type-post","status-publish","format-standard","has-post-thumbnail","category-scienza-e-tecnologia","tag-it","tag-italia","tag-italy","tag-prove-su-strada","tag-science","tag-science-and-technology","tag-scienceandtechnology","tag-scienza","tag-scienza-e-tecnologia","tag-scienzaetecnologia","tag-technology","tag-tecnologia"],"share_on_mastodon":{"url":"https:\/\/pubeurope.com\/@it\/116806960955209363","error":""},"_links":{"self":[{"href":"https:\/\/www.europesays.com\/it\/wp-json\/wp\/v2\/posts\/554543","targetHints":{"allow":["GET"]}}],"collection":[{"href":"https:\/\/www.europesays.com\/it\/wp-json\/wp\/v2\/posts"}],"about":[{"href":"https:\/\/www.europesays.com\/it\/wp-json\/wp\/v2\/types\/post"}],"author":[{"embeddable":true,"href":"https:\/\/www.europesays.com\/it\/wp-json\/wp\/v2\/users\/3"}],"replies":[{"embeddable":true,"href":"https:\/\/www.europesays.com\/it\/wp-json\/wp\/v2\/comments?post=554543"}],"version-history":[{"count":0,"href":"https:\/\/www.europesays.com\/it\/wp-json\/wp\/v2\/posts\/554543\/revisions"}],"wp:featuredmedia":[{"embeddable":true,"href":"https:\/\/www.europesays.com\/it\/wp-json\/wp\/v2\/media\/554544"}],"wp:attachment":[{"href":"https:\/\/www.europesays.com\/it\/wp-json\/wp\/v2\/media?parent=554543"}],"wp:term":[{"taxonomy":"category","embeddable":true,"href":"https:\/\/www.europesays.com\/it\/wp-json\/wp\/v2\/categories?post=554543"},{"taxonomy":"post_tag","embeddable":true,"href":"https:\/\/www.europesays.com\/it\/wp-json\/wp\/v2\/tags?post=554543"}],"curies":[{"name":"wp","href":"https:\/\/api.w.org\/{rel}","templated":true}]}}