{"id":554589,"date":"2026-06-24T21:08:16","date_gmt":"2026-06-24T21:08:16","guid":{"rendered":"https:\/\/www.europesays.com\/it\/554589\/"},"modified":"2026-06-24T21:08:16","modified_gmt":"2026-06-24T21:08:16","slug":"juve-idea-lee-kang-in-del-psg-come-alternativa","status":"publish","type":"post","link":"https:\/\/www.europesays.com\/it\/554589\/","title":{"rendered":"Juve, idea Lee Kang-In del Psg come alternativa"},"content":{"rendered":"<p>                                Nei discorsi con il Psg per Kolo Muani \u00e8 emerso il nome del fantasista sudcoreano, che ha caratteristiche simili al marocchino, ancora non convinto di lasciare il Real Madrid<\/p>\n<p>            <a class=\"image is-50x50\" href=\"https:\/\/www.gazzetta.it\/redazione\/fabio-russo\/\" rel=\"nofollow noopener\" target=\"_blank\"><br \/>\n                <img decoding=\"async\" class=\"is-rounded\" src=\"https:\/\/www.europesays.com\/it\/wp-content\/uploads\/2025\/11\/fabio_russo_avatar.png\" alt=\"Fabio Russo\"\/><br \/>\n            <\/a><\/p>\n<p>Giornalista<\/p>\n<p>                    24 giugno &#8211; 21:37  &#8211; MILANO<\/p>\n<p class=\"paragraph\" spellcheck=\"true\">Occhi sul Mondiale. Non solo nella speranza che i giocatori sul mercato, David e Koopmeiners in primis, si rilancino grazie alle prestazioni con le proprie nazionali, ma pure per osservare da vicino i profili individuati come possibili rinforzi. Il neo ad della Juve, Giovanni Carnevali, <a href=\"https:\/\/www.gazzetta.it\/Calcio\/Calciomercato\/Juventus\/16-06-2026\/juventus-la-missione-mondiale-per-carnevali.shtml?intcmp=hyperlink-articolo-gazit\" title=\"Juve, il pressing a Brahim Diaz e non solo: pronta la missione al Mondiale\" rel=\"nofollow noopener\" target=\"_blank\">ha spedito una rappresentanza di scout bianconeri in Nord-America<\/a> e, primo tra tutti, continua a tenere d&#8217;occhio Brahim Diaz, autore dei due assist a Saibari nelle prime due uscite del Marocco contro Brasile e Scozia. Il fantasista del Real Madrid, per\u00f2, \u00e8 convinto di potersi le sue carte alla corte di Mourinho e non prender\u00e0 una decisione definitiva sul suo futuro prima dell&#8217;estate inoltrata. Cos\u00ec, la Juve prepara un piano-B e, nei discorsi con il Psg, inizia a prendere corpo anche l&#8217;ipotesi di un altro trequartista impegnato al Mondiale: il sudcoreano Lee Kang-In.<\/p>\n<p>    juve-psg, spunta il nome di\u00a0Lee Kang-In\u2014 \u00a0<\/p>\n<p class=\"paragraph is-inline\" spellcheck=\"true\">Da tempo ormai bianconeri e francesi dialogano nel tentativo di raggiungere un accordo per riportare Randal Kolo Muani a Torino. Inizialmente <a href=\"https:\/\/www.gazzetta.it\/Calcio\/Calciomercato\/Juventus\/24-03-2026\/juve-kolo-muani-dice-si-vuole-tornare-il-psg-pensa-allo-scambio-con-david.shtml?intcmp=hyperlink-articolo-gazit\" title=\"Juve, Kolo Muani ha detto s\u00ec: vuole tornare. Il Psg pensa allo scambio con David\" rel=\"nofollow noopener\" target=\"_blank\">si era ipotizzato uno scambio con Jonathan David<\/a>, che a Parigi ritroverebbe quel ds, Luis Campos, che lo scopr\u00ec portandolo dal Genk al Lilla. Poi, \u00e8 emerso <a href=\"https:\/\/www.gazzetta.it\/Calcio\/Calciomercato\/Juventus\/24-06-2026\/juventus-thuram-porta-goretzka-l-intreccio-di-mercato-con-il-psg.shtml?intcmp=hyperlink-articolo-gazit\" title=\"Thuram piace al Psg? La Juve si rituffa su Goretzka. L&#039;intreccio di mercato\" rel=\"nofollow noopener\" target=\"_blank\">l&#8217;interesse dei parigini per Khephren Thuram<\/a>, uno dei giocatori indicati come possibili sacrifici necessari dalla Juve, quindi le trattative si sono arenate di fronte alla richiesta di un trasferimento dell&#8217;attaccante francese a titolo definitivo per circa 40 milioni, con i bianconeri fermi a un&#8217;ipotesi di prestito oneroso con obbligo di riscatto. Parallelamente, per\u00f2, \u00e8 emerso appunto il nome del sudcoreano, che presenta le caratteristiche richieste da Spalletti per occupare la casella al centro della trequarti.\u00a0<\/p>\n<p><a class=\"is-partner-link\" href=\"https:\/\/abbonamenti.gazzetta.it\/de-promo-mondiali\/?pwcmp=cta&amp;forceBrowser=true\" rel=\"nofollow noopener\" target=\"_blank\">Gazzetta Mondiale: ogni notte un\u2019edizione straordinaria esclusiva. Non perdertela, abbonati a 1\u20ac\/mese!<\/a><\/p>\n<p>    chi \u00e8\u00a0Lee Kang-In, fantasista del psg\u2014 \u00a0<\/p>\n<p class=\"paragraph is-inline\" spellcheck=\"true\">Classe 2001, Lee Kang-In ha fatto parlare di s\u00e9 in patria fin da ragazzino, quando\u00a0divenne famoso grazie a un reality, &#8220;Fly Shoot Dori&#8221;, basato su giovani promesse del calcio allenate da varie celebrit\u00e0. A soli 10 anni, poi, il fantasista si era trasferito al Valencia, arrivando a debuttare in prima squadra a soli 17 anni. Passato al Maiorca, da svincolato, nel 2021, il Psg nel 2023 ha investito 22 milioni per acquistarlo. Brevilineo, ma solido, mancino capace di disimpegnarsi anche sulla fascia destra, a piede invertito, nell&#8217;ultima stagione sotto la guida di Luis Enrique ha giocato appena 1843&#8242;, totalizzando 4 gol e 5 assist. Anche ai Mondiali ha partecipato a una marcatura della sua nazionale, imbucando un pallone dalla trequarti in profondit\u00e0 per Hwang\u00a0In-beom al 67&#8242; della sfida contro la Repubblica Ceca. Rispetto a Brahim Diaz, di due anni pi\u00f9 anziano, il sudcoreano paga chiaramente un gap di esperienza internazionale, ha la stessa capacit\u00e0 di difendere palla grazie a un fisico robusto nonostante il baricentro basso, tende a condurre meno palla del marocchino, ma spicca per capacit\u00e0 di crossare. Su di lui c&#8217;\u00e8 anche l&#8217;Atletico Madrid, che sarebbe pronto ad offrire 25 milioni. La Juve, intanto, lo osserva e riflette.\u00a0<\/p>\n<p class=\"is-copyright\">\u00a9 RIPRODUZIONE RISERVATA<\/p>\n","protected":false},"excerpt":{"rendered":"Nei discorsi con il Psg per Kolo Muani \u00e8 emerso il nome del fantasista sudcoreano, che ha caratteristiche&hellip;\n","protected":false},"author":3,"featured_media":554590,"comment_status":"","ping_status":"","sticky":false,"template":"","format":"standard","meta":{"footnotes":"","_share_on_mastodon":"0"},"categories":[1452],"tags":[8235,585,89436,89437,721,1039,23885,26944,12418,18350,85303,305674,52570,42334,1740,3412,2460,1537,90,89,565,120032,572,573,10644,295159,21518,5382,24710,1353,576,1693,1890,305675,3171,17211,14393,11377,1739,245,244,179268],"class_list":["post-554589","post","type-post","status-publish","format-standard","has-post-thumbnail","category-calcio","tag-assist","tag-bianconeri","tag-brahim","tag-brahim-diaz","tag-calcio","tag-capacita","tag-caratteristiche","tag-convinto","tag-david","tag-diaz","tag-discorsi","tag-discorsi-psg","tag-emerso","tag-fantasista","tag-football","tag-giocatori","tag-ipotesi","tag-it","tag-italia","tag-italy","tag-juve","tag-kang","tag-kolo","tag-kolo-muani","tag-lee","tag-lee-kang","tag-luis","tag-madrid","tag-marocchino","tag-mondiale","tag-muani","tag-nome","tag-occhi","tag-occhi-mondiale","tag-palla","tag-possibili","tag-psg","tag-real","tag-soccer","tag-sport","tag-sports","tag-sudcoreano"],"share_on_mastodon":{"url":"https:\/\/pubeurope.com\/@it\/116807133861165445","error":""},"_links":{"self":[{"href":"https:\/\/www.europesays.com\/it\/wp-json\/wp\/v2\/posts\/554589","targetHints":{"allow":["GET"]}}],"collection":[{"href":"https:\/\/www.europesays.com\/it\/wp-json\/wp\/v2\/posts"}],"about":[{"href":"https:\/\/www.europesays.com\/it\/wp-json\/wp\/v2\/types\/post"}],"author":[{"embeddable":true,"href":"https:\/\/www.europesays.com\/it\/wp-json\/wp\/v2\/users\/3"}],"replies":[{"embeddable":true,"href":"https:\/\/www.europesays.com\/it\/wp-json\/wp\/v2\/comments?post=554589"}],"version-history":[{"count":0,"href":"https:\/\/www.europesays.com\/it\/wp-json\/wp\/v2\/posts\/554589\/revisions"}],"wp:featuredmedia":[{"embeddable":true,"href":"https:\/\/www.europesays.com\/it\/wp-json\/wp\/v2\/media\/554590"}],"wp:attachment":[{"href":"https:\/\/www.europesays.com\/it\/wp-json\/wp\/v2\/media?parent=554589"}],"wp:term":[{"taxonomy":"category","embeddable":true,"href":"https:\/\/www.europesays.com\/it\/wp-json\/wp\/v2\/categories?post=554589"},{"taxonomy":"post_tag","embeddable":true,"href":"https:\/\/www.europesays.com\/it\/wp-json\/wp\/v2\/tags?post=554589"}],"curies":[{"name":"wp","href":"https:\/\/api.w.org\/{rel}","templated":true}]}}