{"id":554648,"date":"2026-06-24T22:02:24","date_gmt":"2026-06-24T22:02:24","guid":{"rendered":"https:\/\/www.europesays.com\/it\/554648\/"},"modified":"2026-06-24T22:02:24","modified_gmt":"2026-06-24T22:02:24","slug":"basket-seconda-squadra-a-roma-matiasic-compra-brescia-e-la-sposta-nella-capitale","status":"publish","type":"post","link":"https:\/\/www.europesays.com\/it\/554648\/","title":{"rendered":"Basket, seconda squadra a Roma: Matiasic compra Brescia e la sposta nella Capitale"},"content":{"rendered":"<p>                                Dopo la cordata con la stella dei Lakers e Donnie Nelson, il gruppo che fa capo all&#8217;attuale presidente di Trieste raddoppia con un altro club nella Capitale: ha tempo fino a marted\u00ec per trasferire la sede prendendo i diritti da Brescia<\/p>\n<p>            <a class=\"image is-50x50\" href=\"https:\/\/www.gazzetta.it\/redazione\/giuseppe-nigro\/\" rel=\"nofollow noopener\" target=\"_blank\"><br \/>\n                <img decoding=\"async\" class=\"is-rounded\" src=\"https:\/\/www.europesays.com\/it\/wp-content\/uploads\/2026\/05\/giuseppe-nigro_avatar.png\" alt=\"Giuseppe Nigro\"\/><br \/>\n            <\/a><\/p>\n<p>Giornalista<\/p>\n<p>                    24 giugno 2026 (modifica alle 20:12)  &#8211; MILANO<\/p>\n<p class=\"paragraph\" spellcheck=\"true\">Questione di poche ore, pochi giorni e sar\u00e0 realt\u00e0 la seconda squadra di Serie A nella Capitale. Non solo il Roma Basketball Club di Donnie Nelson e Luka Doncic, domani in citt\u00e0 per un giro di incontri con le autorit\u00e0 e per ragioni di sponsor, ma non per la presentazione del progetto che \u00e8  attesa pi\u00f9 avanti. Pronta allo sbarco una seconda realt\u00e0 che fa capo alla cordata guidata da Paul Matiasic, attuale proprietario di Trieste, che per\u00f2 per l\u2019operazione user\u00e0 come veicolo un altro club, Brescia. Secondo quanto risulta, era attesa gi\u00e0 nella giornata di ieri, e dunque in queste ore, una domanda di trasferimento della Pallacanestro Brescia a Roma, come quella gi\u00e0 arrivata mesi fa in Federazione per lo spostamento di Cremona a Roma dell\u2019altro club capitolino. Una volta arrivato il documento, a stretto giro &#8211; gi\u00e0 venerd\u00ec, oppure luned\u00ec -, \u00e8 verosimile aspettarsi la convocazione di un analogo consiglio federale straordinario chiamato a ratificare il trasferimento. Tempi stretti: entro venerd\u00ec la presentazione in Lega delle domande di ammissione al campionato, con una finestra fino a marted\u00ec per comunicare il trasferimento di sede. In mezzo l\u2019assemblea di Lega di luned\u00ec che approver\u00e0 la lista delle partecipanti alla Serie A da inviare in Federazione per stilare la composizione dei campionati a inizio luglio.\u00a0<\/p>\n<p>        Da chiarire\u2014 \u00a0<\/p>\n<p class=\"paragraph\" spellcheck=\"true\">Fin qui i fatti, clamorosi. Nelle prossime ore andr\u00e0 definita la cornice, a partire dai termini dell\u2019accordo tra Matiasic e Mauro Ferrari, proprietario di Brescia. Prima di tutto la sorte di Trieste (che per problemi col Comune pensa a Gorizia come prossima sede di gioco): un proprietario non pu\u00f2 avere due club nello stesso campionato e negli ultimi giorni era avanzata l\u2019ipotesi di cessione all\u2019ex proprietario, gi\u00e0 socio di Matiasic, Richard De Meo. Poi il destino di Brescia: prima di intonare il de profundis della realt\u00e0 finalista un anno fa, quest\u2019anno a lungo prima in classifica, nelle triangolazioni ipotizzate nelle scorse settimane si era parlato dell\u2019acquisizione di un altro diritto\u201d compensativo\u201d per non far sparire il basket in citt\u00e0. Gi\u00e0, settimane perch\u00e9 gi\u00e0 durante la semifinale con Milano Ferrari aveva smentito alla Gazzetta la possibilit\u00e0 di cessione a Matiasic, pochi giorni dopo la serie di quarti proprio con Trieste in cui era stato perfezionato il contatto tra i due.\u00a0<\/p>\n<p><a class=\"is-partner-link\" href=\"https:\/\/abbonamenti.gazzetta.it\/de-promo-mondiali\/?pwcmp=cta&amp;forceBrowser=true\" rel=\"nofollow noopener\" target=\"_blank\">Gazzetta Mondiale: ogni notte un\u2019edizione straordinaria esclusiva. Non perdertela, abbonati a 1\u20ac\/mese!<\/a><\/p>\n<p>        Insolito\u2014 \u00a0<\/p>\n<p class=\"paragraph\" spellcheck=\"true\">Nel frattempo a Brescia c\u2019\u00e8 stato un insolito azzeramento del cda, con uscita della presidentessa Bragaglio, lo stesso cda evocato nel comunicato di \u201cnon smentita\u201d con cui Ferrari aveva risposto alle voci di cessione. E insolita \u00e8 stata la richiesta di iscrizione alla Champions League: non solo perch\u00e9 all\u2019ultimo tuffo, ma perch\u00e9 Brescia per scelta da anni non fa le coppe, e lo aveva ribadito per la prossima stagione. L\u2019arrivo last minute di questa domanda e di quella di Trieste, l\u2019altra porta che Matiasic si era tenuto aperta, hanno costretto Fiba Europe a prendersi un po\u2019 di tempo per analizzarle. Per questo il board di ieri ha fatto slittare l\u2019annuncio delle partecipanti alla BCL, a cui mancherebbero solo i nomi delle italiane: ci sarebbero Reggio Emilia pi\u00f9 Varese probabilmente dai preliminari. E poi la terza squadra: secondo quanto risulta, non sar\u00e0 un problema che una richiesta di partecipazione per Brescia sia \u201cutilizzata\u201d altrove se nel frattempo la squadra sar\u00e0 trasferita in altra sede. Tipo a Roma. La Capitale mancava dal massimo campionato dal ritiro della Virtus nel dicembre 2020: ora avr\u00e0 addirittura un derby.<\/p>\n<p class=\"is-copyright\">\u00a9 RIPRODUZIONE RISERVATA<\/p>\n","protected":false},"excerpt":{"rendered":"Dopo la cordata con la stella dei Lakers e Donnie Nelson, il gruppo che fa capo all&#8217;attuale presidente&hellip;\n","protected":false},"author":3,"featured_media":554649,"comment_status":"","ping_status":"","sticky":false,"template":"","format":"standard","meta":{"footnotes":"","_share_on_mastodon":"0"},"categories":[1453],"tags":[2537,1963,1756,1757,6073,1856,392,777,1415,571,554,94206,277,2341,305691,206064,5260,368,3369,305692,1537,90,89,109,1691,1427,298527,53413,27259,2466,98,3789,17921,3969,987,1328,1821,245,244,1857,8527,6687],"class_list":["post-554648","post","type-post","status-publish","format-standard","has-post-thumbnail","category-basket","tag-altra","tag-attuale","tag-basket","tag-basketball","tag-brescia","tag-campionato","tag-capitale","tag-capo","tag-cda","tag-cessione","tag-club","tag-cordata","tag-de","tag-domanda","tag-donnie","tag-donnie-nelson","tag-federazione","tag-ferrari","tag-giro","tag-insolito","tag-it","tag-italia","tag-italy","tag-lega","tag-lunedi","tag-martedi","tag-matiasic","tag-nelson","tag-partecipanti","tag-pochi","tag-porta","tag-presentazione","tag-proprietario","tag-realta","tag-roma","tag-sede","tag-serie","tag-sport","tag-sports","tag-squadra","tag-trasferimento","tag-trieste"],"share_on_mastodon":{"url":"https:\/\/pubeurope.com\/@it\/116807346204678788","error":""},"_links":{"self":[{"href":"https:\/\/www.europesays.com\/it\/wp-json\/wp\/v2\/posts\/554648","targetHints":{"allow":["GET"]}}],"collection":[{"href":"https:\/\/www.europesays.com\/it\/wp-json\/wp\/v2\/posts"}],"about":[{"href":"https:\/\/www.europesays.com\/it\/wp-json\/wp\/v2\/types\/post"}],"author":[{"embeddable":true,"href":"https:\/\/www.europesays.com\/it\/wp-json\/wp\/v2\/users\/3"}],"replies":[{"embeddable":true,"href":"https:\/\/www.europesays.com\/it\/wp-json\/wp\/v2\/comments?post=554648"}],"version-history":[{"count":0,"href":"https:\/\/www.europesays.com\/it\/wp-json\/wp\/v2\/posts\/554648\/revisions"}],"wp:featuredmedia":[{"embeddable":true,"href":"https:\/\/www.europesays.com\/it\/wp-json\/wp\/v2\/media\/554649"}],"wp:attachment":[{"href":"https:\/\/www.europesays.com\/it\/wp-json\/wp\/v2\/media?parent=554648"}],"wp:term":[{"taxonomy":"category","embeddable":true,"href":"https:\/\/www.europesays.com\/it\/wp-json\/wp\/v2\/categories?post=554648"},{"taxonomy":"post_tag","embeddable":true,"href":"https:\/\/www.europesays.com\/it\/wp-json\/wp\/v2\/tags?post=554648"}],"curies":[{"name":"wp","href":"https:\/\/api.w.org\/{rel}","templated":true}]}}