{"id":554805,"date":"2026-06-25T00:11:23","date_gmt":"2026-06-25T00:11:23","guid":{"rendered":"https:\/\/www.europesays.com\/it\/554805\/"},"modified":"2026-06-25T00:11:23","modified_gmt":"2026-06-25T00:11:23","slug":"il-mondovi-volley-ha-un-nuovo-libero","status":"publish","type":"post","link":"https:\/\/www.europesays.com\/it\/554805\/","title":{"rendered":"Il Mondov\u00ec Volley ha un nuovo libero"},"content":{"rendered":"<p class=\"isSelectedEnd\">Il <strong>Mondov\u00ec Volley<\/strong> mette a segno un altro colpo per la stagione 2026\/27 annunciando l<strong>&#8216;arrivo di Michelle Gueli<\/strong>, libero classe 2004 che porta in rossobl\u00f9 esperienza, personalit\u00e0 e una profonda conoscenza della categoria.<\/p>\n<p class=\"isSelectedEnd\">Cresciuta nel settore giovanile del <strong>Pinerolo<\/strong>, Gueli ha completato l&#8217;intera trafila fino all&#8217;approdo in prima squadra, esordendo in <strong>Serie A2<\/strong> nella stagione 2020\/21. L&#8217;anno successivo ha contribuito alla storica promozione del club in <strong>Serie A1<\/strong>, categoria nella quale ha debuttato nel campionato seguente. Nel <strong>2023\/24 ha vestito la maglia di Montecchio in A2<\/strong>, mentre nelle ultime due stagioni \u00e8 stata protagonista in Serie B1 con Libellula Bra e Aosta, confermandosi tra i profili pi\u00f9 affidabili del panorama piemontese nel proprio ruolo.<\/p>\n<p class=\"isSelectedEnd\"><img loading=\"lazy\" decoding=\"async\" src=\"https:\/\/www.europesays.com\/it\/wp-content\/uploads\/2026\/06\/gueli_mondovi_volley.jpg_2-1782294622344.jpg\" alt=\"\" width=\"1200\" height=\"798\"\/><\/p>\n<p class=\"isSelectedEnd\">Soddisfatto il <strong>direttore sportivo Max Rubado<\/strong>, che conosce bene la nuova arrivata: <\/p>\n<blockquote><p>&#13;<\/p>\n<p class=\"isSelectedEnd\">\u00abAbbiamo incontrato Michelle pi\u00f9 volte da avversaria in A2, prima con Pinerolo e poi con Montecchio. La grinta \u00e8 la sua caratteristica principale, una qualit\u00e0 che porta sempre in campo. Per lei sar\u00e0 una stagione importante, l&#8217;occasione per rilanciarsi dopo un&#8217;annata non semplice ad Aosta. La nostra scelta \u00e8 ricaduta su di lei non solo per le qualit\u00e0 tecniche, ma anche per quelle umane: \u00e8 una ragazza seria, determinata e desiderosa di dimostrare il proprio valore\u00bb.<\/p>\n<p>&#13;\n<\/p><\/blockquote>\n<p class=\"isSelectedEnd\">Entusiasta anche la giocatrice, che conosce bene l&#8217;ambiente monregalese: <\/p>\n<blockquote><p>&#13;<\/p>\n<p class=\"isSelectedEnd\">\u00abMondov\u00ec \u00e8 una realt\u00e0 che ho sempre seguito da vicino. Le sfide tra Pinerolo e Mondov\u00ec sono sempre state partite sentite e combattute. Sono molto felice di entrare a far parte di una societ\u00e0 che ha vissuto palcoscenici importanti e sono convinta che ci sia la volont\u00e0 di riportare il club ai livelli che gli competono\u00bb.<\/p>\n<p>&#13;\n<\/p><\/blockquote>\n<p>Con l&#8217;ingaggio di Michelle Gueli, il Mondov\u00ec Volley aggiunge cos\u00ec al proprio roster un tassello di esperienza, affidabilit\u00e0 e carattere, elementi fondamentali nella costruzione della squadra che affronter\u00e0 il prossimo campionato.<\/p>\n","protected":false},"excerpt":{"rendered":"Il Mondov\u00ec Volley mette a segno un altro colpo per la stagione 2026\/27 annunciando l&#8216;arrivo di Michelle Gueli,&hellip;\n","protected":false},"author":3,"featured_media":554806,"comment_status":"","ping_status":"","sticky":false,"template":"","format":"standard","meta":{"footnotes":"","_share_on_mastodon":"0"},"categories":[1474],"tags":[5401,1537,90,89,305867,290888,305866,3010,8599,119012,39263,18406,4338,245,244,1869],"class_list":["post-554805","post","type-post","status-publish","format-standard","has-post-thumbnail","category-volley","tag-aosta","tag-it","tag-italia","tag-italy","tag-libellula-bra","tag-max-rubado","tag-michelle-gueli","tag-mondovi","tag-mondovi-volley","tag-montecchio","tag-pinerolo","tag-serie-a1","tag-serie-a2","tag-sport","tag-sports","tag-volley"],"share_on_mastodon":{"url":"https:\/\/pubeurope.com\/@it\/116807852846451352","error":""},"_links":{"self":[{"href":"https:\/\/www.europesays.com\/it\/wp-json\/wp\/v2\/posts\/554805","targetHints":{"allow":["GET"]}}],"collection":[{"href":"https:\/\/www.europesays.com\/it\/wp-json\/wp\/v2\/posts"}],"about":[{"href":"https:\/\/www.europesays.com\/it\/wp-json\/wp\/v2\/types\/post"}],"author":[{"embeddable":true,"href":"https:\/\/www.europesays.com\/it\/wp-json\/wp\/v2\/users\/3"}],"replies":[{"embeddable":true,"href":"https:\/\/www.europesays.com\/it\/wp-json\/wp\/v2\/comments?post=554805"}],"version-history":[{"count":0,"href":"https:\/\/www.europesays.com\/it\/wp-json\/wp\/v2\/posts\/554805\/revisions"}],"wp:featuredmedia":[{"embeddable":true,"href":"https:\/\/www.europesays.com\/it\/wp-json\/wp\/v2\/media\/554806"}],"wp:attachment":[{"href":"https:\/\/www.europesays.com\/it\/wp-json\/wp\/v2\/media?parent=554805"}],"wp:term":[{"taxonomy":"category","embeddable":true,"href":"https:\/\/www.europesays.com\/it\/wp-json\/wp\/v2\/categories?post=554805"},{"taxonomy":"post_tag","embeddable":true,"href":"https:\/\/www.europesays.com\/it\/wp-json\/wp\/v2\/tags?post=554805"}],"curies":[{"name":"wp","href":"https:\/\/api.w.org\/{rel}","templated":true}]}}