{"id":554989,"date":"2026-06-25T04:05:34","date_gmt":"2026-06-25T04:05:34","guid":{"rendered":"https:\/\/www.europesays.com\/it\/554989\/"},"modified":"2026-06-25T04:05:34","modified_gmt":"2026-06-25T04:05:34","slug":"con-accade-destate-si-torna-a-cenare-sul-ponte-delle-torri","status":"publish","type":"post","link":"https:\/\/www.europesays.com\/it\/554989\/","title":{"rendered":"Con &#8216;Accade d&#8217;estate&#8217; si torna a cenare sul Ponte delle Torri"},"content":{"rendered":"<p class=\"sottotitolo\">Presentato il cartellone della manifestazione che animer\u00e0 la citt\u00e0 dal 18 luglio al 21 settembre. Rilancio per la Casina dell&#8217;Ippocastano, in scena l&#8217;attore di &#8216;Don Matteo&#8217; Eugenio Mastrandrea<\/p>\n<p>\u00a0<\/p>\n<p>\t\t\t\t\t\t\t\t<a href=\"https:\/\/spoletonline.com\/adv-1467-StudioDentisticoMari\" target=\"_blank\" rel=\"nofollow noopener\"><br \/>\n                                    <img decoding=\"async\" class=\"desk\" title=\"Studio Dentistico Mari\" alt=\"Studio Dentistico Mari\" src=\"https:\/\/www.europesays.com\/it\/wp-content\/uploads\/2026\/06\/1467_MariBanner2.jpg\"\/><br \/>\n                                    <img decoding=\"async\" class=\"phone\" title=\"Studio Dentistico Mari\" alt=\"Studio Dentistico Mari\" src=\"https:\/\/www.europesays.com\/it\/wp-content\/uploads\/2026\/06\/1467_phone_MariBanner2.jpg\"\/><\/a><\/p>\n<p>\t\t\t\t\t\t\t\t<a href=\"https:\/\/spoletonline.com\/adv-1576-INGIEnergia\" target=\"_blank\" rel=\"nofollow noopener\"><br \/>\n                                    <img decoding=\"async\" class=\"desk\" title=\"INGI Energia\" alt=\"INGI Energia\" src=\"https:\/\/www.europesays.com\/it\/wp-content\/uploads\/2026\/06\/1576_BannerINGI670x100.jpg\"\/><br \/>\n                                    <img decoding=\"async\" class=\"phone\" title=\"INGI Energia\" alt=\"INGI Energia\" src=\"https:\/\/www.europesays.com\/it\/wp-content\/uploads\/2026\/06\/1576_phone_BannerINGI670x100.jpg\"\/><\/a><\/p>\n<p class=\"p1\">Presentato ufficialmente il programma di \u201cAccade d\u2019Estate a Spoleto e nei Borghi\u201d, organizzato dal Comune in collaborazione con le associazioni e istituzioni della citt\u00e0. Alla conferenza erano presenti il sindaco Andrea Sisti, gli assessori Danilo Chiodetti e Giovanni Angelini Paroli, la dottoressa Roberta Farinelli del Dipartimento Cultura e l\u2019attore Eugenio Mastrandrea, interprete del capitano dei carabinieri Diego Martini nella fiction &#8220;Don Matteo&#8221;.<\/p>\n<p>&#13;<\/p>\n<p class=\"p1\">Subito ha preso la parola l\u2019assessore Chiodetti, che ha sottolineato il senso del titolo: includere frazioni e periferie nella vita culturale cittadina e con puntualit\u00e0 ha esposto il programma. Il sindaco Sisti ha ripercorso il cammino compiuto. \u201cGi\u00e0 cinque anni fa, quando presentammo \u2018Accade a Spoleto\u2019 a Palazzo Collicola, puntavamo sui borghi. Oggi siamo all\u2019edizione completa. Stiamo trattando tutta la comunit\u00e0 allo stesso modo, perch\u00e9 tutti abbiano le stesse opportunit\u00e0 culturali e materiali\u201d. Tra gli appuntamenti pi\u00f9 attesi, \u201cPseudolus\u201d di Plauto con Mastrandrea il 19 e 21 luglio. Il 18 luglio il consueto Premio Cristian Panetto \u201cGiovani Talenti sul Palco\u201d, con un ragazzo che gi\u00e0 compone musica a soli dodici anni. Il programma spazia poi tra gruppi folkloristici, dj set e incontri sulle erbe spontanee.<\/p>\n<p>&#13;<\/p>\n<p class=\"p1\">Il presidente della Pro Loco Gianni Burli ha annunciato il rilancio della Casina dell\u2019Ippocastano con 11 iniziative tra musica e libri. Clou il 15 agosto: mostra di pittura, musica degli Apaches e la tradizionale Grande Tombola di Ferragosto, con un cartellone centenario. Sempre importante la presenza del teatro lirico sperimentale che arricchisce la stagione estiva con una serie di spettacoli dal 6 agosto al 28 settembre, confermando ancora una volta Spoleto come punto di riferimento per la lirica e la formazione dei giovani talenti.<\/p>\n<p>&#13;<\/p>\n<p class=\"p1\">Sul fronte enogastronomico, l\u2019assessore Angelini Paroli ha annunciato &#8220;le notti del vino&#8221; con suggestiva cena sul Ponte\u00a0 del 18 luglio e \u201cSpoleto Saporito\u201d il 3 settembre, dedicato alle eccellenze locali: \u201cQuesta amministrazione garantisce quasi 365 giorni di eventi che tutti ci invidiano. Invito la citt\u00e0 a gonfiarsi il petto e sentirsi orgogliosa di quello che \u00e8&#8221;.<\/p>\n<p class=\"categoria\" style=\"color: black; text-align: center\">Fai una donazione a Spoletonline per aiutare il nostro progetto<\/p>\n<p><\/p>\n","protected":false},"excerpt":{"rendered":"Presentato il cartellone della manifestazione che animer\u00e0 la citt\u00e0 dal 18 luglio al 21 settembre. Rilancio per la&hellip;\n","protected":false},"author":3,"featured_media":554990,"comment_status":"","ping_status":"","sticky":false,"template":"","format":"standard","meta":{"footnotes":"","_share_on_mastodon":"0"},"categories":[174],"tags":[52278,34042,52270,203,52273,52275,52282,52274,4820,204,1537,90,89,52279,7,52272,52281,4056,980,9601,52276,52269,52277,52280,28253,52271],"class_list":["post-554989","post","type-post","status-publish","format-standard","has-post-thumbnail","category-intrattenimento","tag-arte-a-spoleto","tag-cascia","tag-cronaca-di-spoleto","tag-entertainment","tag-festival-dei-due-mondi","tag-francis-menotti","tag-galleria-civica-d","tag-giancarlo-menotti","tag-giornale","tag-intrattenimento","tag-it","tag-italia","tag-italy","tag-musica-a-spoleto","tag-news","tag-norcia","tag-notizie-di-spoleto","tag-perugia","tag-quotidiano","tag-spoleto","tag-spoleto-festival","tag-spoleto-online","tag-teatro-a-spoleto","tag-teatro-lirico-sperimentale-di-spoleto","tag-umbria","tag-valnerina"],"share_on_mastodon":{"url":"https:\/\/pubeurope.com\/@it\/116808773580922447","error":""},"_links":{"self":[{"href":"https:\/\/www.europesays.com\/it\/wp-json\/wp\/v2\/posts\/554989","targetHints":{"allow":["GET"]}}],"collection":[{"href":"https:\/\/www.europesays.com\/it\/wp-json\/wp\/v2\/posts"}],"about":[{"href":"https:\/\/www.europesays.com\/it\/wp-json\/wp\/v2\/types\/post"}],"author":[{"embeddable":true,"href":"https:\/\/www.europesays.com\/it\/wp-json\/wp\/v2\/users\/3"}],"replies":[{"embeddable":true,"href":"https:\/\/www.europesays.com\/it\/wp-json\/wp\/v2\/comments?post=554989"}],"version-history":[{"count":0,"href":"https:\/\/www.europesays.com\/it\/wp-json\/wp\/v2\/posts\/554989\/revisions"}],"wp:featuredmedia":[{"embeddable":true,"href":"https:\/\/www.europesays.com\/it\/wp-json\/wp\/v2\/media\/554990"}],"wp:attachment":[{"href":"https:\/\/www.europesays.com\/it\/wp-json\/wp\/v2\/media?parent=554989"}],"wp:term":[{"taxonomy":"category","embeddable":true,"href":"https:\/\/www.europesays.com\/it\/wp-json\/wp\/v2\/categories?post=554989"},{"taxonomy":"post_tag","embeddable":true,"href":"https:\/\/www.europesays.com\/it\/wp-json\/wp\/v2\/tags?post=554989"}],"curies":[{"name":"wp","href":"https:\/\/api.w.org\/{rel}","templated":true}]}}